{"id":403070,"date":"2025-09-19T19:30:17","date_gmt":"2025-09-19T19:30:17","guid":{"rendered":"https:\/\/www.europesays.com\/fr\/403070\/"},"modified":"2025-09-19T19:30:17","modified_gmt":"2025-09-19T19:30:17","slug":"jadore-laure-boulleau-avec-un-marseillais-cest-valide","status":"publish","type":"post","link":"https:\/\/www.europesays.com\/fr\/403070\/","title":{"rendered":"\u00abJ&rsquo;adore\u00bb : Laure Boulleau avec un Marseillais, c&rsquo;est valid\u00e9 !"},"content":{"rendered":"<p>                    Arthur Montagne<br \/>\n                        &#8211;<\/p>\n<p>Journaliste<\/p>\n<p>Affam\u00e9 de sport, il a grandi au son des moteurs de Formule 1 et des exploits de Ronaldinho. Aujourd\u2019hui, diplom\u00e9 d&rsquo;un Master de journalisme de sport, il ne rate plus un Grand Prix de F1 ni un match du PSG, ses deux passions et sp\u00e9cialit\u00e9s<\/p>\n<p class=\"heading\">Ces derniers jours, Canal+ a renforc\u00e9 son \u00e9quipe de consultants pour la Ligue des champions en attirant Steve Mandanda, fraichement retrait\u00e9. Un tr\u00e8s joli coup pour la cha\u00een\u00e9 crypt\u00e9e comme s&rsquo;en r\u00e9jouit Laure Boulleau, toujours heureuse de travailler avec des Marseillais, elle qui c\u00f4toie d\u00e9j\u00e0 Samir Nasri.<\/p>\n<p>Alors que l&rsquo;<strong>OM<\/strong> fait son retour en Ligue des champions, <strong>Canal+<\/strong>, diffuseur exclusif de la comp\u00e9tition, a annonc\u00e9 l&rsquo;arriv\u00e9e d&rsquo;une l\u00e9gende du club phoc\u00e9en sur ses antennes. En effet, <a href=\"https:\/\/le10sport.com\/football\/surprise-canal-soffre-un-champion-du-monde-758101\" target=\"_blank\" rel=\"noopener\">Steve Mandanda<\/a> devient consultant de la cha\u00eene crypt\u00e9e et sera pr\u00e9sent sur le plateau du Canal Champions Club les soirs de match de l&rsquo;<strong>OM<\/strong>. De quoi r\u00e9jouir <strong>Laure Boulleau<\/strong>.<\/p>\n<p>                                            Laure Boulleau s&rsquo;enflamme pour l&rsquo;arriv\u00e9e de Steve Mandanda<\/p>\n<p>\u00ab C\u2019est trop bien ! On est tr\u00e8s heureux de l\u2019accueillir. C\u2019est une super recrue et c\u2019est toujours bien d\u2019avoir des consultants sur des postes diff\u00e9rents. Gardien de but, \u00e7a apporte un vrai truc en plus dans l\u2019expertise. C\u2019est un tout jeune retrait\u00e9 qui a un v\u00e9cu et une exp\u00e9rience du haut niveau \u00e9normes \u00bb, se r\u00e9jouit-elle dans une interview accord\u00e9e \u00e0 TvMag avant de poursuivre.<\/p>\n<p>                                            \u00abC\u2019est trop bien ! On est tr\u00e8s heureux de l\u2019accueillir\u00bb<\/p>\n<p>\u00ab Avec Samir Nasri, \u00e7a fait deux anciens de l\u2019OM et \u00e7a r\u00e9\u00e9quilibre avec David Ginola et moi, c\u00f4t\u00e9 PSG ! On soutient chacun notre club mais on se respecte beaucoup. D\u2019ailleurs, j\u2019adore travailler avec des Marseillais \u00bb, ajoute<strong> Laure Boulleau<\/strong>.<\/p>\n","protected":false},"excerpt":{"rendered":"Arthur Montagne &#8211; Journaliste Affam\u00e9 de sport, il a grandi au son des moteurs de Formule 1 et&hellip;\n","protected":false},"author":2,"featured_media":403071,"comment_status":"","ping_status":"","sticky":false,"template":"","format":"standard","meta":{"footnotes":""},"categories":[1412],"tags":[1451,1452,1453,1454,1455,1011,27,60],"class_list":{"0":"post-403070","1":"post","2":"type-post","3":"status-publish","4":"format-standard","5":"has-post-thumbnail","7":"category-f1","8":"tag-f1","9":"tag-formula-1","10":"tag-formula1","11":"tag-formule-1","12":"tag-formule1","13":"tag-fr","14":"tag-france","15":"tag-sports"},"share_on_mastodon":{"url":"https:\/\/pubeurope.com\/@fr\/115232625349371319","error":""},"_links":{"self":[{"href":"https:\/\/www.europesays.com\/fr\/wp-json\/wp\/v2\/posts\/403070","targetHints":{"allow":["GET"]}}],"collection":[{"href":"https:\/\/www.europesays.com\/fr\/wp-json\/wp\/v2\/posts"}],"about":[{"href":"https:\/\/www.europesays.com\/fr\/wp-json\/wp\/v2\/types\/post"}],"author":[{"embeddable":true,"href":"https:\/\/www.europesays.com\/fr\/wp-json\/wp\/v2\/users\/2"}],"replies":[{"embeddable":true,"href":"https:\/\/www.europesays.com\/fr\/wp-json\/wp\/v2\/comments?post=403070"}],"version-history":[{"count":0,"href":"https:\/\/www.europesays.com\/fr\/wp-json\/wp\/v2\/posts\/403070\/revisions"}],"wp:featuredmedia":[{"embeddable":true,"href":"https:\/\/www.europesays.com\/fr\/wp-json\/wp\/v2\/media\/403071"}],"wp:attachment":[{"href":"https:\/\/www.europesays.com\/fr\/wp-json\/wp\/v2\/media?parent=403070"}],"wp:term":[{"taxonomy":"category","embeddable":true,"href":"https:\/\/www.europesays.com\/fr\/wp-json\/wp\/v2\/categories?post=403070"},{"taxonomy":"post_tag","embeddable":true,"href":"https:\/\/www.europesays.com\/fr\/wp-json\/wp\/v2\/tags?post=403070"}],"curies":[{"name":"wp","href":"https:\/\/api.w.org\/{rel}","templated":true}]}}