{"id":403088,"date":"2025-09-19T19:41:09","date_gmt":"2025-09-19T19:41:09","guid":{"rendered":"https:\/\/www.europesays.com\/fr\/403088\/"},"modified":"2025-09-19T19:41:09","modified_gmt":"2025-09-19T19:41:09","slug":"faut-il-craindre-une-nouvelle-vague","status":"publish","type":"post","link":"https:\/\/www.europesays.com\/fr\/403088\/","title":{"rendered":"faut-il craindre une nouvelle vague\u00a0?"},"content":{"rendered":"<p>            Par<br \/>\n        <strong><br \/>\n            <a href=\"https:\/\/actu.fr\/auteur\/sophie-vincelot-actu-fr\" title=\"Consulter tous les articles de Sophie Vincelot\" target=\"_blank\" rel=\"noopener\">Sophie Vincelot<\/a><br \/>\n        <\/strong><\/p>\n<p>        Publi\u00e9 le<\/p>\n<p>            19 sept. 2025 \u00e0 18h28        <\/p>\n<p>On l\u2019avait presque oubli\u00e9. Il reste pourtant toujours tapi dans l\u2019ombre, pr\u00eat \u00e0 ressurgir. On parle bien \u00e9videmment du <a href=\"https:\/\/actu.fr\/tag\/coronavirus-covid\" target=\"_blank\" rel=\"noopener\">Covid-19<\/a>, qui a fait son grand retour <a href=\"https:\/\/actu.fr\/societe\/covid-19-une-reprise-de-l-epidemie-se-confirme-en-france-juste-avant-la-rentree-scolaire_63090689.html\" target=\"_blank\" rel=\"noopener\">juste avant la rentr\u00e9e scolaire<\/a>. Et depuis plusieurs semaines, les cas se multiplient.\u00a0<\/p>\n<p class=\" wall-content\">D\u00e9but septembre, les <a href=\"https:\/\/www.santepubliquefrance.fr\/surveillance-syndromique-sursaud-R\/documents\/bulletin-national\/2025\/bulletin-national-d-information-oscour-du-2-septembre-2025\" target=\"_blank\" rel=\"noopener\">donn\u00e9es de Sant\u00e9 publique France, <\/a>qui concernent la derni\u00e8re semaine d\u2019ao\u00fbt, ont fait \u00e9tat d\u2019une augmentation du nombre de passages aux urgences, notamment en raison d\u2019une suspicion d\u2019infection au Covid-19. On comptait +20% de passages chez les moins de 15 ans et +12% chez les 5-74 ans, sur une semaine.\u00a0<\/p>\n<p class=\" wall-content\">Plus r\u00e9cemment, le <a href=\"https:\/\/www.sentiweb.fr\/document\/6662\" target=\"_blank\" rel=\"noopener\">dernier bulletin de surveillance \u00e9pid\u00e9miologique<\/a> du r\u00e9seau Sentinelles a d\u00e9voil\u00e9 un <strong>taux d\u2019incidence en hausse<\/strong> sur la semaine du 8 au 14 septembre 2025, en France hexagonale.<\/p>\n<p class=\" wall-content\">\u00ab\u00a0La semaine derni\u00e8re, le taux d\u2019incidence des cas de Covid-19 vus en m\u00e9decine g\u00e9n\u00e9rale parmi les patients consultant pour une IRA [infection respiratoire aig\u00fce, ndlr] a \u00e9t\u00e9 estim\u00e9 \u00e0 39 cas pour 100 000 habitants, soit 26 053 nouveaux cas\u00a0\u00bb, note la plateforme de surveillance \u00e9pid\u00e9miologique et de recherche en m\u00e9decine g\u00e9n\u00e9rale.\u00a0<\/p>\n<p>Des niveaux inf\u00e9rieurs \u00e0 l\u2019ann\u00e9e derni\u00e8re ?\u00a0<\/p>\n<p class=\" wall-content\">Une progression qui devrait se poursuivre \u00ab\u00a0\u00e0 un <strong>rythme exponentiel<\/strong>\u00ab\u00a0, r\u00e9v\u00e8le Antoine Flahault, professeur de sant\u00e9 publique \u00e0 l\u2019universit\u00e9 de Gen\u00e8ve, contact\u00e9 par actu.fr. Certains territoires, comme la Normandie, connaissent d\u2019ailleurs un \u00ab\u00a0d\u00e9but de nouvelle vague \u00e9pid\u00e9mique\u00a0\u00bb, souligne <a href=\"https:\/\/www.santepubliquefrance.fr\/regions\/normandie\/documents\/bulletin-regional\/2025\/surveillance-sanitaire-en-normandie.-bulletin-du-17-septembre-2025\" target=\"_blank\" rel=\"noopener\">Sant\u00e9 publique France<\/a>.\u00a0<\/p>\n<p class=\" wall-content\">Cette reprise ne devrait toutefois pas atteindre les m\u00eames niveaux que les ann\u00e9es pr\u00e9c\u00e9dentes, m\u00eame s\u2019il est toujours difficile d\u2019anticiper l\u2019intensit\u00e9 d\u2019une \u00e9pid\u00e9mie de Covid-19.<\/p>\n<blockquote class=\"ac-article-quote wall-content\">\n<p>Les niveaux de circulation du Covid restent \u00e0 ce jour inf\u00e9rieurs \u00e0 ceux des pics recens\u00e9s l&rsquo;an dernier et sont sans commune mesure avec ceux des premi\u00e8res vagues de la pand\u00e9mie. <\/p>\n<p>    <strong>Antoine Flahault<\/strong><br \/>\n        Professeur de sant\u00e9 publique \u00e0 l&rsquo;universit\u00e9 de Gen\u00e8ve    <\/p><\/blockquote>\n<p class=\" wall-content\">De quoi rassurer les plus anxieux, m\u00eame si les risques de complications, certes rares, sont toujours pr\u00e9sents. Avec le variant XFG, actuellement en circulation en Am\u00e9rique du Nord et en Europe, \u00ab\u00a0les <strong>complications s\u00e9v\u00e8res [\u2026] peuvent survenir<\/strong> chez les personnes dont l\u2019immunit\u00e9 est d\u00e9faillante\u00a0\u00bb, signale Antoine Flahault. Vigilance donc pour les patients \u00e2g\u00e9s, les nourrissons, les femmes enceintes, ainsi que les personnes immunod\u00e9prim\u00e9es.\u00a0<\/p>\n<p>Votre r\u00e9gion, votre actu !<\/p>\n<p>Recevez chaque jour les infos qui comptent pour vous.<\/p>\n<p>\t<a href=\"https:\/\/actu.fr\/newsletter\" class=\"ac-btn ac-btn--corner ac-btn--medium ac-btn--blue800\" target=\"_blank\" rel=\"noopener\">S&rsquo;incrire<\/a><\/p>\n<p class=\" wall-content\"><strong>Un nouveau variant<\/strong><\/p>\n<p class=\" wall-content\">Toutefois, comment expliquer ce regain ? Le <strong>variant XFG<\/strong>, nouvelle souche issue d\u2019Omicron, \u00ab\u00a0est si contagieux qu\u2019il se propage dans le monde m\u00eame au c\u0153ur de l\u2019\u00e9t\u00e9\u00a0\u00bb, ajoute le directeur de l\u2019Institut de sant\u00e9 globale \u00e0 la facult\u00e9 de m\u00e9decine de l\u2019universit\u00e9 de Gen\u00e8ve. A priori, les sympt\u00f4mes rapport\u00e9s ne sont pas diff\u00e9rents de ceux que l\u2019on a connu jusqu\u2019ici.\u00a0<\/p>\n<p class=\" wall-content\">Si les variants du SARS-CoV-2, le virus responsable du Covid, continuent d\u2019\u00eatre virulents, leur contagion est \u00e9galement favoris\u00e9e par la saisonnalit\u00e9. La <strong>rentr\u00e9e scolaire reste une p\u00e9riode propice \u00e0 la propagation de virus respiratoires<\/strong>, notamment dans les \u00e9coles et les cr\u00e8ches. Les enfants peuvent s\u2019attarder plusieurs heures dans des lieux confin\u00e9s, parfois bond\u00e9s et mal ventil\u00e9s. Les enfants rapportent ensuite \u00ab\u00a0ces virus dans leur famille et le virus circule rapidement dans toute la communaut\u00e9\u00a0\u00bb.<\/p>\n<blockquote class=\"ac-article-quote wall-content\">\n<p>Il semble que l&rsquo;on se dirige vers une vague qui aura d\u00e9marr\u00e9 \u00e0 la fin de l\u2019\u00e9t\u00e9 et qui pourrait se poursuivre durant tout l\u2019automne jusqu\u2019au d\u00e9but de l\u2019hiver. Ensuite, cette vague s\u2019\u00e9teindra d\u2019elle-m\u00eame, mais il n\u2019est pas possible de pr\u00e9dire quand la suivante lui succ\u00e8dera.<\/p>\n<p>    <strong>Antoine Flahault<\/strong><br \/>\n        Professeur de sant\u00e9 publique \u00e0 l&rsquo;universit\u00e9 de Gen\u00e8ve    <\/p><\/blockquote>\n<p>Faut-il \u00e0 nouveau se faire vacciner ?\u00a0<\/p>\n<p class=\" wall-content\">\u00c0 noter que cette recrudescence intervient plus d\u2019un mois avant la campagne vaccinale, qui commencera le 14 octobre (hors Mayotte) pour le Covid et la grippe. Une date trop tardive selon certains sp\u00e9cialistes, qui appellent \u00e0 revoir le calendrier.\u00a0<\/p>\n<p class=\" wall-content\">Car m\u00eame si les vaccins et leurs rappels n\u2019ont pas permis d\u2019\u00e9liminer le virus, ils<strong> restent tout de m\u00eame \u00ab\u00a0efficaces<\/strong> gr\u00e2ce \u00e0 l\u2019immunit\u00e9 acquise par la population\u00a0\u00bb. \u00ab\u00a0On ne voit plus cet engorgement hospitalier et ces exc\u00e8s de mortalit\u00e9 dans la population g\u00e9n\u00e9rale\u00a0\u00bb, d\u00e9taille Antoine Flahault.\u00a0<\/p>\n<p class=\" wall-content\">En attendant, ce calendrier commun avec la grippe pourra toutefois convaincre les plus fragiles d\u2019obtenir une injection. Il est \u00e9galement conseill\u00e9 de <strong>reprendre le port du masque FFP2<\/strong>, si l\u2019on se trouve dans des int\u00e9rieurs mal ventil\u00e9s. Un geste simple, qui permet de r\u00e9duire consid\u00e9rablement les risques de transmission.\u00a0<\/p>\n<p class=\" wall-content\">Personnalisez votre actualit\u00e9 en ajoutant vos villes et m\u00e9dias en favori avec <a href=\"https:\/\/moncompte.actu.fr\" title=\"D\u00e9couvez Mon Actu\" rel=\"nofollow noopener\" data-trk=\"{&quot;cta&quot;:{&quot;action&quot;:&quot;https:\\\/\\\/moncompte.actu.fr&quot;,&quot;category&quot;:&quot;mon compte&quot;,&quot;from&quot;:&quot;article footer&quot;,&quot;name&quot;:&quot;Mon actu&quot;,&quot;type&quot;:&quot;cta&quot;}}\" target=\"_blank\">Mon Actu<\/a>.<\/p>\n","protected":false},"excerpt":{"rendered":"Par Sophie Vincelot Publi\u00e9 le 19 sept. 2025 \u00e0 18h28 On l\u2019avait presque oubli\u00e9. Il reste pourtant toujours&hellip;\n","protected":false},"author":2,"featured_media":403089,"comment_status":"","ping_status":"","sticky":false,"template":"","format":"standard","meta":{"footnotes":""},"categories":[10],"tags":[4356,4379,4400,1011,27,72,71,104],"class_list":{"0":"post-403088","1":"post","2":"type-post","3":"status-publish","4":"format-standard","5":"has-post-thumbnail","7":"category-sante","8":"tag-coronavirus","9":"tag-coronavirus-covid","10":"tag-covid","11":"tag-fr","12":"tag-france","13":"tag-health","14":"tag-sante","15":"tag-societe"},"share_on_mastodon":{"url":"https:\/\/pubeurope.com\/@fr\/115232668593964062","error":""},"_links":{"self":[{"href":"https:\/\/www.europesays.com\/fr\/wp-json\/wp\/v2\/posts\/403088","targetHints":{"allow":["GET"]}}],"collection":[{"href":"https:\/\/www.europesays.com\/fr\/wp-json\/wp\/v2\/posts"}],"about":[{"href":"https:\/\/www.europesays.com\/fr\/wp-json\/wp\/v2\/types\/post"}],"author":[{"embeddable":true,"href":"https:\/\/www.europesays.com\/fr\/wp-json\/wp\/v2\/users\/2"}],"replies":[{"embeddable":true,"href":"https:\/\/www.europesays.com\/fr\/wp-json\/wp\/v2\/comments?post=403088"}],"version-history":[{"count":0,"href":"https:\/\/www.europesays.com\/fr\/wp-json\/wp\/v2\/posts\/403088\/revisions"}],"wp:featuredmedia":[{"embeddable":true,"href":"https:\/\/www.europesays.com\/fr\/wp-json\/wp\/v2\/media\/403089"}],"wp:attachment":[{"href":"https:\/\/www.europesays.com\/fr\/wp-json\/wp\/v2\/media?parent=403088"}],"wp:term":[{"taxonomy":"category","embeddable":true,"href":"https:\/\/www.europesays.com\/fr\/wp-json\/wp\/v2\/categories?post=403088"},{"taxonomy":"post_tag","embeddable":true,"href":"https:\/\/www.europesays.com\/fr\/wp-json\/wp\/v2\/tags?post=403088"}],"curies":[{"name":"wp","href":"https:\/\/api.w.org\/{rel}","templated":true}]}}