{"id":403094,"date":"2025-09-19T19:44:16","date_gmt":"2025-09-19T19:44:16","guid":{"rendered":"https:\/\/www.europesays.com\/fr\/403094\/"},"modified":"2025-09-19T19:44:16","modified_gmt":"2025-09-19T19:44:16","slug":"la-fusee-reutilisable-de-leurope-franchit-une-grande-etape-et-peut-regarder-elon-musk-dans-les-yeux","status":"publish","type":"post","link":"https:\/\/www.europesays.com\/fr\/403094\/","title":{"rendered":"La fus\u00e9e r\u00e9utilisable de l&rsquo;Europe franchit une grande \u00e9tape et peut regarder Elon Musk dans les yeux"},"content":{"rendered":"<p><img decoding=\"async\" loading=\"lazy\" alt=\"\" width=\"24\" height=\"24\" src=\"https:\/\/www.europesays.com\/fr\/wp-content\/uploads\/2025\/09\/128030_2.png\" class=\"avatar\"\/> Froz1x:<\/p>\n<blockquote>\n<p>La Su\u00e8de, ce n\u2019est pas un peu loin de l\u2019\u00e9quateur ?<\/p>\n<\/blockquote>\n<p>Pour du test et du d\u00e9veloppement, \u00e7a fait le job. Quand \u00e7a entrera en phase commerciale, il en tireront peut-\u00eatre aussi de Kourou, vu qu\u2019ArianeGroup est impliqu\u00e9 dans le projet.<\/p>\n<p>Apr\u00e8s, pour certains cas d\u2019usage commerciaux, \u00e7a peut aussi \u00eatre plus int\u00e9ressant quand m\u00eame de tirer depuis la su\u00e8de, \u00e7a n\u00e9cessitera certes plus de carburant (et encore, pas dans tous les cas, \u00e7a d\u00e9pend de l\u2019orbite voulue pour la charge utile), mais la logistique est plus simple, en particulier s\u2019il s\u2019agit de faire des lancements \u00e0 un rythme \u00e9lev\u00e9.<\/p>\n","protected":false},"excerpt":{"rendered":"Froz1x: La Su\u00e8de, ce n\u2019est pas un peu loin de l\u2019\u00e9quateur ? Pour du test et du d\u00e9veloppement,&hellip;\n","protected":false},"author":2,"featured_media":403095,"comment_status":"","ping_status":"","sticky":false,"template":"","format":"standard","meta":{"footnotes":""},"categories":[7],"tags":[1011,27,43,40,41,39,42,44],"class_list":{"0":"post-403094","1":"post","2":"type-post","3":"status-publish","4":"format-standard","5":"has-post-thumbnail","7":"category-sciences-et-technologies","8":"tag-fr","9":"tag-france","10":"tag-science","11":"tag-science-and-technology","12":"tag-sciences","13":"tag-sciences-et-technologies","14":"tag-technologies","15":"tag-technology"},"share_on_mastodon":{"url":"https:\/\/pubeurope.com\/@fr\/115232680539143325","error":""},"_links":{"self":[{"href":"https:\/\/www.europesays.com\/fr\/wp-json\/wp\/v2\/posts\/403094","targetHints":{"allow":["GET"]}}],"collection":[{"href":"https:\/\/www.europesays.com\/fr\/wp-json\/wp\/v2\/posts"}],"about":[{"href":"https:\/\/www.europesays.com\/fr\/wp-json\/wp\/v2\/types\/post"}],"author":[{"embeddable":true,"href":"https:\/\/www.europesays.com\/fr\/wp-json\/wp\/v2\/users\/2"}],"replies":[{"embeddable":true,"href":"https:\/\/www.europesays.com\/fr\/wp-json\/wp\/v2\/comments?post=403094"}],"version-history":[{"count":0,"href":"https:\/\/www.europesays.com\/fr\/wp-json\/wp\/v2\/posts\/403094\/revisions"}],"wp:featuredmedia":[{"embeddable":true,"href":"https:\/\/www.europesays.com\/fr\/wp-json\/wp\/v2\/media\/403095"}],"wp:attachment":[{"href":"https:\/\/www.europesays.com\/fr\/wp-json\/wp\/v2\/media?parent=403094"}],"wp:term":[{"taxonomy":"category","embeddable":true,"href":"https:\/\/www.europesays.com\/fr\/wp-json\/wp\/v2\/categories?post=403094"},{"taxonomy":"post_tag","embeddable":true,"href":"https:\/\/www.europesays.com\/fr\/wp-json\/wp\/v2\/tags?post=403094"}],"curies":[{"name":"wp","href":"https:\/\/api.w.org\/{rel}","templated":true}]}}