{"id":40310,"date":"2025-04-21T01:38:15","date_gmt":"2025-04-21T01:38:15","guid":{"rendered":"https:\/\/www.europesays.com\/fr\/40310\/"},"modified":"2025-04-21T01:38:15","modified_gmt":"2025-04-21T01:38:15","slug":"rennes-et-dijon-se-donnent-rendez-vous-en-finale-de-la-coupe-gambardella-coupe-gambardella-demies","status":"publish","type":"post","link":"https:\/\/www.europesays.com\/fr\/40310\/","title":{"rendered":"Rennes et Dijon se donnent rendez-vous en finale de la Coupe Gambardella &#8211; Coupe Gambardella &#8211; Demies"},"content":{"rendered":"<p>Direction le Stade de France !<\/p>\n<p>Les deux demi-finales de Coupe Gambardella disput\u00e9es ce dimanche apr\u00e8s-midi en Bourgogne ont accouch\u00e9 de sc\u00e9narios similaires avec deux s\u00e9ances de tirs au but. <strong>D\u2019un c\u00f4t\u00e9, Dijon est parvenu \u00e0 \u00e9liminer le FC Nantes (1-1, 3-2 TAB)<\/strong>, pourtant devant gr\u00e2ce \u00e0 un but d\u2019Alexandre Conti d\u00e8s les premi\u00e8res minutes. Mais malgr\u00e9 la domination des Canaris, Faiss Mahamat Bindi est parvenu \u00e0 \u00e9galiser pour les h\u00f4tes en seconde p\u00e9riode, for\u00e7ant une s\u00e9ance de tirs au but marqu\u00e9e par de nombreux \u00e9checs. Et \u00e0 ce petit jeu-l\u00e0, ce sont les Dijonnais qui s\u2019en sont le mieux sortis (trois \u00e9checs contre quatre pour les Nantais) et se qualifient donc pour la finale.<\/p>\n<p>La loterie sourit \u00e9galement \u00e0 Rennes<\/p>\n<p>Un peu plus au nord-ouest, <strong>Auxerre n\u2019a pas eu la m\u00eame r\u00e9ussite face \u00e0 Rennes (0-0, 2-3 TAB)<\/strong>. Alors que Mohamed Kader Me\u00eft\u00e9, <a target=\"_blank\" href=\"https:\/\/www.sofoot.com\/articles\/ligue-1-rennes-soffre-nantes-dans-le-derby\" rel=\"noopener nofollow\">auteur de son premier but en Ligue 1 vendredi contre\u2026 Nantes,<\/a> a rat\u00e9 un penalty, les deux \u00e9quipes se sont finalement quitt\u00e9es sur un score nul et vierge. Avant de se d\u00e9partager sur un score similaire lors de la s\u00e9ance fatidique, avec notamment trois arr\u00eats du dernier rempart breton, Ayoub Akabou. <strong>Les deux \u00e9quipes se retrouveront donc le 24 mai prochain en lever de rideau de la finale de Coupe de France entre le PSG et Reims, avec l\u2019espoir de\u00a0<\/strong><a target=\"_blank\" href=\"https:\/\/www.sofoot.com\/breves\/lom-fait-exploser-nancy-et-decroche-sa-deuxieme-gambardella\" rel=\"noopener nofollow\"><strong>succ\u00e9der \u00e0 l\u2019OM<\/strong>.<\/a><\/p>\n<p>Aux tirs au but ?<\/p>\n<p>\t\t\t\t\t\t\t\t\t\t<a class=\"lien-connexe\" href=\"https:\/\/www.sofoot.com\/breves\/les-affiches-des-demi-finales-de-la-coupe-gambardella-avec-auxerre-rennes-et-dijon-nantes\" rel=\"nofollow noopener\" target=\"_blank\">Les affiches des demi-finales de la Coupe Gambardella<\/a>\t\t\t\t\t<\/p>\n","protected":false},"excerpt":{"rendered":"Direction le Stade de France ! Les deux demi-finales de Coupe Gambardella disput\u00e9es ce dimanche apr\u00e8s-midi en Bourgogne&hellip;\n","protected":false},"author":2,"featured_media":40311,"comment_status":"","ping_status":"","sticky":false,"template":"","format":"standard","meta":{"footnotes":""},"categories":[2821],"tags":[1111,47,11,61,829,69,65,64,1777,674,63,1011,27,68,66,12,62,70,584,25,67],"class_list":{"0":"post-40310","1":"post","2":"type-post","3":"status-publish","4":"format-standard","5":"has-post-thumbnail","7":"category-rennes","8":"tag-actu","9":"tag-actualite","10":"tag-actualites","11":"tag-actus-football","12":"tag-bretagne","13":"tag-bundesliga","14":"tag-championnats-europeens","15":"tag-equipe-de-france","16":"tag-eu","17":"tag-europe","18":"tag-football","19":"tag-fr","20":"tag-france","21":"tag-ligua","22":"tag-ligue-1","23":"tag-news","24":"tag-news-foot","25":"tag-premier-league","26":"tag-rennes","27":"tag-republique-francaise","28":"tag-serie-a"},"share_on_mastodon":{"url":"https:\/\/pubeurope.com\/@fr\/114373401209679019","error":""},"_links":{"self":[{"href":"https:\/\/www.europesays.com\/fr\/wp-json\/wp\/v2\/posts\/40310","targetHints":{"allow":["GET"]}}],"collection":[{"href":"https:\/\/www.europesays.com\/fr\/wp-json\/wp\/v2\/posts"}],"about":[{"href":"https:\/\/www.europesays.com\/fr\/wp-json\/wp\/v2\/types\/post"}],"author":[{"embeddable":true,"href":"https:\/\/www.europesays.com\/fr\/wp-json\/wp\/v2\/users\/2"}],"replies":[{"embeddable":true,"href":"https:\/\/www.europesays.com\/fr\/wp-json\/wp\/v2\/comments?post=40310"}],"version-history":[{"count":0,"href":"https:\/\/www.europesays.com\/fr\/wp-json\/wp\/v2\/posts\/40310\/revisions"}],"wp:featuredmedia":[{"embeddable":true,"href":"https:\/\/www.europesays.com\/fr\/wp-json\/wp\/v2\/media\/40311"}],"wp:attachment":[{"href":"https:\/\/www.europesays.com\/fr\/wp-json\/wp\/v2\/media?parent=40310"}],"wp:term":[{"taxonomy":"category","embeddable":true,"href":"https:\/\/www.europesays.com\/fr\/wp-json\/wp\/v2\/categories?post=40310"},{"taxonomy":"post_tag","embeddable":true,"href":"https:\/\/www.europesays.com\/fr\/wp-json\/wp\/v2\/tags?post=40310"}],"curies":[{"name":"wp","href":"https:\/\/api.w.org\/{rel}","templated":true}]}}