{"id":403106,"date":"2025-09-19T19:50:33","date_gmt":"2025-09-19T19:50:33","guid":{"rendered":"https:\/\/www.europesays.com\/fr\/403106\/"},"modified":"2025-09-19T19:50:33","modified_gmt":"2025-09-19T19:50:33","slug":"chronologie-dune-affaire-hors-norme-jugee-a-partir-de-lundi","status":"publish","type":"post","link":"https:\/\/www.europesays.com\/fr\/403106\/","title":{"rendered":"Chronologie d&rsquo;une affaire hors norme jug\u00e9e \u00e0 partir de lundi"},"content":{"rendered":"<p class=\"is-style-chapo\">Lundi 22 septembre s\u2019ouvrira le proc\u00e8s dit du chantage \u00e0 la mairie de Saint-Etienne devant la 17e\u00a0chambre correctionnelle du Tribunal judiciaire de Lyon. Alors que cette d\u00e9cision de justice pourrait avoir des cons\u00e9quences sur les Municipales \u00e0 Saint-Etienne, retour sur trois ans d\u2019une affaire hors norme.<\/p>\n<p>23 mai 2022<\/p>\n<p>Apr\u00e8s avoir renonc\u00e9 \u00e0 se pr\u00e9senter aux l\u00e9gislatives au d\u00e9but du mois, <a href=\"https:\/\/www.if-saint-etienne.fr\/breves\/saint-etienne-gilles-artigues-demissionne-de-son-poste-de-1er-adjoint\" target=\"_blank\" rel=\"noreferrer noopener\">Gilles Artigues<\/a>, 1er adjoint au maire de Saint-Etienne, d\u00e9missionne de son poste. Face \u00e0 l\u2019\u00e9tonnement de la presse, il d\u00e9clare vouloir reprendre une activit\u00e9 professionnelle et consid\u00e8re ne pas pouvoir tout faire. Il pr\u00e9cise conserver ses autres fonctions et qu\u2019il continuer \u00e0 si\u00e9ger au conseil municipal. Lors de cette annonce, Ga\u00ebl Perdriau, maire de Saint-Etienne et pr\u00e9sident de Saint-Etienne M\u00e9tropole, n\u2019avait pas manqu\u00e9 de rendre hommage \u00e0 son 1er adjoint\u2026 <strong>\u00ab<\/strong>\u00a0Je respecte \u00e9videmment cette d\u00e9cision. Quand on atteint ce niveau de responsabilit\u00e9s, c\u2019est un engagement de tous les instants, avec des cons\u00e9quences professionnelles et familiales. C\u2019est une page qui se tourne sous ce sch\u00e9ma.\u00a0\u00bb<\/p>\n<p><img loading=\"lazy\" decoding=\"async\" width=\"1024\" height=\"576\" src=\"https:\/\/www.if-saint-etienne.fr\/wp-content\/uploads\/2024\/04\/Conseil-municipal-1024x576.webp\" alt=\"\" class=\"wp-image-70502\"  \/>\u00a9JT\/ If Saint-Etienne<\/p>\n<p>26 ao\u00fbt 2022<\/p>\n<p>Coup de tonnerre en cette fin d\u2019\u00e9t\u00e9 \u00e0 Saint-Etienne. <a href=\"https:\/\/www.mediapart.fr\/journal\/france\/260822\/sexe-chantage-et-video-l-odieux-complot\" target=\"_blank\" rel=\"noreferrer noopener\">Mediapart<\/a> publie un article intitul\u00e9 \u00ab\u00a0Sexe, chantage et vid\u00e9o\u00a0: l\u2019odieux complot\u00a0\u00bb, et r\u00e9v\u00e8le l\u2019existence d\u2019un chantage \u00e0 la mairie de Saint-Etienne, sur l\u2019ex 1er adjoint du maire, Gilles Artigues. Pierre Gauttieri, \u00e0 l\u2019\u00e9poque directeur de cabinet, Ga\u00ebl Perdriau, Samy Kefi-J\u00e9r\u00f4me, alors adjoint \u00e0 l\u2019\u00e9ducation, et son ex conjoint, Gilles Rossary-Lenglet, feraient chanter Gilles Artigues depuis huit ans. Le scandale est arriv\u00e9 par Gilles Rossary-Lenglet, pourtant mis en cause dans cette affaire, qui a lui-m\u00eame inform\u00e9 un journaliste de Mediapart. <\/p>\n<p>\u00a0Il r\u00e9v\u00e8le l\u2019existence d\u2019une vid\u00e9o intime qui aurait \u00e9t\u00e9 tourn\u00e9e dans une chambre d\u2019h\u00f4tel \u00e0 Paris en janvier 2015, dans laquelle l\u2019ex 1er adjoint aurait \u00e9t\u00e9 film\u00e9 \u00e0 son insu, lors d\u2019un massage par un escort boy. Des captures d\u2019\u00e9cran de la vid\u00e9o sont publi\u00e9es par le journal en ligne, sur lesquelles on aper\u00e7oit Samy K\u00e9fi-J\u00e9r\u00f4me, Gilles Artigues, et un troisi\u00e8me homme. Cette \u00ab\u00a0assurance vie\u00a0\u00bb, comme elle sera nomm\u00e9e plus tard par l\u2019un des accus\u00e9s, aurait \u00e9t\u00e9 mise en place pour s\u2019assurer de la loyaut\u00e9 du 1er adjoint, et \u00e9viter qu\u2019il prenne position contre le maire.<\/p>\n<p>Autre affaire dans l\u2019affaire, Gilles Rossary-Lenglet et Samy K\u00e9fi-J\u00e9r\u00f4me auraient \u00e9t\u00e9 r\u00e9mun\u00e9r\u00e9s pour l\u2019ex\u00e9cution du \u00ab\u00a0<a href=\"https:\/\/www.if-saint-etienne.fr\/politique\/gilles-rossary-lenglet-ce-sont-gael-perdriau-et-pierre-gauttieri-qui-ont-fait-la-commande\" target=\"_blank\" rel=\"noreferrer noopener\">barbouzage<\/a>\u00a0\u00bb que leur aurait command\u00e9 Pierre Gauttieri et Ga\u00ebl Perdriau. Ces sommes auraient transit\u00e9 via des subventions accord\u00e9es \u00e0 des associations, pour un total de 50 000 euros d\u2019argent public.<\/p>\n<p>27 ao\u00fbt 2022<\/p>\n<p>La R\u00e9gion suspend la d\u00e9l\u00e9gation de Samy K\u00e9fi-J\u00e9r\u00f4me, qui ne sera plus vu au conseil r\u00e9gional \u00e0 partir d\u2019octobre, tout en continuant de <a href=\"https:\/\/www.if-saint-etienne.fr\/politique-societe\/malgre-son-absence-samy-kefi-jerome-continue-de-toucher-des-indemnites-de-la-region\" target=\"_blank\" rel=\"noreferrer noopener\">percevoir<\/a> une partie de ses indemnit\u00e9s, comme la loi l\u2019y autorise. Au m\u00eame moment, la presse interroge le maire lors de la c\u00e9r\u00e9monie de lib\u00e9ration de Saint-Etienne. Confus, il d\u00e9clare qu\u2019il s\u2019agit de \u00ab\u00a0sujets d\u2019ordre intime, priv\u00e9s, qui n\u2019ont aucun lien avec la vie politique\u00a0\u00bb. Il ajoute qu\u2019il se r\u00e9serve le droit de porter plainte contre Mediapart, et avance des doutes quant \u00e0 l\u2019existence de la vid\u00e9o. \u00ab\u00a0Quand bien m\u00eame il existerait, il prouverait quoi d\u2019autre que l\u2019orientation sexuelle de Gilles Artigues ? Ce qui rel\u00e8ve de la vie priv\u00e9e\u00a0\u00bb. Une journaliste du Progr\u00e8s l\u2019interroge alors. Comment peut-il savoir que son adjoint est en pr\u00e9sence d\u2019un autre homme s\u2019il n\u2019a pas connaissance de la vid\u00e9o\u00a0? \u00ab\u00a0Je ne sais pas s\u2019il s\u2019agit d\u2019un autre homme, je ne sais pas s\u2019il s\u2019agit d\u2019un gang bang ou d\u2019une partouze. \u00c0 ce stade, je ne connais ni les m\u0153urs des personnes cit\u00e9es, ni ce qu\u2019il s\u2019est pass\u00e9 dans cette soir\u00e9e \u00bb.<\/p>\n<p><img loading=\"lazy\" decoding=\"async\" width=\"1024\" height=\"576\" src=\"https:\/\/www.europesays.com\/fr\/wp-content\/uploads\/2025\/04\/20230530_122043h-1024x576.jpg\" alt=\"La mairie de Saint-Etienne. \u00a9If Saint-Etienne \/ Xavier Alix\" class=\"wp-image-76583\"  \/>\u00a9If Saint-Etienne \/ Xavier Alix<\/p>\n<p>29 ao\u00fbt 2022<\/p>\n<p>Gilles Artigues porte plainte, par la voix de son avocat Me <a href=\"https:\/\/www.if-saint-etienne.fr\/immobilier-vie-juridique\/andre-buffard-ministre-ou-clochard-les-moteurs-sont-les-memes-largent-le-sexe-le-pouvoir\" target=\"_blank\" rel=\"noreferrer noopener\">Andr\u00e9 Buffard<\/a> pour guet-apens en bande organis\u00e9e, chantage aggrav\u00e9 et menaces, non-d\u00e9nonciation de d\u00e9lit ou crime et d\u00e9tournement de fonds publics. Le lendemain, on apprend que l\u2019affaire sera instruite \u00e0 Lyon sur instruction de la procureure g\u00e9n\u00e9rale de la Cour d\u2019appel de Lyon, dans le but d\u2019\u00e9viter tout conflit d\u2019int\u00e9r\u00eat. Une enqu\u00eate pr\u00e9liminaire est confi\u00e9e \u00e0 la police judiciaire.<\/p>\n<p>12 septembre 2022<\/p>\n<p><a href=\"https:\/\/www.mediapart.fr\/journal\/france\/120922\/sextape-de-saint-etienne-des-enregistrements-du-maire-prouvent-un-chantage-mafieux\" target=\"_blank\" rel=\"noreferrer noopener\">Mediapart<\/a> publie un article dans lequel il diffuse de nouveaux enregistrements sonores des protagonistes de l\u2019affaire, dans lesquels Pierre Gauttieri assure notamment fonctionner \u00ab\u00a0exactement comme peut fonctionner un criminel. De la m\u00eame mani\u00e8re. Je n\u2019ai aucune foi, ni loi \u00bb. Alors que Gilles Artigues enregistre, il remet le sujet sur la table. Ga\u00ebl Perdriau lui r\u00e9pond\u00a0: \u00ab\u00a0On n\u2019est pas oblig\u00e9s de les diffuser publiquement hein ? En petits cercles, avec parcimonie \u00bb. Pour le journal, c\u2019est ici la preuve que Ga\u00ebl Perdriau et Pierre Gauttieri avaient connaissance de la vid\u00e9o.<\/p>\n<p>13 septembre 2022<\/p>\n<p>Les protagonistes de l\u2019affaire sont plac\u00e9s en garde \u00e0 vue et sortent apr\u00e8s quelques heures sous contr\u00f4le judiciaire. Ce m\u00eame jour, Les R\u00e9publicains indiquent avoir d\u00e9clench\u00e9 une proc\u00e9dure d\u2019exclusion \u00e0 l\u2019encontre du maire.<\/p>\n<p>20 septembre\u00a02022<\/p>\n<p>Ga\u00ebl Perdriau d\u00e9met <a href=\"https:\/\/www.if-saint-etienne.fr\/politique\/licenciement-de-pierre-gauttieri-20-500-e-dindemnites-cote-ville-de-saint-etienne-precise-la-majorite\" target=\"_blank\" rel=\"noreferrer noopener\">Pierre Gauttieri<\/a> de ses fonctions de directeur de cabinet. Ses indemnit\u00e9s de licenciement, vers\u00e9es par la Ville, sont de 20\u00a0553 euros. Avec ses indemnit\u00e9s de M\u00e9tropole, le total est de 33 500 euros.<\/p>\n<p>22 septembre 2022<\/p>\n<p>Ga\u00ebl Perdriau se met en retrait de ses fonctions de pr\u00e9sident de Saint-Etienne M\u00e9tropole.<\/p>\n<p>23 septembre 2022<\/p>\n<p>Samy K\u00e9fi-J\u00e9r\u00f4me quitte son poste d\u2019adjoint municipal \u00e0 l\u2019\u00e9ducation.<\/p>\n<p><img loading=\"lazy\" decoding=\"async\" width=\"1024\" height=\"576\" src=\"https:\/\/www.europesays.com\/fr\/wp-content\/uploads\/2025\/06\/2574a808-555e-4944-8efd-e6561549a4ad-1024x576.jpg\" alt=\"\" class=\"wp-image-67559\"  \/>\u00a9XA\/ If Saint-Etienne.<\/p>\n<p>26 septembre\u00a02022<\/p>\n<p>C\u2019est le premier <a href=\"https:\/\/www.if-saint-etienne.fr\/politique\/suivez-ici-le-live-du-conseil-municipal-de-saint-etienne-du-26-septembre-2022\" target=\"_blank\" rel=\"noreferrer noopener\">conseil municipal<\/a> depuis les r\u00e9v\u00e9lations, dans une ambiance \u00e9lectrique. Le maire ouvre la s\u00e9ance\u00a0: \u00ab\u00a0Je ne suis pas \u00e0 l\u2019initiative d\u2019une telle vid\u00e9o. Je n\u2019ai ni eu, ni vu, ni utilis\u00e9e cette vid\u00e9o et n\u2019ai jamais travaill\u00e9 contre les int\u00e9r\u00eats de Gilles Artigues que je soutiens depuis 2012 et n\u2019ai jamais d\u00e9tourn\u00e9 le moindre euro\u00a0\u00bb. Il en appelle au respect de la pr\u00e9somption d\u2019innocence. Le groupe d\u2019opposition Saint-Etienne Demain quitte la salle en plein conseil municipal, refusant de participer aux votes des d\u00e9lib\u00e9rations, estimant que l\u2019\u00e9dile ne r\u00e9pond pas \u00e0 leurs interrogations.<\/p>\n<p>11 octobre\u00a02022<\/p>\n<p>A l\u2019unanimit\u00e9, Les R\u00e9publicains votent l\u2019exclusion d\u00e9finitive de Ga\u00ebl Perdriau.<\/p>\n<p>30 novembre\u00a02022<\/p>\n<p>Nouvelles r\u00e9v\u00e9lations de <a href=\"https:\/\/www.mediapart.fr\/journal\/france\/301122\/saint-etienne-le-maire-et-le-poison-de-la-calomnie\" target=\"_blank\" rel=\"noreferrer noopener\">Mediapart<\/a> concernant un enregistrement qui serait entre les mains des enqu\u00eateurs, sur lequel on entendrait le maire de Saint-Etienne reprocher \u00e0 Gilles Artigues de comploter dans son dos avec le pr\u00e9sident de la R\u00e9gion Auvergne Rh\u00f4ne-Alpes de l\u2019\u00e9poque, <a href=\"https:\/\/www.if-saint-etienne.fr\/politique\/mediapart-publie-la-suite-de-son-enquete\" target=\"_blank\" rel=\"noreferrer noopener\">Laurent Wauquiez<\/a>. A l\u2019\u00e9vocation de son nom, Ga\u00ebl Perdriau lance \u00e0 son propos un \u00ab\u00a0celui qui va sucer sur le parking des supermarch\u00e9s des petits gar\u00e7ons\u2026\u00a0\u00bb. Apr\u00e8s avoir, dans un premier temps, tent\u00e9 d\u2019emp\u00eacher la publication de cet article, avant que le tribunal de Paris ne donne gain de cause au journal, l\u2019\u00e9dile reconna\u00eet que ses propos tenus cinq ans auparavant sont\u00a0\u00ab\u00a0grossiers et sans fondement\u00a0\u00bb. Dans la foul\u00e9e, le pr\u00e9sident de la R\u00e9gion Aura porte plainte pour diffamation. Les derni\u00e8res personnalit\u00e9s de premier plan LR de la Loire qui sans le soutenir se tenaient \u00e0 distance et n\u2019avaient pas encore r\u00e9clam\u00e9 la d\u00e9mission de Ga\u00ebl Perdiau, le font d\u00e8s le <a href=\"https:\/\/www.if-saint-etienne.fr\/politique\/25-elus-de-la-loire-appellent-gael-perdriau-a-demissionner-dont-georges-ziegler-herve-reynaud-christophe-bazile-et-yves-nicolin\" target=\"_blank\" rel=\"noreferrer noopener\">lendemain<\/a> de la parution de ses propos tenus sur Laurent Wauquiez.<\/p>\n<p>8 d\u00e9cembre\u00a02022<\/p>\n<p>L\u2019affaire du chantage \u00e0 la vid\u00e9o intime s\u2019invite encore une fois dans les d\u00e9bats du <a href=\"https:\/\/www.if-saint-etienne.fr\/politique-societe\/saint-etienne-metropole-le-retrait-2-0-de-gael-perdriau-1-2\" target=\"_blank\" rel=\"noreferrer noopener\">conseil m\u00e9tropolitain<\/a>. Ga\u00ebl Perdriau d\u00e9clare se mettre en \u00ab\u00a0retrait total\u00a0\u00bb, le pr\u00e9c\u00e9dent ayant cr\u00e9er le flou de ses fonctions de pr\u00e9sident, tout en restant maire de la ville. Avec ce statut officieux, sans aucune base juridique <a href=\"https:\/\/www.if-saint-etienne.fr\/politique-societe\/emmanuel-mandon-veut-donner-un-cadre-legal-a-la-mise-en-retrait\" target=\"_blank\" rel=\"noopener\">r<\/a><a href=\"https:\/\/www.if-saint-etienne.fr\/politique-societe\/emmanuel-mandon-veut-donner-un-cadre-legal-a-la-mise-en-retrait\" target=\"_blank\" rel=\"noreferrer noopener\">\u00e9<\/a><a href=\"https:\/\/www.if-saint-etienne.fr\/politique-societe\/emmanuel-mandon-veut-donner-un-cadre-legal-a-la-mise-en-retrait\" target=\"_blank\" rel=\"noopener\">elle<\/a>, il coupe l\u2019herbe sous le pied des \u00e9lus pr\u00e9sents, la plupart lui \u00e9tant d\u00e9sormais hostiles, quittant la salle \u00e0 l\u2019issue d\u2019un discours de d\u00e9fense en d\u00e9but de s\u00e9ance : plus tard, lors de celle-ci, 61 % des \u00e9lus ont vot\u00e9 un v\u0153u \u2013 ne d\u00e9bouchant cependant sur aucune obligation l\u00e9gale \u2013 exigeant la d\u00e9mission de Ga\u00ebl Perdriau.<\/p>\n<p>7 mars 2023<\/p>\n<p>Six mois apr\u00e8s le d\u00e9but de l\u2019affaire, le maire de Saint-Etienne donne une interview \u00e0 <a href=\"https:\/\/www.if-saint-etienne.fr\/politique\/gael-perdriau-tout-na-pas-ete-revele\" target=\"_blank\" rel=\"noreferrer noopener\">If Saint-Etienne<\/a> et Activ Radio, dans laquelle il assure que tout n\u2019a pas \u00e9t\u00e9 r\u00e9v\u00e9l\u00e9. \u00ab J\u2019ai h\u00e2te que la justice passe, parce que je suis innocent et que cette affaire est beaucoup plus une affaire de vies priv\u00e9es qu\u2019une affaire politique\u00a0\u00bb. Position maintenue, r\u00e9it\u00e9r\u00e9e et clam\u00e9e depuis \u00e0 plusieurs reprises, donnant lieu \u00e0 des sorties parfois \u00e9piques en conseil municipal. Interrog\u00e9 sur les municipales, il d\u00e9clare ne pas exclure un troisi\u00e8me mandat\u2026<\/p>\n<p>4 avril\u00a02023<\/p>\n<p>Nouveau placement en garde \u00e0 vue pour Pierre Gauttieri, Ga\u00ebl Perdriau, Samy K\u00e9fi-J\u00e9r\u00f4me et Gilles Rossary-Lenglet.<\/p>\n<p>6 avril\u00a02023<\/p>\n<p>Le parquet de Lyon annonce que le maire de Saint-\u00c9tienne est <a href=\"https:\/\/www.if-saint-etienne.fr\/politique-societe\/chantage-a-la-video-intime-gael-perdriau-gilles-rossary-lenglet-samy-kefi-jerome-et-pierre-gauttieri-mis-en-examen\" target=\"_blank\" rel=\"noreferrer noopener\">mis en examen<\/a> pour chantage. Son ex-directeur de cabinet est mis en examen pour des chefs de chantage avec mise \u00e0 ex\u00e9cution de la menace, recel de bien obtenu \u00e0 l\u2019aide d\u2019un d\u00e9tournement de fonds, complicit\u00e9 de soustraction, d\u00e9tournement de fonds publics par un d\u00e9positaire de l\u2019autorit\u00e9 publique, utilisation, conservation ou divulgation d\u2019un document ou enregistrement portant sur des paroles ou images \u00e0 caract\u00e8re sexuel et obtenu par une atteinte \u00e0 l\u2019intimit\u00e9 de la vie priv\u00e9e. <\/p>\n<p>Samy Kefi-J\u00e9r\u00f4me est mis en examen des chefs de chantage avec mise \u00e0 ex\u00e9cution de la menace, recel de bien obtenu \u00e0 l\u2019aide d\u2019un d\u00e9tournement de fonds, atteinte \u00e0 l\u2019intimit\u00e9 de la vie priv\u00e9e par fixation, enregistrement ou transmission de l\u2019image d\u2019une personne pr\u00e9sentant un caract\u00e8re sexuel, utilisation, conservation ou divulgation d\u2019un document ou enregistrement portant sur des paroles ou images \u00e0 caract\u00e8re sexuel et obtenu par une atteinte \u00e0 l\u2019intimit\u00e9 de la vie priv\u00e9e. Puis, Gilles Rossary-Lenglet est mis en examen des chefs de complicit\u00e9 de chantage avec mise \u00e0 ex\u00e9cution de la menace, recel de bien obtenu \u00e0 l\u2019aide d\u2019un d\u00e9tournement de fonds, utilisation, conservation ou divulgation d\u2019un document ou enregistrement portant sur des paroles ou images \u00e0 caract\u00e8re sexuel et obtenu par une atteinte \u00e0 l\u2019intimit\u00e9 de la vie priv\u00e9e.<\/p>\n<p><img loading=\"lazy\" decoding=\"async\" width=\"1024\" height=\"576\" src=\"https:\/\/www.europesays.com\/fr\/wp-content\/uploads\/2025\/09\/Screen-Shot-2022-09-06-at-20.27.06-1024x576.png\" alt=\"\" class=\"wp-image-38387\"  \/>Gilles Rossary-Lenglet au micro de Mediapart, au mois de septembre 2022. <\/p>\n<p>26 avril\u00a02023<\/p>\n<p><a href=\"https:\/\/www.mediapart.fr\/journal\/france\/270423\/j-ai-fait-la-connerie-d-accepter-la-subvention-l-argent-derriere-la-sextape-de-saint-etienne\" target=\"_blank\" rel=\"noreferrer noopener\">Mediapart<\/a> publie le premier des quatre volets d\u2019articles suppl\u00e9mentaires concernant l\u2019affaire de chantage \u00e0 la vid\u00e9o intime. Le m\u00e9dia s\u2019est procur\u00e9 des messages qui ont \u00e9t\u00e9 saisis par les enqu\u00eateurs de la police judiciaire de Lyon, datant du 9 juin 2018. Via WhatsApp, Samy K\u00e9fi-J\u00e9r\u00f4me, transmet \u00e0 Ga\u00ebl Perdriau une image de Gilles Artigues les yeux masqu\u00e9s, accompagn\u00e9e du texte \u00ab\u00a0Th\u00e9o, c\u2019est toi\u00a0?\u00a0\u00bb. Th\u00e9o faisant r\u00e9f\u00e9rence au pr\u00e9nom de l\u2019escort boy qui appara\u00eet dans la vid\u00e9o. Ce \u00e0 quoi l\u2019\u00e9dile, qui a visiblement compris la r\u00e9f\u00e9rence, aurait r\u00e9pondu avec un montage de Laurent Wauquiez sur la photo d\u2019un homme en maillot de bain, accompagn\u00e9 d\u2019un \u00ab\u00a0non, c\u2019est lui\u00a0!\u00a0\u00bb. Le site r\u00e9v\u00e8le \u00e9galement l\u2019existence d\u2019une vid\u00e9o r\u00e9cup\u00e9r\u00e9e par les enqu\u00eateurs sur un disque dur appartenant \u00e0 Samy K\u00e9fi-J\u00e9r\u00f4me, bien qu\u2019elle aurait \u00e9t\u00e9 effac\u00e9e, datant de septembre 2016. L\u2019adjoint \u00e0 l\u2019\u00e9ducation se serait film\u00e9 en train de montrer la sextape \u00e0 Gilles Artigues pour le pousser \u00e0 parler et avoir d\u2019un moyen de pression suppl\u00e9mentaire.<\/p>\n<p>Le lendemain, dans un entretien avec <a href=\"https:\/\/www.if-saint-etienne.fr\/politique\/andre-buffard-il-y-a-des-gens-qui-ont-subi-des-pressions-et-qui-ne-veulent-pas-parler\" target=\"_blank\" rel=\"noreferrer noopener\">Me Andr\u00e9 Buffard<\/a>, If Saint-Etienne r\u00e9v\u00e8le qu\u2019il y a des \u00e9coutes t\u00e9l\u00e9phoniques entre l\u2019\u00e9pouse de Pierre Gauttieri et une amie, qui disent que Gauttieri leur a d\u00e9clar\u00e9 \u00ab\u00a0le gros PD je le tiens par les couilles\u00a0\u00bb. L\u2019avocat l\u2019assure\u00a0: \u00ab\u00a0Il y a des gens qui ont subi des pressions, c\u2019est clair et net, et qui ne veulent pas parler. Ils n\u2019ont pas envie qu\u2019on les entende et cela peut se comprendre\u00a0\u00bb.<\/p>\n<p>16 juin 2023<\/p>\n<p>Silencieux depuis le d\u00e9but de l\u2019affaire, <a href=\"https:\/\/www.if-saint-etienne.fr\/politique-societe\/gilles-artigues-il-ny-a-pas-dautre-verite\" target=\"_blank\" rel=\"noreferrer noopener\">Gilles Artigues<\/a> se lance dans une tourn\u00e9e m\u00e9diatique pour donner sa \u00ab\u00a0v\u00e9rit\u00e9\u00a0\u00bb. A If Saint-Etienne, il explique\u00a0: \u00ab\u00a0Aujourd\u2019hui, je me sens lib\u00e9r\u00e9 d\u2019un poids mais cette affaire a failli me conduire au suicide plusieurs fois\u2026 Cela reste encore compliqu\u00e9. Tr\u00e8s compliqu\u00e9. Entre la m\u00e9diatisation nationale, mon nom qui restera associ\u00e9 \u00e0 cette affaire \u00e0 jamais. Quand vous tapez \u00ab sextape dans Google \u00bb, il y a Gilles Artigues qui sort d\u00e9sormais\u2026 Et puis il y a ce d\u00e9ni persistant, encore et encore qui rajoute \u00e0 la souffrance \u00bb.<\/p>\n<p>Un reportage d\u2019Envoy\u00e9 Sp\u00e9cial suivra cette tourn\u00e9e locale. Des probables fuites dans l\u2019instruction donnent lieu \u00e0 des  reconstitutions de sc\u00e8nes \u2013 enregistr\u00e9es aussi \u2013 montrant Samy K\u00e9fi-J\u00e9r\u00f4me faire pression, pour son compte cependant, sur Gilles Artigues \u00e0 partir de la fameuse vid\u00e9o. <\/p>\n<p>1er octobre 2023<\/p>\n<p>Bis repetita. <a href=\"https:\/\/www.mediapart.fr\/journal\/france\/011023\/prostituee-mineure-et-cameras-cachees-le-clan-perdriau-aussi-cible-l-ancien-maire-de-saint-etienne\" target=\"_blank\" rel=\"noreferrer noopener\">Mediapart<\/a> revient avec des r\u00e9v\u00e9lations fracassantes. Le journal accompagne son article d\u2019extraits de vid\u00e9os dans lesquelles Gilles Rossary-Lenglet et Pierre Gauttieri, \u00e9changent au sujet d\u2019un pi\u00e8ge qu\u2019ils envisagent de fomenter contre l\u2019ancien maire de la Ville, Michel Thiolli\u00e8re\u2026 il s\u2019agirait de lui mettre \u00ab\u00a0une prostitu\u00e9e mineure dans les pattes\u00a0\u00bb. L\u2019op\u00e9ration aurait finalement \u00e9t\u00e9 abandonn\u00e9e, Michel Thiolli\u00e8re n\u2019\u00e9tant plus consid\u00e9r\u00e9 comme une menace par la suite. A la mairie de Saint-Etienne, l\u2019opposition appelle encore une fois \u00e0 la d\u00e9mission de Ga\u00ebl Perdriau. De son c\u00f4t\u00e9, l\u2019ancien maire finira par porter <a href=\"https:\/\/www.if-saint-etienne.fr\/politique-societe\/michel-thiolliere-je-vais-donner-une-suite-judiciaire-a-tout-cela\" target=\"_blank\" rel=\"noreferrer noopener\">plainte.<\/a><\/p>\n<p>12 octobre 2023\u00a0<\/p>\n<p>Apr\u00e8s un an sans directeur de cabinet, Ga\u00ebl Perdriau nomme <a href=\"https:\/\/www.if-saint-etienne.fr\/politique\/saint-etienne-qui-est-michael-roncier-le-nouveau-directeur-de-cabinet-de-gael-perdriau\" target=\"_blank\" rel=\"noreferrer noopener\">Micha\u00ebl Roncier<\/a> comme successeur de Pierre Gauttieri. If Saint-Etienne avait alors consacr\u00e9 un article sur celui qui fut le directeur de cabinet du tr\u00e8s pol\u00e9mique Gilles Bourdouleix, maire de Cholet. Avant de devenir l\u2019homme de l\u2019ombre de la mairie de Cholet, il avait \u00e9t\u00e9, pendant six ans, charg\u00e9 de mission aupr\u00e8s du pr\u00e9sident du Conseil g\u00e9n\u00e9ral du Maine-et-Loire. S\u2019en sont suivies des exp\u00e9riences comme secr\u00e9taire g\u00e9n\u00e9ral du groupe de la majorit\u00e9 de la R\u00e9gion Grand Est, directeur de cabinet du maire d\u2019Evreux, directeur de cabinet de la pr\u00e9sidente de la Province Sud, ou encore de la pr\u00e9sidente du Conseil d\u00e9partemental de l\u2019Oise.\u00a0Avec une moyenne qui ne d\u00e9passe pas les deux ans par poste.\u00a0<\/p>\n<p>7 d\u00e9cembre 2023<\/p>\n<p>L\u2019Agence France Presse rapporte que deux nouvelles mises en examen ont eu lieu pour \u00ab complicit\u00e9 de d\u00e9tournement de fonds publics \u00bb et \u00ab abus de confiance \u00bb. Philippe Buil et son \u00e9pouse, Chantal Sabatier, 59 ans, dirigeaient, \u00e0 l\u2019\u00e9poque des faits, l\u2019association Artistes de la galerie Art Pluriel (l\u2019Agap). Association soup\u00e7onn\u00e9e d\u2019avoir \u00e9t\u00e9 utilis\u00e9e pour r\u00e9mun\u00e9rer Gilles Rossary-Lenglet et son conjoint de l\u2019\u00e9poque alors adjoint \u00e0 l\u2019\u00e9ducation, Samy K\u00e9fi-J\u00e9r\u00f4me, pour la r\u00e9alisation de la vid\u00e9o.<\/p>\n<p>4 janvier 2024<\/p>\n<p>Retournement de situation. \u00ab\u00a0Le plus proche collaborateur de Ga\u00ebl Perdriau a fini par craquer\u00a0\u00bb, accroche <a href=\"https:\/\/www.mediapart.fr\/journal\/france\/290423\/il-n-y-pas-le-bon-et-le-mechant-le-dircab-du-maire-de-saint-etienne-cerveau-ou-executant\" target=\"_blank\" rel=\"noreferrer noopener\">Mediapart<\/a> dans sa nouvelle publication. Dans une audition dat\u00e9e du 18 d\u00e9cembre, <a href=\"https:\/\/www.if-saint-etienne.fr\/politique-societe\/selon-mediapart-pierre-gauttieri-a-reconnu-le-kompromat-et-la-responsabilite-de-gael-perdriau\" target=\"_blank\" rel=\"noreferrer noopener\">Pierre Gauttieri<\/a> aurait d\u00e9clar\u00e9 avoir menti dans ses explications depuis le d\u00e9but de l\u2019affaire\u00a0\u00bb\u00a0et\u00a0\u00ab\u00a0avoir jusqu\u2019ici servi de fusible pour prot\u00e9ger son maire\u00a0\u00bb. \u00ab\u00a0La d\u00e9cision du Kompromat sur Gilles Artigues revient au maire\u00a0\u00bb, aurait-il clairement expliqu\u00e9 aux magistrats, cela pour des motivations politiques.\u00a0\u00ab\u00a0Le maire savait que \u00e7a allait se passer \u00e0 Paris et qu\u2019il y allait y avoir une vid\u00e9o compromettante.\u00a0\u00bb\u00a0<\/p>\n<p>Ga\u00ebl Perdriau a r\u00e9agi \u00e0 cette nouvelle publication via un communiqu\u00e9 transmis aux r\u00e9dactions par l\u2019un de ses avocats, ma\u00eetre Ingrain\u00a0:\u00a0\u00ab\u00a0J\u2019ai pris connaissance des nouvelles d\u00e9clarations de mon ancien directeur de cabinet Pierre Gauttieri qui sont en totale contradiction avec celles qu\u2019il a faites depuis le d\u00e9but de la proc\u00e9dure. Je conteste avec force ces nouvelles d\u00e9clarations. Et je maintiens avec la m\u00eame force ne pas avoir demand\u00e9, organis\u00e9, b\u00e9n\u00e9fici\u00e9, ni de pr\u00e8s ni de loin, d\u2019un quelconque chantage. Je refuse de rechercher les raisons pour lesquelles Pierre Gauttieri a d\u00e9cid\u00e9 de ce revirement. Il n\u2019affecte pas ma d\u00e9termination \u00e0 me d\u00e9fendre. En d\u00e9pit des pressions que je subis, des injures qui me sont lanc\u00e9es et des d\u00e9ceptions que je vis, je me battrai pour d\u00e9montrer mon innocence et l\u2019inanit\u00e9 des accusations.\u00a0\u00bb<\/p>\n<p><img loading=\"lazy\" decoding=\"async\" width=\"1024\" height=\"576\" src=\"https:\/\/www.europesays.com\/fr\/wp-content\/uploads\/2025\/09\/design-if-2-1-1024x576.png\" alt=\"\" class=\"wp-image-52879\"  \/>Samy K\u00e9fi-J\u00e9r\u00f4me et Ga\u00ebl Perdriau en ao\u00fbt 2022 \u00a9 If Saint-Etienne<\/p>\n<p>16 janvier 2024<\/p>\n<p>Nicole et Robert Giacomel sont mis en examen. Ils sont soup\u00e7onn\u00e9s d\u2019avoir touch\u00e9 puis vers\u00e9 20 000 euros \u00e0 Gilles Rossary-Lenglet, sous forme de subvention \u00e0 l\u2019association du couple, France Lettonie Loire Auvergne.<\/p>\n<p>31 janvier 2024<\/p>\n<p>Dans un entretien donn\u00e9 \u00e0 <a href=\"https:\/\/www.parismatch.com\/actu\/politique\/sextape-saint-etienne-la-police-sait-qui-fait-ca-il-faut-quelle-decouvre-les-raisons-assure-gael-perdriau-234117\" target=\"_blank\" rel=\"noreferrer noopener\">Paris Match<\/a> (qui avait quelques semaines avant confondu dans un \u00ab\u00a0article\u00a0\u00bb le maire de Saint-Etienne avec Pierre Gauttieri\u2026), Ga\u00ebl Perdriau r\u00e9p\u00e8te qu\u2019il n\u2019existe aucune preuve qu\u2019un chantage ait \u00e9t\u00e9 exerc\u00e9 sur Gilles Artigues. Mais, et c\u2019est in\u00e9dit, il sous-entend l\u2019implication de la franc-ma\u00e7onnerie dans l\u2019affaire. \u00ab J\u2019ai d\u00e9couvert beaucoup de choses dans le dossier. Egalement sur la franc-ma\u00e7onnerie. Le juge m\u2019a demand\u00e9 si j\u2019\u00e9tais franc-ma\u00e7on. C\u2019est \u00e9tonnant, non ? Je ne le suis pas, je n\u2019ai rien pour, ni contre. Ce n\u2019est pas mon choix. Un tr\u00e8s grand nombre de protagonistes le sont. L\u2019expression : \u00ab\u00a0on s\u2019est dit \u00e7a sous le maillet\u00a0\u00bb revient \u00e0 de nombreuses reprises. \u00bb Ga\u00ebl Perdriau semble faire r\u00e9f\u00e9rence au maillet ma\u00e7onnique, symbole de volont\u00e9 d\u2019agir chez le franc-ma\u00e7on.<\/p>\n<p>8 f\u00e9vrier 2024<\/p>\n<p>Au-del\u00e0 des nouvelles parutions, fuites, compl\u00e9ments et rebondissements judiciaires, l\u2019affaire affecte profond\u00e9ment la vie politique st\u00e9phanoise et derri\u00e8re la gouvernance des politiques publiques, bien au-del\u00e0 des invectives, manifestations devant l\u2019h\u00f4tel de ville et coups de th\u00e9\u00e2tre \u00e0 r\u00e9p\u00e9titions \u00e0 l\u2019occasion des conseils municipaux : ici <a href=\"https:\/\/www.if-saint-etienne.fr\/politique\/lionel-boucher-gael-perdriau-a-donne-le-coup-denvoi-des-municipales-2026\" target=\"_blank\" rel=\"noreferrer noopener\">l\u2019\u00e9viction<\/a> de Lionel Boucher en juin 2023, le d\u00e9part de <a href=\"https:\/\/www.if-saint-etienne.fr\/politique-societe\/conseil-municipal-de-saint-etienne-autopsie-dun-chaos\" target=\"_blank\" rel=\"noopener\">9 \u00e9lus<\/a> de la majorit\u00e9 Perdriau un an apr\u00e8s, l\u00e0 l\u2019annonce surprise d\u2019un autre \u00e9lu \u00e0 la <a href=\"https:\/\/www.if-saint-etienne.fr\/politique-societe\/conseil-municipal-de-saint-etienne-santa-furania-saison-3\" target=\"_blank\" rel=\"noreferrer noopener\">rentr\u00e9e<\/a> 2024\u2026 C\u2019est aussi la gestion de Saint-Etienne M\u00e9tropole dont le pr\u00e9sident est cens\u00e9 \u00eatre en retrait total qui est touch\u00e9e directement ou indirectement par la <a href=\"https:\/\/www.if-saint-etienne.fr\/politique\/saint-etienne-metropole-sylvie-fayolle-exige-la-pleine-maitrise\" target=\"_blank\" rel=\"noopener\">situation<\/a> : la pr\u00e9sidente par int\u00e9rim r\u00e9clame ce 8 f\u00e9vrier la ,r\u00e9alit\u00e9 des pleins pouvoirs. <\/p>\n<p>4 mars 2024<\/p>\n<p>Qui est Gilles Rossary-Lenglet ? Venu \u00e0 la rencontre de notre r\u00e9daction, le \u00ab\u00a0plombier de l\u2019affaire\u00a0\u00bb, comme il se d\u00e9signe propose \u00e0 If Saint-Etienne de r\u00e9aliser le <a href=\"https:\/\/www.if-saint-etienne.fr\/societe\/gilles-rossary-lenglet-politiquement-tres-incorrect-1-2\" target=\"_blank\" rel=\"noreferrer noopener\">portait <\/a>exclusif de sa vie, de sa personnalit\u00e9, de tout ce qui l\u2019amen\u00e9 jusqu\u2019ici : \u00ab\u00a0il s\u2019agit de donner ma v\u00e9rit\u00e9 sur qui je suis, ce que j\u2019ai fait et mes intentions\u00a0: l\u2019inscrire sur le web, via votre site local, c\u2019est en laisser la trace permanente aux St\u00e9phanois, c\u2019est donner une repartie pour toujours \u00e0 tous ceux qui disent n\u2019importe quoi, \u00e0 tort et \u00e0 travers, sur moi pour me nuire et\/ou minimiser ce qui s\u2019est pass\u00e9.\u00a0\u00bb L\u2019homme ne manque pas d\u2019\u00e9go et assume \u00ab\u00a0\u00eatre une ordure\u00a0\u00bb mais sous-estim\u00e9e, consid\u00e8re-t-il, par d\u2019autres\u2026<\/p>\n<p>8 avril 2024<\/p>\n<p>C\u2019est au tour de Samy K\u00e9fi-J\u00e9r\u00f4me de mettre en cause Ga\u00ebl Perdriau. Dans un nouvel article, le site d\u2019investigation Mediapart annonce que l\u2019ancien adjoint charg\u00e9 de l\u2019\u00e9ducation incrimine \u00e0 son tour le maire de Saint-Etienne, dans l\u2019affaire de chantage \u00e0 la vid\u00e9o intime. Gilles Rossary-Lenglet r\u00e9agit \u00e0 ce nouveau revirement. \u00ab\u00a0Ils n\u2019ont pas modifi\u00e9 leurs d\u00e9clarations par revirement mais parce qu\u2019ils n\u2019ont tout simplement pas le choix face aux faits. Malgr\u00e9 tout, ils pensent encore pouvoir minimiser leur r\u00f4le : on le voit ici encore une fois. Mais les juges ne vont pas les l\u00e2cher et iront jusqu\u2019au bout\u00a0\u00bb.<\/p>\n<p>7 octobre 2024<\/p>\n<p>Le juge d\u2019instruction lyonnais Nicolas Chareyre rend un avis de \u00ab\u00a0fin d\u2019information\u00a0\u00bb, marquant ainsi la fin des investigations sur l\u2019affaire.<\/p>\n<p>6 juin 2025<\/p>\n<p>La nouvelle tombe en d\u00e9but d\u2019apr\u00e8s-midi \u00e0 la suite d\u2019un communiqu\u00e9 du procureur de la R\u00e9publique de Lyon : la Justice ordonne bien <a href=\"https:\/\/www.if-saint-etienne.fr\/immobilier-vie-juridique\/affaire-de-chantage-a-la-mairie-stephanoise-les-dates-du-proces-sont-tombees\" target=\"_blank\" rel=\"noreferrer noopener\">un proc\u00e8s<\/a> contre le maire de Saint-Etienne Ga\u00ebl Perdriau dans l\u2019affaire de chantage \u00e0 la vid\u00e9o intime ayant vis\u00e9 Gilles Artigues ainsi que sept autres de ses protagonistes. Le proc\u00e8s aura lieu devant la 17\u00e8me chambre du Tribunal correctionnel de Lyon du 22 au 26 septembre 2025.<\/p>\n","protected":false},"excerpt":{"rendered":"Lundi 22 septembre s\u2019ouvrira le proc\u00e8s dit du chantage \u00e0 la mairie de Saint-Etienne devant la 17e\u00a0chambre correctionnelle&hellip;\n","protected":false},"author":2,"featured_media":403107,"comment_status":"","ping_status":"","sticky":false,"template":"","format":"standard","meta":{"footnotes":""},"categories":[9653],"tags":[1111,11,42796,28902,42797,2430,41208,1777,674,1011,27,28903,12,28905,53453,25,4001,28906],"class_list":{"0":"post-403106","1":"post","2":"type-post","3":"status-publish","4":"format-standard","5":"has-post-thumbnail","7":"category-saint-etienne","8":"tag-actu","9":"tag-actualites","10":"tag-affaire-artigues","11":"tag-affaire-de-la-video-intime","12":"tag-affaire-perdriau","13":"tag-auvergne-rhone-alpes","14":"tag-chantage-a-la-video-intime","15":"tag-eu","16":"tag-europe","17":"tag-fr","18":"tag-france","19":"tag-gilles-rossary-lenglet","20":"tag-news","21":"tag-pierre-gauttieri","22":"tag-recapitulatif","23":"tag-republique-francaise","24":"tag-saint-etienne","25":"tag-samy-kefi-jerome"},"share_on_mastodon":{"url":"https:\/\/pubeurope.com\/@fr\/115232705327541379","error":""},"_links":{"self":[{"href":"https:\/\/www.europesays.com\/fr\/wp-json\/wp\/v2\/posts\/403106","targetHints":{"allow":["GET"]}}],"collection":[{"href":"https:\/\/www.europesays.com\/fr\/wp-json\/wp\/v2\/posts"}],"about":[{"href":"https:\/\/www.europesays.com\/fr\/wp-json\/wp\/v2\/types\/post"}],"author":[{"embeddable":true,"href":"https:\/\/www.europesays.com\/fr\/wp-json\/wp\/v2\/users\/2"}],"replies":[{"embeddable":true,"href":"https:\/\/www.europesays.com\/fr\/wp-json\/wp\/v2\/comments?post=403106"}],"version-history":[{"count":0,"href":"https:\/\/www.europesays.com\/fr\/wp-json\/wp\/v2\/posts\/403106\/revisions"}],"wp:featuredmedia":[{"embeddable":true,"href":"https:\/\/www.europesays.com\/fr\/wp-json\/wp\/v2\/media\/403107"}],"wp:attachment":[{"href":"https:\/\/www.europesays.com\/fr\/wp-json\/wp\/v2\/media?parent=403106"}],"wp:term":[{"taxonomy":"category","embeddable":true,"href":"https:\/\/www.europesays.com\/fr\/wp-json\/wp\/v2\/categories?post=403106"},{"taxonomy":"post_tag","embeddable":true,"href":"https:\/\/www.europesays.com\/fr\/wp-json\/wp\/v2\/tags?post=403106"}],"curies":[{"name":"wp","href":"https:\/\/api.w.org\/{rel}","templated":true}]}}