{"id":403120,"date":"2025-09-19T19:58:15","date_gmt":"2025-09-19T19:58:15","guid":{"rendered":"https:\/\/www.europesays.com\/fr\/403120\/"},"modified":"2025-09-19T19:58:15","modified_gmt":"2025-09-19T19:58:15","slug":"demonstrations-defile-tyrolienne-la-caserne-des-pompiers-gambetta-a-rouen-fete-ses-50-ans","status":"publish","type":"post","link":"https:\/\/www.europesays.com\/fr\/403120\/","title":{"rendered":"D\u00e9monstrations, d\u00e9fil\u00e9, tyrolienne&#8230; La caserne des pompiers Gambetta \u00e0 Rouen f\u00eate ses 50 ans"},"content":{"rendered":"<p>            Par<br \/>\n        <strong><br \/>\n            <a href=\"https:\/\/actu.fr\/auteur\/fmass\" title=\"Consulter tous les articles de Fabien Massin\" target=\"_blank\" rel=\"noopener\">Fabien Massin<\/a><br \/>\n        <\/strong><\/p>\n<p>        Publi\u00e9 le<\/p>\n<p>            19 sept. 2025 \u00e0 18h12<br \/>\n        ; mis \u00e0 jour le 19 sept. 2025 \u00e0 18h25    <\/p>\n<p>C\u2019est l\u2019un des plus grands centre d\u2019incendie et de secours de pompiers de France : la<strong> caserne Gambetta<\/strong> \u00e0 <a href=\"https:\/\/actu.fr\/normandie\/rouen_76540\" target=\"_blank\" rel=\"noopener\">Rouen (Seine-Maritime)<\/a>. Situ\u00e9e entre le CHU et le complexe sportif Saint-Exup\u00e9ry, <strong>elle f\u00eate ses 50 ans samedi 20 septembre 2025<\/strong>. Une journ\u00e9e qui co\u00efncide avec les <a href=\"https:\/\/actu.fr\/tag\/journees-europeennes-du-patrimoine\" target=\"_blank\" rel=\"noopener\">Journ\u00e9es europ\u00e9ennes du patrimoine<\/a>, au cours de laquelle le grand public pourra visiter les lieux, participer \u00e0 des ateliers et \u00e0 des animations, etc.\u00a0<\/p>\n<p>Visite des anciens locaux dans l\u2019h\u00f4tel de ville<\/p>\n<p class=\" wall-content\">Construite en 1975, la caserne Gambetta remplace celle qui se trouvait dans les locaux de l\u2019h\u00f4tel de ville, o\u00f9 subsistent encore le dortoir et l\u2019ancien appartement du chef de centre. Ces lieux seront ouverts \u00e0 la visite samedi matin. \u00c0 cette occasion, <strong>une plaque pos\u00e9e sur la fa\u00e7ade de l\u2019h\u00f4tel de ville sera d\u00e9voil\u00e9e<\/strong>.\u00a0<\/p>\n<p class=\" wall-content\">L\u2019actuelle caserne accueille 143 sapeurs-pompiers professionnels et 50 volontaires, ainsi qu\u2019un personnel administratif. Depuis 3 ans, <strong>l\u2019\u00e9tat-major du groupement territorial<\/strong>, qui coordonne l\u2019action de 21 centres, a pris ses quartiers dans la caserne, soit une vingtaine de personnes en plus.<\/p>\n<p class=\" wall-content\"><strong>L\u2019ensemble est compos\u00e9 de cinq b\u00e2timents<\/strong>, d\u2019une surface totale de 10 000 m\u00e8tres carr\u00e9s : un b\u00e2timent administratif, un autre comprenant la salle de conf\u00e9rence, le foyer, l\u2019espace partenaires (association et syndicat), un espace de restauration, qui sert 150 repas par jour, et enfin de b\u00e2timents d\u2019h\u00e9bergement.\u00a0<\/p>\n<p class=\" wall-content\"><strong>Le programme de la journ\u00e9e portes ouvertes\u00a0<\/strong><\/p>\n<ul class=\" wall-content\">\n<li>10h : visite des salles o\u00f9 se trouvait l\u2019ancienne caserne, dans les locaux de l\u2019h\u00f4tel de ville<\/li>\n<li>\u00c0 partir de 12h30 : d\u00e9fil\u00e9 de v\u00e9hicules anciens et modernes en ville<\/li>\n<li>14h \u00e0 18h : animations diverses \u00e0 la caserne Gambetta (visite des lieux, tyrolienne pour les enfants ; ateliers s\u00e9curit\u00e9 routi\u00e8re, mobilit\u00e9s douces, pr\u00e9vention des accidents domestiques, gestes qui sauvent, incendie en espace naturel ; \u00e9preuves sportives identiques \u00e0 celles requises pour devenir pompier ; exposition de v\u00e9hicules ; photos, etc.)<\/li>\n<li>15h : sc\u00e9nographique r\u00e9alis\u00e9e par les jeunes sapeurs-pompiers<\/li>\n<li>16h : d\u00e9monstration de d\u00e9sincarc\u00e9ration<\/li>\n<\/ul>\n<p class=\" wall-content\">\n    <img   decoding=\"async\" loading=\"lazy\" src=\"https:\/\/www.europesays.com\/fr\/wp-content\/uploads\/2025\/09\/monument-mort-rouen-caserne-pompiers-gambetta-960x640.jpg\" alt=\"Le monument aux morts. \" width=\"960\" height=\"640\"\/><br \/>\n    Le monument aux morts. (\u00a9FM\/76actu)<br \/>\n    <img   decoding=\"async\" loading=\"lazy\" src=\"https:\/\/www.europesays.com\/fr\/wp-content\/uploads\/2025\/09\/pompiers-pompes-bras-rouen-caserne-gambetta-960x640.jpg\" alt=\"Une ancienne pompe \u00e0 bras. \" width=\"960\" height=\"640\"\/><br \/>\n    Une ancienne pompe \u00e0 bras. (\u00a9FM\/76actu)<br \/>\n    <img   decoding=\"async\" loading=\"lazy\" src=\"https:\/\/www.europesays.com\/fr\/wp-content\/uploads\/2025\/09\/pompiers-rouen-caserne-gambetta-960x640.jpg\" alt=\"La cour de la caserne Gambetta. \" width=\"960\" height=\"640\"\/><br \/>\n    La cour de la caserne Gambetta. (\u00a9FM\/76actu)<\/p>\n<p>Suivez l\u2019actualit\u00e9 de Rouen sur notre <a href=\"https:\/\/www.whatsapp.com\/channel\/0029VaKfnf99hXF2ddApFB1D\" target=\"_blank\" rel=\"noopener\">cha\u00eene WhatsApp<\/a> et sur notre <a href=\"https:\/\/www.tiktok.com\/@76actu.fr?lang=fr\" target=\"_blank\" rel=\"noopener\">compte TikTok<\/a><\/p>\n<p class=\" wall-content\">Personnalisez votre actualit\u00e9 en ajoutant vos villes et m\u00e9dias en favori avec <a href=\"https:\/\/moncompte.actu.fr\" title=\"D\u00e9couvez Mon Actu\" rel=\"nofollow noopener\" data-trk=\"{&quot;cta&quot;:{&quot;action&quot;:&quot;https:\\\/\\\/moncompte.actu.fr&quot;,&quot;category&quot;:&quot;mon compte&quot;,&quot;from&quot;:&quot;article footer&quot;,&quot;name&quot;:&quot;Mon actu&quot;,&quot;type&quot;:&quot;cta&quot;}}\" target=\"_blank\">Mon Actu<\/a>.<\/p>\n<p>                    <script async src=\"\/\/www.tiktok.com\/embed.js\"><\/script><\/p>\n","protected":false},"excerpt":{"rendered":"Par Fabien Massin Publi\u00e9 le 19 sept. 2025 \u00e0 18h12 ; mis \u00e0 jour le 19 sept. 2025&hellip;\n","protected":false},"author":2,"featured_media":403121,"comment_status":"","ping_status":"","sticky":false,"template":"","format":"standard","meta":{"footnotes":""},"categories":[9587],"tags":[1111,11,1777,674,1011,27,47275,1652,12,5161,1311,25,9590],"class_list":{"0":"post-403120","1":"post","2":"type-post","3":"status-publish","4":"format-standard","5":"has-post-thumbnail","7":"category-rouen","8":"tag-actu","9":"tag-actualites","10":"tag-eu","11":"tag-europe","12":"tag-fr","13":"tag-france","14":"tag-journees-europeennes-du-patrimoine","15":"tag-loisirs-culture","16":"tag-news","17":"tag-normandie","18":"tag-pompiers","19":"tag-republique-francaise","20":"tag-rouen"},"share_on_mastodon":{"url":"https:\/\/pubeurope.com\/@fr\/115232735666214239","error":""},"_links":{"self":[{"href":"https:\/\/www.europesays.com\/fr\/wp-json\/wp\/v2\/posts\/403120","targetHints":{"allow":["GET"]}}],"collection":[{"href":"https:\/\/www.europesays.com\/fr\/wp-json\/wp\/v2\/posts"}],"about":[{"href":"https:\/\/www.europesays.com\/fr\/wp-json\/wp\/v2\/types\/post"}],"author":[{"embeddable":true,"href":"https:\/\/www.europesays.com\/fr\/wp-json\/wp\/v2\/users\/2"}],"replies":[{"embeddable":true,"href":"https:\/\/www.europesays.com\/fr\/wp-json\/wp\/v2\/comments?post=403120"}],"version-history":[{"count":0,"href":"https:\/\/www.europesays.com\/fr\/wp-json\/wp\/v2\/posts\/403120\/revisions"}],"wp:featuredmedia":[{"embeddable":true,"href":"https:\/\/www.europesays.com\/fr\/wp-json\/wp\/v2\/media\/403121"}],"wp:attachment":[{"href":"https:\/\/www.europesays.com\/fr\/wp-json\/wp\/v2\/media?parent=403120"}],"wp:term":[{"taxonomy":"category","embeddable":true,"href":"https:\/\/www.europesays.com\/fr\/wp-json\/wp\/v2\/categories?post=403120"},{"taxonomy":"post_tag","embeddable":true,"href":"https:\/\/www.europesays.com\/fr\/wp-json\/wp\/v2\/tags?post=403120"}],"curies":[{"name":"wp","href":"https:\/\/api.w.org\/{rel}","templated":true}]}}