{"id":403139,"date":"2025-09-19T20:08:16","date_gmt":"2025-09-19T20:08:16","guid":{"rendered":"https:\/\/www.europesays.com\/fr\/403139\/"},"modified":"2025-09-19T20:08:16","modified_gmt":"2025-09-19T20:08:16","slug":"des-enfants-ont-peur-de-venir-pres-de-nantes-une-ecole-gravement-perturbee-faute-de","status":"publish","type":"post","link":"https:\/\/www.europesays.com\/fr\/403139\/","title":{"rendered":"\u00ab\u00a0Des enfants ont peur de venir\u00a0\u00bb\u00a0: pr\u00e8s de Nantes, une \u00e9cole gravement perturb\u00e9e, faute de"},"content":{"rendered":"<p><strong>\u00ab\u00a0Quatre enseignantes sont aujourd\u2019hui en arr\u00eat, \u00e0 la suite d\u2019une r\u00e9p\u00e9tition d\u2019incidents dans l\u2019\u00e9cole. Nous ne sommes pas en capacit\u00e9 d\u2019assurer la s\u00e9curit\u00e9 de nos enfants \u00e0 l\u2019\u00e9cole et du personnel qui y travaille. Nous sommes l\u00e0, aujourd\u2019hui, pour leur montrer notre soutien\u00a0\u00bb<\/strong>, t\u00e9moigne Claire Galiana, repr\u00e9sentante des parents d\u2019\u00e9l\u00e8ves, \u00e0 <a href=\"https:\/\/nantes.maville.com\/actu\/actudet_-apres-des-vols-et-des-degradations-pres-de-nantes-la-mairie-ferme-a-regret-une-cour-d-ecole-_8-6896283_actu.Htm\" target=\"_blank\" rel=\"noopener\">l\u2019\u00e9cole \u00e9l\u00e9mentaire Jean-de-la-Fontaine, \u00e0 Saint-S\u00e9bastien-sur-Loire.<\/a><\/p>\n<p>Jeudi 18\u00a0septembre, une soixantaine de parents ont manifest\u00e9 leur col\u00e8re et leur d\u00e9sarroi, devant les grilles de cette \u00e9cole. Ils ont voulu d\u00e9noncer la prise en charge insuffisante d\u2019un \u00e9l\u00e8ve, souffrant d\u2019importants troubles du comportement, scolaris\u00e9 dans l\u2019\u00e9tablissement. <strong>\u00ab\u00a0L\u2019accompagnement d\u2019\u00e9l\u00e8ves en situation de handicap (AESH), dont il b\u00e9n\u00e9ficie, est mutualis\u00e9 avec d\u2019autres \u00e9l\u00e8ves, et la personne peine \u00e0 le canaliser,<\/strong> poursuit la repr\u00e9sentante. <strong> <a href=\"https:\/\/nantes.maville.com\/actu\/actudet_-ils-aident-au-quotidien-des-eleves-a-nantes-ils-reclament-de-meilleures-conditions-de-travail-_8-6636138_actu.Htm\" target=\"_blank\" rel=\"noopener\">Nous militons pour l\u2019inclusion \u00e0 l\u2019\u00e9cole, mais il faut qu\u2019elle soit bien faite.<\/a>\u00a0\u00bb<\/strong><\/p>\n<p>\u00ab\u00a0Interventions des gendarmes\u00a0\u00bb<\/p>\n<p>Pour Tatiana Le Maitre, maman de deux filles \u00e0 l\u2019\u00e9cole,<strong> \u00ab\u00a0on se trouve devant une situation de rupture\u00a0\u00bb<\/strong>. Elle \u00e9voque <strong>\u00ab\u00a0des violences quotidiennes\u00a0\u00bb<\/strong> et des enfants qui ont peur de venir \u00e0 l\u2019\u00e9cole. <strong>\u00ab\u00a0D\u00e8s qu\u2019une crise surgit, la ma\u00eetresse tape dans ses mains, les \u00e9l\u00e8ves n\u2019ont pas le temps de prendre leurs affaires et doivent changer de classe. Les ma\u00eetresses se barricadent dans leurs classes pour \u00e9viter les interruptions intempestives. Il y a eu des menaces, les gendarmes sont intervenus \u00e0 plusieurs reprises, les ma\u00eetresses se font mordre jusqu\u2019au sang\u2026\u00a0\u00bb<\/strong> .<\/p>\n<p>Des repr\u00e9sentants de la mairie ont \u00e9galement fait le d\u00e9placement, jeudi matin. <strong>\u00ab\u00a0Nous connaissons bien la situation et nous sommes \u00e0 pied d\u2019\u0153uvre pour agir, avec un maximum de possibilit\u00e9s que sont les n\u00f4tres aujourd\u2019hui. Nous avons eu un \u00e9change avec la conseill\u00e8re d\u2019\u00e9ducation nationale et avec l\u2019Agence r\u00e9gionale de sant\u00e9 (ARS). Nous avons \u00e9galement pris le parti d\u2019alerter le d\u00e9partement de la protection de l\u2019enfance, parce que c\u2019est aussi de leur ressort de prendre en charge la situation de l\u2019enfant, de proposer un plan d\u2019accompagnement pour sa sant\u00e9, sa s\u00e9curit\u00e9 et, forc\u00e9ment, pour les \u00e9quipes. Nous sommes tr\u00e8s mobilis\u00e9s par cet \u00e9v\u00e8nement\u00a0\u00bb<\/strong>, t\u00e9moigne Claudine Ciglia, adjointe charg\u00e9e de l\u2019enfance et de la jeunesse.<\/p>\n<p>Contact\u00e9e par Ouest-France, la <a href=\"https:\/\/nantes.maville.com\/actu\/actudet_--c-est-inacceptable-profs-et-parents-reunis-contre-les-fermetures-de-classes-en-loire-atlantique-_8-6850298_actu.Htm\" target=\"_blank\" rel=\"noopener\">Direction des services d\u00e9partementaux de l\u2019\u00e9ducation nationale (DSDEN)<\/a> indique que <strong>\u00ab\u00a0la situation b\u00e9n\u00e9ficie d\u2019un suivi rigoureux de la part de nos services, en lien \u00e9troit avec l\u2019inspectrice de circonscription et l\u2019inspectrice \u00e9cole inclusive\u00a0\u00bb<\/strong>. Elle poursuit en indiquant que <strong>\u00ab\u00a0l\u2019ensemble des actions engag\u00e9es et \u00e0 venir visent \u00e0 garantir un accompagnement adapt\u00e9, et conforme aux valeurs du service public de l\u2019\u00e9ducation nationale\u00a0\u00bb. <\/strong>Une rencontre a \u00e9t\u00e9 convenue avec l\u2019inspection acad\u00e9mique vendredi prochain.<\/p>\n<p>\u00a0<\/p>\n","protected":false},"excerpt":{"rendered":"\u00ab\u00a0Quatre enseignantes sont aujourd\u2019hui en arr\u00eat, \u00e0 la suite d\u2019une r\u00e9p\u00e9tition d\u2019incidents dans l\u2019\u00e9cole. Nous ne sommes pas&hellip;\n","protected":false},"author":2,"featured_media":403140,"comment_status":"","ping_status":"","sticky":false,"template":"","format":"standard","meta":{"footnotes":""},"categories":[2818],"tags":[1111,11,1122,1719,1777,674,28962,1011,27,16508,12411,766,12,2636,7847,12819,3762,25,13129],"class_list":{"0":"post-403139","1":"post","2":"type-post","3":"status-publish","4":"format-standard","5":"has-post-thumbnail","7":"category-nantes","8":"tag-actu","9":"tag-actualites","10":"tag-ecole","11":"tag-enfants","12":"tag-eu","13":"tag-europe","14":"tag-faute","15":"tag-fr","16":"tag-france","17":"tag-gravement","18":"tag-moyens","19":"tag-nantes","20":"tag-news","21":"tag-pays-de-la-loire","22":"tag-perturbee","23":"tag-peur","24":"tag-pres","25":"tag-republique-francaise","26":"tag-venir"},"share_on_mastodon":{"url":"https:\/\/pubeurope.com\/@fr\/115232774918861359","error":""},"_links":{"self":[{"href":"https:\/\/www.europesays.com\/fr\/wp-json\/wp\/v2\/posts\/403139","targetHints":{"allow":["GET"]}}],"collection":[{"href":"https:\/\/www.europesays.com\/fr\/wp-json\/wp\/v2\/posts"}],"about":[{"href":"https:\/\/www.europesays.com\/fr\/wp-json\/wp\/v2\/types\/post"}],"author":[{"embeddable":true,"href":"https:\/\/www.europesays.com\/fr\/wp-json\/wp\/v2\/users\/2"}],"replies":[{"embeddable":true,"href":"https:\/\/www.europesays.com\/fr\/wp-json\/wp\/v2\/comments?post=403139"}],"version-history":[{"count":0,"href":"https:\/\/www.europesays.com\/fr\/wp-json\/wp\/v2\/posts\/403139\/revisions"}],"wp:featuredmedia":[{"embeddable":true,"href":"https:\/\/www.europesays.com\/fr\/wp-json\/wp\/v2\/media\/403140"}],"wp:attachment":[{"href":"https:\/\/www.europesays.com\/fr\/wp-json\/wp\/v2\/media?parent=403139"}],"wp:term":[{"taxonomy":"category","embeddable":true,"href":"https:\/\/www.europesays.com\/fr\/wp-json\/wp\/v2\/categories?post=403139"},{"taxonomy":"post_tag","embeddable":true,"href":"https:\/\/www.europesays.com\/fr\/wp-json\/wp\/v2\/tags?post=403139"}],"curies":[{"name":"wp","href":"https:\/\/api.w.org\/{rel}","templated":true}]}}