{"id":403211,"date":"2025-09-19T20:50:12","date_gmt":"2025-09-19T20:50:12","guid":{"rendered":"https:\/\/www.europesays.com\/fr\/403211\/"},"modified":"2025-09-19T20:50:12","modified_gmt":"2025-09-19T20:50:12","slug":"typh-barrow-revient-avec-emotion-sur-sa-derniere-soiree-avec-maurane-juste-avant-son-deces-un-souvenir-difficile","status":"publish","type":"post","link":"https:\/\/www.europesays.com\/fr\/403211\/","title":{"rendered":"Typh Barrow revient avec \u00e9motion sur sa derni\u00e8re soir\u00e9e avec Maurane juste avant son d\u00e9c\u00e8s\u00a0: \u00ab\u00a0Un souvenir difficile\u00a0\u00bb"},"content":{"rendered":"<p class=\"text-left ap-StoryElement ap-StoryElement--mb ap-StoryText\">Le <b>7 mai 2018<\/b> restera \u00e0 jamais grav\u00e9 dans la m\u00e9moire de toute la Belgique. Ce jour-l\u00e0, l&rsquo;auteure-compositrice-interpr\u00e8te <b>Maurane<\/b> d\u00e9c\u00e9dait \u00e0 l&rsquo;\u00e2ge de 57 ans. Alors qu&rsquo;elle pr\u00e9parait un album de reprise de Jacques Brel, notre compatriote \u00e9tait retrouv\u00e9e sans vie \u00e0 son domicile \u00e0 Schaerbeek.<\/p>\n<p class=\"text-left ap-StoryElement ap-StoryElement--mb ap-StoryText\">Si la triste nouvelle a fait l&rsquo;effet d&rsquo;une bombe au sein de notre royaume, mais aussi en dehors des fronti\u00e8res, elle \u00e9tait particuli\u00e8rement difficile \u00e0 comprendre pour ceux qui \u00e9taient pr\u00e9sents \u00e0 ses c\u00f4t\u00e9s la veille. C&rsquo;est notamment le cas de la chanteuse <b>Typh Barrow <\/b>qui est revenue sur cet \u00e9pisode marquant de sa vie sur bel RTL.<\/p>\n<p>Pour acc\u00e9der \u00e0 cet article, veuillez vous connecter au r\u00e9seau internet.<\/p>\n","protected":false},"excerpt":{"rendered":"Le 7 mai 2018 restera \u00e0 jamais grav\u00e9 dans la m\u00e9moire de toute la Belgique. Ce jour-l\u00e0, l&rsquo;auteure-compositrice-interpr\u00e8te&hellip;\n","protected":false},"author":2,"featured_media":403212,"comment_status":"","ping_status":"","sticky":false,"template":"","format":"standard","meta":{"footnotes":""},"categories":[1355],"tags":[972,58,59,1011,27,23009,1361,873,973],"class_list":{"0":"post-403211","1":"post","2":"type-post","3":"status-publish","4":"format-standard","5":"has-post-thumbnail","7":"category-musique","8":"tag-celebrite","9":"tag-divertissement","10":"tag-entertainment","11":"tag-fr","12":"tag-france","13":"tag-maurane","14":"tag-music","15":"tag-musique","16":"tag-people"},"share_on_mastodon":{"url":"https:\/\/pubeurope.com\/@fr\/115232940113309141","error":""},"_links":{"self":[{"href":"https:\/\/www.europesays.com\/fr\/wp-json\/wp\/v2\/posts\/403211","targetHints":{"allow":["GET"]}}],"collection":[{"href":"https:\/\/www.europesays.com\/fr\/wp-json\/wp\/v2\/posts"}],"about":[{"href":"https:\/\/www.europesays.com\/fr\/wp-json\/wp\/v2\/types\/post"}],"author":[{"embeddable":true,"href":"https:\/\/www.europesays.com\/fr\/wp-json\/wp\/v2\/users\/2"}],"replies":[{"embeddable":true,"href":"https:\/\/www.europesays.com\/fr\/wp-json\/wp\/v2\/comments?post=403211"}],"version-history":[{"count":0,"href":"https:\/\/www.europesays.com\/fr\/wp-json\/wp\/v2\/posts\/403211\/revisions"}],"wp:featuredmedia":[{"embeddable":true,"href":"https:\/\/www.europesays.com\/fr\/wp-json\/wp\/v2\/media\/403212"}],"wp:attachment":[{"href":"https:\/\/www.europesays.com\/fr\/wp-json\/wp\/v2\/media?parent=403211"}],"wp:term":[{"taxonomy":"category","embeddable":true,"href":"https:\/\/www.europesays.com\/fr\/wp-json\/wp\/v2\/categories?post=403211"},{"taxonomy":"post_tag","embeddable":true,"href":"https:\/\/www.europesays.com\/fr\/wp-json\/wp\/v2\/tags?post=403211"}],"curies":[{"name":"wp","href":"https:\/\/api.w.org\/{rel}","templated":true}]}}