{"id":403213,"date":"2025-09-19T20:51:13","date_gmt":"2025-09-19T20:51:13","guid":{"rendered":"https:\/\/www.europesays.com\/fr\/403213\/"},"modified":"2025-09-19T20:51:13","modified_gmt":"2025-09-19T20:51:13","slug":"une-nouvelle-image-de-tournage-actualites-star-wars-stories-star-wars-universe","status":"publish","type":"post","link":"https:\/\/www.europesays.com\/fr\/403213\/","title":{"rendered":"Une nouvelle image de tournage !\u00a0 \u2022 Actualit\u00e9s Star Wars Stories \u2022 Star Wars Universe"},"content":{"rendered":"<p>Bonjour \u00e0 toutes et tous,<\/p>\n<p>Bon, en vrai, il n&rsquo;y a pas grand chose de plus \u00e0 dire mais plut\u00f4t que d&rsquo;avoir le trailer de <a href=\"https:\/\/www.starwars-universe.com\/film-18-the-mandalorian-and-grogu.html\" class=\"qtip_motcle\" tt_type=\"film\" tt_id=\"18\" tabindex=\"0\" target=\"_blank\" rel=\"noopener\">The Mandalorian And Grogu<\/a> (rumeur d&rsquo;une sortie imminente sur internet, restez connect\u00e9s \u00e0 SWU !) on se contente d&rsquo;un post partag\u00e9 par le r\u00e9alisateur Shawn Levy sur les r\u00e9seaux montrant Ryan Gosling et Flynn Gray. Pour plus d&rsquo;infos sur le film je vous renvoie vers l&rsquo;actu que nous avions faite au sujet de son casting (<a href=\"https:\/\/www.starwars-universe.com\/actu-21376-star-wars-starfighter-le-casting-se-devoile.html\" target=\"_blank\" rel=\"noopener\">ici<\/a>) et sur <a href=\"https:\/\/www.starwars-universe.com\/actu-21380-claudio-miranda-est-le-directeur-de-la-photographie-de-star-wars-starfighter.html\" target=\"_blank\" rel=\"noopener\">celle-ci <\/a>concernant le directeur de la photographie.<\/p>\n<p>Le tournage se d\u00e9roulerait actuellement au large des c\u00f4tes de Sardaigne en Italie.<\/p>\n<p style=\"text-align: center;\"><img loading=\"lazy\" decoding=\"async\" src=\"https:\/\/www.europesays.com\/fr\/wp-content\/uploads\/2025\/09\/starfighterphotodetournage.png\" alt=\"\" width=\"600\" height=\"397\"\/><\/p>\n<p>Pour rappel, le film devrait arriver dans nos salles obscures le 28\/05\/2027 !<\/p>\n<p>On en discute sur le forum d\u00e9di\u00e9 et le discord !<\/p>\n","protected":false},"excerpt":{"rendered":"Bonjour \u00e0 toutes et tous, Bon, en vrai, il n&rsquo;y a pas grand chose de plus \u00e0 dire&hellip;\n","protected":false},"author":2,"featured_media":403214,"comment_status":"","ping_status":"","sticky":false,"template":"","format":"standard","meta":{"footnotes":""},"categories":[1354],"tags":[1573,1519,1548,11,1557,1505,1501,1571,1545,1525,1497,1488,1523,1543,1524,1510,1511,58,1555,1574,1495,1496,1494,59,1564,1565,1566,1567,1568,1569,1558,1559,1560,1561,1562,1563,1500,1346,1547,1011,27,1538,1492,1487,1549,1544,1526,1532,1553,1520,1552,1508,1577,1576,1499,1503,1529,1493,1537,1531,1535,1533,1530,1541,1540,1534,1502,1517,1551,1512,1360,1522,1550,1507,1504,1515,1518,1509,1556,1575,1572,1539,1528,1004,521,1554,1506,1536,974,1480,53466,1542,53467,1481,1484,1486,1485,1521,1489,1490,1498,1570,1491,1483,1514,1513,1482,1546,1527,1516],"class_list":{"0":"post-403213","1":"post","2":"type-post","3":"status-publish","4":"format-standard","5":"has-post-thumbnail","7":"category-films","8":"tag-a-new-hope","9":"tag-ackbar","10":"tag-activision","11":"tag-actualites","12":"tag-alliance","13":"tag-amidala","14":"tag-anakin","15":"tag-attack-of-the-clones","16":"tag-attakus","17":"tag-bespin","18":"tag-chronologie","19":"tag-clone-wars","20":"tag-coruscant","21":"tag-courleciel","22":"tag-dagobah","23":"tag-dark","24":"tag-darth","25":"tag-divertissement","26":"tag-empire","27":"tag-empire-strikes-back","28":"tag-encyclopaedia","29":"tag-encyclopedia","30":"tag-encyclopedie","31":"tag-entertainment","32":"tag-episode-1","33":"tag-episode-2","34":"tag-episode-3","35":"tag-episode-4","36":"tag-episode-5","37":"tag-episode-6","38":"tag-episode-i","39":"tag-episode-ii","40":"tag-episode-iii","41":"tag-episode-iv","42":"tag-episode-v","43":"tag-episode-vi","44":"tag-fate-of-the-jedi","45":"tag-films","46":"tag-fleuve-noir","47":"tag-fr","48":"tag-france","49":"tag-george","50":"tag-guerre-des-clones","51":"tag-guerre-des-etoiles","52":"tag-harisson-ford","53":"tag-hasbro","54":"tag-hoth","55":"tag-ilm","56":"tag-jedi","57":"tag-kamino","58":"tag-kenny-baker","59":"tag-kenobi","60":"tag-l","61":"tag-la-menace-fantome","62":"tag-legacy-of-the-force","63":"tag-leia","64":"tag-lightsaber","65":"tag-live-serie","66":"tag-lucas","67":"tag-lucasarts","68":"tag-lucasbooks","69":"tag-lucasdigital","70":"tag-lucasfilm","71":"tag-lucasfilm-magazine","72":"tag-lucasmag","73":"tag-lucasonline","74":"tag-luke","75":"tag-mace-windu","76":"tag-mark-hamill","77":"tag-maul","78":"tag-movies","79":"tag-naboo","80":"tag-natalie-portman","81":"tag-obi-wan","82":"tag-padme","83":"tag-palpatine","84":"tag-piett","85":"tag-qui-gon-jinn","86":"tag-rebellion","87":"tag-return-of-the-jedi","88":"tag-revenge-of-the-sith","89":"tag-rick-mc-callum","90":"tag-sabre-laser","91":"tag-senat","92":"tag-serie","93":"tag-sith","94":"tag-skywalker","95":"tag-skywalker-ranch","96":"tag-star","97":"tag-star-wars","98":"tag-star-wars-starfighter-une-nouvelle-image-de-tournage","99":"tag-star-wars-magazine","100":"tag-star-wars-stories","101":"tag-starwars","102":"tag-starwars-universe","103":"tag-swoo","104":"tag-swu","105":"tag-tatooine","106":"tag-the-clone-wars","107":"tag-the-force-unleashed","108":"tag-the-old-republic","109":"tag-the-phantom-menace","110":"tag-univers-etendu","111":"tag-universe","112":"tag-vader","113":"tag-vador","114":"tag-wars","115":"tag-wizard","116":"tag-yavin","117":"tag-yoda"},"share_on_mastodon":{"url":"","error":"Validation failed: Text character limit of 500 exceeded"},"_links":{"self":[{"href":"https:\/\/www.europesays.com\/fr\/wp-json\/wp\/v2\/posts\/403213","targetHints":{"allow":["GET"]}}],"collection":[{"href":"https:\/\/www.europesays.com\/fr\/wp-json\/wp\/v2\/posts"}],"about":[{"href":"https:\/\/www.europesays.com\/fr\/wp-json\/wp\/v2\/types\/post"}],"author":[{"embeddable":true,"href":"https:\/\/www.europesays.com\/fr\/wp-json\/wp\/v2\/users\/2"}],"replies":[{"embeddable":true,"href":"https:\/\/www.europesays.com\/fr\/wp-json\/wp\/v2\/comments?post=403213"}],"version-history":[{"count":0,"href":"https:\/\/www.europesays.com\/fr\/wp-json\/wp\/v2\/posts\/403213\/revisions"}],"wp:featuredmedia":[{"embeddable":true,"href":"https:\/\/www.europesays.com\/fr\/wp-json\/wp\/v2\/media\/403214"}],"wp:attachment":[{"href":"https:\/\/www.europesays.com\/fr\/wp-json\/wp\/v2\/media?parent=403213"}],"wp:term":[{"taxonomy":"category","embeddable":true,"href":"https:\/\/www.europesays.com\/fr\/wp-json\/wp\/v2\/categories?post=403213"},{"taxonomy":"post_tag","embeddable":true,"href":"https:\/\/www.europesays.com\/fr\/wp-json\/wp\/v2\/tags?post=403213"}],"curies":[{"name":"wp","href":"https:\/\/api.w.org\/{rel}","templated":true}]}}