{"id":403215,"date":"2025-09-19T20:52:18","date_gmt":"2025-09-19T20:52:18","guid":{"rendered":"https:\/\/www.europesays.com\/fr\/403215\/"},"modified":"2025-09-19T20:52:18","modified_gmt":"2025-09-19T20:52:18","slug":"un-cas-autochtone-de-chikungunya-detecte-dans-une-commune-des-deux-sevres","status":"publish","type":"post","link":"https:\/\/www.europesays.com\/fr\/403215\/","title":{"rendered":"Un cas autochtone de chikungunya d\u00e9tect\u00e9 dans une commune des Deux-S\u00e8vres"},"content":{"rendered":"<p>Un cas autochtone de chikungunya a \u00e9t\u00e9 d\u00e9tect\u00e9 \u00e0 <a title=\"Lien vers les actualit\u00e9s de Chauray\" target=\"_self\" href=\"https:\/\/www.lanouvellerepublique.fr\/deux-sevres\/commune\/chauray\" rel=\"noopener\">Chauray<\/a>, annonce l\u2019Agence r\u00e9gionale de sant\u00e9 ce vendredi 19\u00a0septembre 2025. \u00ab\u00a0L\u2019\u00e9tat de sant\u00e9 de la personne n\u2019inspire pas d\u2019inqui\u00e9tudes. Des mesures imm\u00e9diates ont \u00e9t\u00e9 mises en \u0153uvre pour limiter tout risque de propagation.\u00a0\u00bb<\/p>\n<p>On parle de cas autonome quand une personne a contract\u00e9 la maladie sur le territoire national et non lors d\u2019un voyage dans une zone contamin\u00e9e. Le chikungunya se transmet uniquement par l\u2019interm\u00e9diaire de la piq\u00fbre d\u2019un moustique infect\u00e9 par le virus, le moustique tigre, <a target=\"_self\" href=\"https:\/\/www.lanouvellerepublique.fr\/a-la-une\/chikungunya-dengue-virus-du-nil-occidental-les-cas-continuent-a-augmenter-en-metropole-1755698267\" rel=\"noopener\">pr\u00e9sent en m\u00e9tropole<\/a>.<\/p>\n<p>\u00ab\u00a0Le virus circule en Nouvelle-Aquitaine\u00a0\u00bb<\/p>\n<p>\u00ab\u00a0Ce nouveau cas et le nombre de foyers de transmission autochtone confirment que le virus circule en Nouvelle-Aquitaine\u00a0\u00bb, commente l\u2019ARS. \u00c0 l\u2019exception de la Creuse, tous les d\u00e9partements de Nouvelle-Aquitaine sont colonis\u00e9s par le moustique tigre. D\u00e9but septembre, des cas autonomes de chikungunya avaient \u00e9t\u00e9 d\u00e9tect\u00e9s \u00e0 La\u00a0Rochelle, en Charente-Maritime.<\/p>\n<p>Pour \u00e9viter la propagation de la maladie, des op\u00e9rations de d\u00e9moustication vont \u00eatre men\u00e9es sur les lieux de s\u00e9jour et les lieux fr\u00e9quent\u00e9s par la personne contamin\u00e9e. L\u2019objectif est d\u2019\u00e9liminer \u00ab\u00a0les g\u00eetes larvaires\u00a0\u00bb et les moustiques adultes qui peuvent transmettre le virus. Les habitants des secteurs concern\u00e9s vont \u00eatre inform\u00e9s par un flyer d\u00e9pos\u00e9 dans leurs bo\u00eetes aux lettres. Si un r\u00e9sident n\u2019a pas re\u00e7u d\u2019information dans sa bo\u00eete, c\u2019est que son logement n\u2019est pas concern\u00e9 par ces traitements.<\/p>\n<p>M\u00e9decins, pharmaciens et laboratoires avertis<\/p>\n<p>Les m\u00e9decins lib\u00e9raux et hospitaliers ainsi que les pharmaciens et laboratoires d\u2019analyses m\u00e9dicales ont re\u00e7u une information sur les sympt\u00f4mes qui \u00e9voquent le chikungunya\u00a0: fi\u00e8vre qui d\u00e9passe les 38\u00a0\u00b0C, douleurs articulaires, \u00e9ruption cutan\u00e9e, fatigue, douleurs musculaires. Tout cas de chikungunya doit \u00eatre rapport\u00e9 \u00e0 l\u2019ARS par les professionnels de sant\u00e9 afin de d\u00e9clencher une intervention rapide.<\/p>\n<p>Au 15\u00a0septembre 2025, on d\u00e9nombrait 54 foyers en France repr\u00e9sentant 479 cas. Il est recommand\u00e9 pour \u00e9viter la prolif\u00e9ration des moustiques de vider les coupelles de plantes ainsi que tout ce qui peut retenir l\u2019eau, et de fermer herm\u00e9tiquement ou de recouvrir d\u2019une moustiquaire les r\u00e9serves d\u2019eau.<\/p>\n<\/p>\n<p>\u00ab\u00a0Nous attendons les recommandations\u00a0\u00bb<\/p>\n<p>Contact\u00e9 en d\u00e9but d\u2019apr\u00e8s-midi, le maire de Chauray Claude Boisson indiquait avoir \u00e9t\u00e9 alert\u00e9 peu de temps avant du cas de\u00a0chikungunya, qui est localis\u00e9 dans le village de Chaban\u00a0: \u00ab\u00a0Nous attendons les recommandations de l\u2019ARS pour une action possible de pulv\u00e9risation en d\u00e9but de semaine et ainsi \u00e9viter la multiplication des cas. Nous serons \u00e0 leur disposition pour communiquer aupr\u00e8s des habitants le moment venu. Il y a un seul cas, la personne a \u00e9t\u00e9 isol\u00e9e et n\u2019est pas en danger. L\u2019ARS ne nous a pas donn\u00e9 de consignes particuli\u00e8res concernant le festival de food-truck organis\u00e9 ce week-end. En tant que maire je ne m\u2019attendais pas \u00e0 cela.\u00a0\u00bb<\/p>\n","protected":false},"excerpt":{"rendered":"Un cas autochtone de chikungunya a \u00e9t\u00e9 d\u00e9tect\u00e9 \u00e0 Chauray, annonce l\u2019Agence r\u00e9gionale de sant\u00e9 ce vendredi 19\u00a0septembre&hellip;\n","protected":false},"author":2,"featured_media":403216,"comment_status":"","ping_status":"","sticky":false,"template":"","format":"standard","meta":{"footnotes":""},"categories":[10],"tags":[328,1392,22484,2545,1011,27,72,71],"class_list":{"0":"post-403215","1":"post","2":"type-post","3":"status-publish","4":"format-standard","5":"has-post-thumbnail","7":"category-sante","8":"tag-a-la-une","9":"tag-a-la-une-local","10":"tag-chauray","11":"tag-deux-sevres","12":"tag-fr","13":"tag-france","14":"tag-health","15":"tag-sante"},"share_on_mastodon":{"url":"https:\/\/pubeurope.com\/@fr\/115232947935019457","error":""},"_links":{"self":[{"href":"https:\/\/www.europesays.com\/fr\/wp-json\/wp\/v2\/posts\/403215","targetHints":{"allow":["GET"]}}],"collection":[{"href":"https:\/\/www.europesays.com\/fr\/wp-json\/wp\/v2\/posts"}],"about":[{"href":"https:\/\/www.europesays.com\/fr\/wp-json\/wp\/v2\/types\/post"}],"author":[{"embeddable":true,"href":"https:\/\/www.europesays.com\/fr\/wp-json\/wp\/v2\/users\/2"}],"replies":[{"embeddable":true,"href":"https:\/\/www.europesays.com\/fr\/wp-json\/wp\/v2\/comments?post=403215"}],"version-history":[{"count":0,"href":"https:\/\/www.europesays.com\/fr\/wp-json\/wp\/v2\/posts\/403215\/revisions"}],"wp:featuredmedia":[{"embeddable":true,"href":"https:\/\/www.europesays.com\/fr\/wp-json\/wp\/v2\/media\/403216"}],"wp:attachment":[{"href":"https:\/\/www.europesays.com\/fr\/wp-json\/wp\/v2\/media?parent=403215"}],"wp:term":[{"taxonomy":"category","embeddable":true,"href":"https:\/\/www.europesays.com\/fr\/wp-json\/wp\/v2\/categories?post=403215"},{"taxonomy":"post_tag","embeddable":true,"href":"https:\/\/www.europesays.com\/fr\/wp-json\/wp\/v2\/tags?post=403215"}],"curies":[{"name":"wp","href":"https:\/\/api.w.org\/{rel}","templated":true}]}}