{"id":403227,"date":"2025-09-19T20:58:10","date_gmt":"2025-09-19T20:58:10","guid":{"rendered":"https:\/\/www.europesays.com\/fr\/403227\/"},"modified":"2025-09-19T20:58:10","modified_gmt":"2025-09-19T20:58:10","slug":"fais-des-squats-sinon-on-tenc-un-lyceen-violemment-agresse-en-bretagne-une-enquete-ouverte","status":"publish","type":"post","link":"https:\/\/www.europesays.com\/fr\/403227\/","title":{"rendered":"\u00ab Fais des squats, sinon on t\u2019enc&#8230; \u00bb : un lyc\u00e9en violemment agress\u00e9 en Bretagne, une enqu\u00eate ouverte"},"content":{"rendered":"<p class=\"paragraph text_align_left lp-f-body-02\">La vid\u00e9o de l\u2019agression a \u00e9t\u00e9 partag\u00e9e en masse sur les r\u00e9seaux sociaux. On y voit un lyc\u00e9en humili\u00e9 par un groupe d\u2019une dizaine de jeunes. L\u2019adolescent, seul est ensuite mis au sol et frapp\u00e9 \u00e0 plusieurs reprises \u00e0 coups de poings et \u00e0 coups de pieds par plusieurs de ses camarades. <\/p>\n<p class=\"paragraph text_align_left lp-f-body-02\">Dans un message aux parents d\u2019\u00e9l\u00e8ves, consult\u00e9 par <a href=\"https:\/\/www.letelegramme.fr\/cotes-d-armor\/loudeac-22600\/violente-agression-au-lycee-fulgence-bienvenue-de-loudeac-la-direction-appelle-au-calme-et-a-la-vigilance-6892674.php\" target=\"_self\" rel=\"nofollow noopener\">Le T\u00e9l\u00e9gramme<\/a> la direction du lyc\u00e9e Fulgence-Bienven\u00fce de <a href=\"https:\/\/www.leparisien.fr\/faits-divers\/les-blessures-seront-longues-a-cicatriser-a-loudeac-la-plainte-pour-viols-contre-deux-pretres-classee-sans-suite-17-06-2025-EA3SDNYCIND6LMR6QHAYXYNEAI.php\" target=\"_self\" rel=\"nofollow noopener\">Loud\u00e9ac<\/a> (C\u00f4tes d\u2019Armor), \u00e0 une quarantaine de kilom\u00e8tres au sud de <a href=\"https:\/\/www.leparisien.fr\/faits-divers\/saint-brieuc-lenfant-de-5-ans-qui-avait-avale-de-la-cocaine-est-decede-02-04-2025-ZZ6QGPLQ5BFDLB4FPESALKGYAE.php\" target=\"_self\" rel=\"nofollow noopener\">Saint-Brieuc<\/a>, confirme que l\u2019agression implique en grande majorit\u00e9 des \u00e9l\u00e8ves de l\u2019\u00e9tablissement.<\/p>\n<p class=\"paragraph text_align_left lp-f-body-02\">Le passage \u00e0 tabac de l\u2019\u00e9l\u00e8ve a n\u00e9cessit\u00e9 une intervention de la gendarmerie et des pompiers pr\u00e9cise la direction. Le courrier \u00e9voque \u00e9galement plusieurs altercations depuis le 17 septembre dans l\u2019enceinte du lyc\u00e9e.<\/p>\n<blockquote class=\"twitter-tweet\">\n<p lang=\"fr\" dir=\"ltr\">\ud83d\udea8\ud83c\uddeb\ud83c\uddf7 ALERTE INFO !<\/p>\n<p>\u00ab\u00a0FAIS DES SQUATS SINON ON T\u2019ENCULE !\u00a0\u00bb<\/p>\n<p>Un lyc\u00e9en a \u00e9t\u00e9 TABASS\u00c9, HARCEL\u00c9 et HUMILI\u00c9 par d\u2019autres jeunes devant le lyc\u00e9e Fulgence-Bienven\u00fce \u00e0 Loud\u00e9ac.<\/p>\n<p>(t\u00e9moins) <a href=\"https:\/\/t.co\/Ao8BqlhXLL\" rel=\"nofollow\">pic.twitter.com\/Ao8BqlhXLL<\/a><\/p>\n<p>\u2014 Impact (@ImpactMediaFR) <a href=\"https:\/\/twitter.com\/ImpactMediaFR\/status\/1969035755923116401?ref_src=twsrc%5Etfw\" rel=\"nofollow noopener\" target=\"_blank\">September 19, 2025<\/a><\/p><\/blockquote>\n<p class=\"paragraph text_align_left lp-f-body-02\">\u00ab Nous sommes tous choqu\u00e9s par la violence des incidents \u00bb, \u00e9crit la proviseure Mireille Le Cornec dans un second message \u00e9galement consult\u00e9 par Le T\u00e9l\u00e9gramme. \u00ab L\u2019ensemble de ces situations sont prises en charge et les \u00e9l\u00e8ves seront s\u00e9v\u00e8rement sanctionn\u00e9s \u00bb poursuit la proviseure qui ajoute que le lyc\u00e9e demande \u00ab des services comp\u00e9tents pour analyser cette situation et engager un travail de r\u00e9flexion sur le long terme \u00bb.<\/p>\n<p class=\"lp-card-podcast-highlighting__title  lp-f-subtitle-05\">[4\/6] Jubillar\u00a0: de la disparition au proc\u00e8s, une affaire sans corps ni aveux<\/p>\n<p class=\"lp-card-podcast-highlighting__description lp-f-ui-05\">Crime story raconte chaque semaine les grandes affaires criminelles.<\/p>\n<p><a class=\"lp-card-podcast-highlighting__call-to-action\" data-page-type=\"HP\" data-block-name=\"podcast-highlight\">\u00c9couter<\/a><\/p>\n<p class=\"paragraph text_align_left lp-f-body-02\">Le parquet de Saint-Brieuc ouvre une enqu\u00eate selon les informations de <a href=\"https:\/\/www.francebleu.fr\/infos\/faits-divers-justice\/enquete-ouverte-apres-l-agression-filmee-d-un-lyceen-a-loudeac-9621445\" target=\"_self\" rel=\"nofollow noopener\">France Bleu<\/a> qui pr\u00e9cise que tous les auteurs de l\u2019agression film\u00e9e n\u2019ont pas \u00e9t\u00e9 identifi\u00e9s et qu\u2019une fois leurs identit\u00e9s connues, des gardes \u00e0 vues devraient intervenir.<\/p>\n<p><script async src=\"https:\/\/platform.twitter.com\/widgets.js\" charset=\"utf-8\"><\/script><\/p>\n","protected":false},"excerpt":{"rendered":"La vid\u00e9o de l\u2019agression a \u00e9t\u00e9 partag\u00e9e en masse sur les r\u00e9seaux sociaux. On y voit un lyc\u00e9en&hellip;\n","protected":false},"author":2,"featured_media":403228,"comment_status":"","ping_status":"","sticky":false,"template":"","format":"standard","meta":{"footnotes":""},"categories":[4],"tags":[11,459,118,1011,27,12,25],"class_list":{"0":"post-403227","1":"post","2":"type-post","3":"status-publish","4":"format-standard","5":"has-post-thumbnail","7":"category-france","8":"tag-actualites","9":"tag-departements-horsidfo","10":"tag-faits-divers","11":"tag-fr","12":"tag-france","13":"tag-news","14":"tag-republique-francaise"},"share_on_mastodon":{"url":"https:\/\/pubeurope.com\/@fr\/115232972186049928","error":""},"_links":{"self":[{"href":"https:\/\/www.europesays.com\/fr\/wp-json\/wp\/v2\/posts\/403227","targetHints":{"allow":["GET"]}}],"collection":[{"href":"https:\/\/www.europesays.com\/fr\/wp-json\/wp\/v2\/posts"}],"about":[{"href":"https:\/\/www.europesays.com\/fr\/wp-json\/wp\/v2\/types\/post"}],"author":[{"embeddable":true,"href":"https:\/\/www.europesays.com\/fr\/wp-json\/wp\/v2\/users\/2"}],"replies":[{"embeddable":true,"href":"https:\/\/www.europesays.com\/fr\/wp-json\/wp\/v2\/comments?post=403227"}],"version-history":[{"count":0,"href":"https:\/\/www.europesays.com\/fr\/wp-json\/wp\/v2\/posts\/403227\/revisions"}],"wp:featuredmedia":[{"embeddable":true,"href":"https:\/\/www.europesays.com\/fr\/wp-json\/wp\/v2\/media\/403228"}],"wp:attachment":[{"href":"https:\/\/www.europesays.com\/fr\/wp-json\/wp\/v2\/media?parent=403227"}],"wp:term":[{"taxonomy":"category","embeddable":true,"href":"https:\/\/www.europesays.com\/fr\/wp-json\/wp\/v2\/categories?post=403227"},{"taxonomy":"post_tag","embeddable":true,"href":"https:\/\/www.europesays.com\/fr\/wp-json\/wp\/v2\/tags?post=403227"}],"curies":[{"name":"wp","href":"https:\/\/api.w.org\/{rel}","templated":true}]}}