{"id":403235,"date":"2025-09-19T21:02:19","date_gmt":"2025-09-19T21:02:19","guid":{"rendered":"https:\/\/www.europesays.com\/fr\/403235\/"},"modified":"2025-09-19T21:02:19","modified_gmt":"2025-09-19T21:02:19","slug":"loisirs-que-faire-ce-week-end-en-lorraine-notre-selection-pour-des-idees-de-sorties-4","status":"publish","type":"post","link":"https:\/\/www.europesays.com\/fr\/403235\/","title":{"rendered":"Loisirs. Que faire ce week-end en Lorraine ? Notre s\u00e9lection pour des id\u00e9es de sorties"},"content":{"rendered":"<p>  M\u00e9di\u00e9vales du ch\u00e2teau de Thillombois : spectacles et animations de folie<\/p>\n<p>Les si\u00e8cles passent, et pourtant le Moyen \u00c2ge fascine plus que jamais. Une \u00e9poque que Connaissance de la Meuse a su faire rena\u00eetre l\u2019espace d\u2019une journ\u00e9e-test en septembre 2023.\u00a0Fort du succ\u00e8s populaire enregistr\u00e9 avec plus de 3\u2002000\u2002spectateurs, l\u2019association lance un tout nouvel \u00e9v\u00e8nement avec \u00ab\u200a Les M\u00e9di\u00e9vales du Ch\u00e2teau de Thillombois \u200a\u00bb, sur deux jours cette fois, les samedi 20 et dimanche 21 septembre. Parmi les sept grandes attractions programm\u00e9es tout au long de ces deux journ\u00e9es, le spectaculaire tournoi de chevalerie, avec ses joutes intenses reviendra trois fois par jour.<\/p>\n<p>Des d\u00e9monstrations de b\u00e9hourd (combats en armures lourdes) feront \u00e9galement le bonheur de toutes les g\u00e9n\u00e9rations. Sans oublier deux ensembles de musiciens avec danseurs, une farce m\u00e9di\u00e9vale avec des com\u00e9diens, une d\u00e9ambulation de cr\u00e9atures fantastique, un spectacle pour enfant (Le secret de la Licorne), et un site d\u2019escalade d\u2019une haute tour en bois. Enfin, le parc du ch\u00e2teau de Thillombois sera litt\u00e9ralement assi\u00e9g\u00e9 par quatre campements m\u00e9di\u00e9vaux compos\u00e9s d\u2019une quinzaine de tentes. Occasion de d\u00e9couvrir la vie quotidienne de l\u2019\u00e9poque mais aussi d\u2019assister \u00e0 des combats \u00e0 l\u2019\u00e9p\u00e9e, des tirs avec des armes \u00e0 feu, du tir \u00e0 l\u2019arc et des stands d\u2019initiation pour les enfants.<\/p>\n<p>    &#13;<br \/>\n    &#13;<br \/>\n    &#13;<br \/>\n    <a href=\"https:\/\/cdn-s-www.estrepublicain.fr\/images\/2feca628-23f1-47a3-832a-2b16b6763461\/NW_raw\/le-chateau-de-thillombois-fete-le-moyen-age-durant-tout-le-week-end-photo-jean-noel-portmann-1758212485.jpg\" title=\"Le ch\u00e2teau de Thillombois f\u00eate le Moyen \u00c2ge durant tout le week-end. Photo\u00a0Jean-No\u00ebl Portmann\" class=\"chocolat-image GA-tracking\" data-ga_type=\"click\" data-ga_category=\"D\u00e9tail\" data-ga_action=\"zoomer\" data-ga_label=\"aggrandir image\" target=\"_blank\" rel=\"noopener\">&#13;<br \/>\n        <img src=\"https:\/\/www.europesays.com\/fr\/wp-content\/uploads\/2025\/09\/le-chateau-de-thillombois-fete-le-moyen-age-durant-tout-le-week-end-photo-jean-noel-portmann-1758212.jpeg\"   alt=\"Le ch\u00e2teau de Thillombois f\u00eate le Moyen \u00c2ge durant tout le week-end. Photo\u00a0Jean-No\u00ebl Portmann\" fetchpriority=\"high\" decoding=\"async\" data-mobile=\"NW_listA_M|1758212485\" data-base=\"NW_listA|1758212485\"\/>&#13;<br \/>\n    <\/a>&#13;<\/p>\n<p>Le ch\u00e2teau de Thillombois f\u00eate le Moyen \u00c2ge durant tout le week-end. Photo\u00a0Jean-No\u00ebl Portmann<\/p>\n<p class=\"insetTitle\">Les infos pratiques<\/p>\n<ul>\n<li><strong>Date<\/strong>. Samedi 20 septembre\u200a: 14\u200ah \u2013 18\u200ah\u200a30. Dimanche 21 septembre\u200a: 10\u200ah \u2013 18\u200ah\u200a30.\u00a0<\/li>\n<li><strong>Lieu.\u00a0<\/strong> Au ch\u00e2teau de Thillombois (Meuse).<\/li>\n<li><strong>Renseignements. <\/strong>\u00a0Infos et r\u00e9servations\u200a: \u200a03\u200a29\u200a84\u200a50\u200a00. <a href=\"http:\/\/www.ch\u00e2teau-thillombois.com\" target=\"_blank\" rel=\"noopener\">www.ch\u00e2teau-thillombois.com<\/a><\/li>\n<li><strong>Tarifs.<\/strong>\u00a0Billets en pr\u00e9vente jusqu\u2019au 10 septembre\u200a: tarifs adulte 13 \u20ac, jeune (7-18 ans) 10 \u20ac, enfant de -7 ans, gratuit. \u00c0 compter du 11 septembre\u200a: tarifs adulte 18 \u20ac, jeune (7-18\u2002ans) 13 \u20ac, enfant de -7\u2002ans) gratuit.<\/li>\n<\/ul>\n<p>  Seichamps \u00a0: foire aux fromages et \u00e0 la gastronomie<\/p>\n<p>Organis\u00e9e depuis 45 ans, la\u00a0 foire aux fromages a lieu ce week-end. Plus de 50 fromagers, gastronomes, viticulteurs, artisans et commer\u00e7ants se r\u00e9unissent pour pr\u00e9senter leur savoir-faire et leurs produits dans l\u2019all\u00e9e gourmande et l\u2019avenue des H\u00e9leux.\u00a0 Au programme \u200a: marche gourmande, f\u00eate foraine, expositions, d\u00e9gustations de produits gastronomiques, spectacles vari\u00e9s\u200a: chant, danse et feu d\u2019artifice.<\/p>\n<p>    &#13;<br \/>\n    &#13;<br \/>\n    &#13;<br \/>\n    <a href=\"https:\/\/cdn-s-www.estrepublicain.fr\/images\/e4dab237-79b2-4842-84dc-9591661d7517\/NW_raw\/50-fromagers-seront-de-la-partie-photo-er-1758212859.jpg\" title=\"50 fromagers seront de la partie. Photo ER.\" class=\"chocolat-image GA-tracking\" data-ga_type=\"click\" data-ga_category=\"D\u00e9tail\" data-ga_action=\"zoomer\" data-ga_label=\"aggrandir image\" target=\"_blank\" rel=\"noopener\">&#13;<br \/>\n        <img src=\"https:\/\/www.europesays.com\/fr\/wp-content\/uploads\/2025\/09\/50-fromagers-seront-de-la-partie-photo-er-1758212859.jpg\"   alt=\"50 fromagers seront de la partie. Photo ER.\" fetchpriority=\"high\" decoding=\"async\" data-mobile=\"NW_listA_M|1758212859\" data-base=\"NW_listA|1758212859\"\/>&#13;<br \/>\n    <\/a>&#13;<\/p>\n<p>50 fromagers seront de la partie. Photo ER.<\/p>\n<p class=\"insetTitle\">Les infos pratiques<\/p>\n<ul>\n<li><strong>Dates<\/strong>. Samedi 19 et dimanche 20 septembre \u00e0 partir de 11\u200ah.\u00a0<\/li>\n<li><strong>Lieu.\u00a0<\/strong>All\u00e9e gourmande et avenue des H\u00e9leux, \u00e0 Seichamps (54).<\/li>\n<li><strong>Tarif. <\/strong>Entr\u00e9e libre<\/li>\n<\/ul>\n<p>  Neufch\u00e2teau \u00a0: 28e \u00e9dition de la foire aux pommes ce samedi\u00a0<\/p>\n<p>C\u2019est LE grand rendez-vous de cette fin d\u2019\u00e9t\u00e9 \u00e0 Neufch\u00e2teau, inscrit au programme de ces Estivales 2025 et assur\u00e9ment l\u2019une des manifestations phares de l\u2019agenda festif de la cit\u00e9 des Goncourt\u00a0: la 28e\u00a0\u00a0\u00e9dition de la traditionnelle foire aux pommes se d\u00e9roulera ce samedi 20\u00a0septembre 2025. Un grand rendez-vous programm\u00e9 de 9\u00a0h \u00e0 18\u00a0h, dans les rues du centre-ville. Un \u00e9v\u00e9nement que porte l\u2019association de commer\u00e7ants locale, Dynamic Aerov.<br \/>L\u2019occasion de d\u00e9ambuler parmi les dizaines d\u2019exposants\u00a0et go\u00fbter aux diff\u00e9rentes vari\u00e9t\u00e9s de pommes propos\u00e9es. L\u2019occasion aussi de se rendre \u00e0 la librairie Lambert o\u00f9 Catherine Rouyer Durand sera pr\u00e9sente pour d\u00e9dicacer son dernier roman \u00ab\u00a0Jours de pluie \u00e0 Nancy\u00a0\u00bb (Marlene et Patton \u00e9ditions Liralest).<\/p>\n<p>    &#13;<br \/>\n    &#13;<br \/>\n    &#13;<br \/>\n    <a href=\"https:\/\/cdn-s-www.estrepublicain.fr\/images\/f208ae4c-112b-4624-bd11-74c1dc9145c8\/NW_raw\/plusieurs-tonnes-de-pommes-seront-a-nouveau-vendues-ce-samedi-a-neufchateau-photo-d-archives-j-humbrecht-1758213075.jpg\" title=\"Plusieurs tonnes de pommes seront \u00e0 nouveau vendues ce samedi \u00e0 Neufch\u00e2teau.\u00a0Photo d\u2019archives J. Humbrecht\" class=\"chocolat-image GA-tracking\" data-ga_type=\"click\" data-ga_category=\"D\u00e9tail\" data-ga_action=\"zoomer\" data-ga_label=\"aggrandir image\" target=\"_blank\" rel=\"noopener\">&#13;<br \/>\n        <img src=\"https:\/\/www.europesays.com\/fr\/wp-content\/uploads\/2025\/09\/plusieurs-tonnes-de-pommes-seront-a-nouveau-vendues-ce-samedi-a-neufchateau-photo-d-archives-j-humbr.jpeg\"   alt=\"Plusieurs tonnes de pommes seront \u00e0 nouveau vendues ce samedi \u00e0 Neufch\u00e2teau.\u00a0Photo d\u2019archives J. Humbrecht\" fetchpriority=\"high\" decoding=\"async\" data-mobile=\"NW_listA_M|1758213075\" data-base=\"NW_listA|1758213075\"\/>&#13;<br \/>\n    <\/a>&#13;<\/p>\n<p>Plusieurs tonnes de pommes seront \u00e0 nouveau vendues ce samedi \u00e0 Neufch\u00e2teau.\u00a0Photo d\u2019archives J. Humbrecht<\/p>\n<p class=\"insetTitle\">Les infos pratiques<\/p>\n<ul>\n<li><strong>Date<\/strong>. Samedi\u00a0 20 septembre, de 9\u200ah \u00e0 18\u200ah,\u00a0\u00a0<\/li>\n<li><strong>Lieu<\/strong>. Centre-ville de Neufch\u00e2teau (88).<\/li>\n<li><strong>Tarif.<\/strong> Entr\u00e9e libre.<\/li>\n<\/ul>\n<p>  Nancy \u00a0: le centre op\u00e9rationnel de la SNCF ouvre ses portes<\/p>\n<p>Dans le cadre des Journ\u00e9es Europ\u00e9ennes du Patrimoine, le centre op\u00e9rationnel du groupe SNCF ouvre ses portes pour permettre aux visiteurs de d\u00e9couvrir de quelle mani\u00e8re les agents SNCF assurent quotidiennement la circulation des trains et la prise en charge des voyageurs en cas d\u2019al\u00e9as. Ce site strat\u00e9gique est habituellement inaccessible. La gare de Nancy s\u2019ouvre \u00e9galement au public, une invitation \u00e0 pousser les portes d\u2019un \u00e9difice embl\u00e9matique de la ville.<\/p>\n<p>    &#13;<br \/>\n    &#13;<br \/>\n    &#13;<br \/>\n    <a href=\"https:\/\/cdn-s-www.estrepublicain.fr\/images\/914562f6-6127-4687-9f8e-dd77eb88355b\/NW_raw\/une-occasion-unique-d-en-savoir-un-peu-plus-sur-le-travail-des-cheminots-photo-severine-kichenbrand-1758213579.jpg\" title=\"Une occasion unique d\u2019en savoir un peu plus sur le travail des cheminots. Photo\u00a0S\u00e9verine Kichenbrand\" class=\"chocolat-image GA-tracking\" data-ga_type=\"click\" data-ga_category=\"D\u00e9tail\" data-ga_action=\"zoomer\" data-ga_label=\"aggrandir image\" target=\"_blank\" rel=\"noopener\">&#13;<br \/>\n        <img src=\"https:\/\/www.europesays.com\/fr\/wp-content\/uploads\/2025\/09\/une-occasion-unique-d-en-savoir-un-peu-plus-sur-le-travail-des-cheminots-photo-severine-kichenbrand-.jpeg\"   alt=\"Une occasion unique d\u2019en savoir un peu plus sur le travail des cheminots. Photo\u00a0S\u00e9verine Kichenbrand\" fetchpriority=\"high\" decoding=\"async\" data-mobile=\"NW_listA_M|1758213579\" data-base=\"NW_listA|1758213579\"\/>&#13;<br \/>\n    <\/a>&#13;<\/p>\n<p>Une occasion unique d\u2019en savoir un peu plus sur le travail des cheminots. Photo\u00a0S\u00e9verine Kichenbrand<\/p>\n<p class=\"insetTitle\">Les infos pratiques<\/p>\n<ul>\n<li><strong>Dates<\/strong>.\u00a0Samedi 20 et dimanche 21 septembre.<\/li>\n<li><strong>Lieu.<\/strong>\u00a0Gare de Nancy (54).<\/li>\n<li><strong>Tarif.<\/strong> Ent\u00e9e libre.\u00a0<\/li>\n<li><strong>R\u00e9servations et horaires d\u00e9taill\u00e9s<\/strong> sur<a href=\"https:\/\/www.nancy.fr\/culture\/patrimoine\/journees-du-patrimoine\" target=\"_blank\" rel=\"noopener\"> le site de la ville de Nancy.<\/a><\/li>\n<\/ul>\n<p>  Verdun \u00a0: Transversales\u200a: un avant-go\u00fbt de la saison culturelle<\/p>\n<p>Samedi 20 septembre, le public est invit\u00e9 \u00e0 venir d\u00e9couvrir la nouvelle saison 2025-2026, \u00e0 l\u2019\u00e9glise Jeanne-d\u2019Arc. Tout d\u2019abord, \u00e0 15\u200ah\u200a30, avec un rendez-vous pour les familles. On pourra y d\u00e9couvrir les spectacles de la saison et leur lieu de repr\u00e9sentation, une chasse au tr\u00e9sor, des mini-jeux, le tout autour d\u2019un go\u00fbter. Puis \u00e0 20\u200ah, des bandes-annonces de spectacles, des interventions des artistes. \u00c9galement, une pr\u00e9sentation du Cirque du Corbak \u00ab\u200aLe Noyau\u200a\u00bb d\u2019une dur\u00e9e de 15 minutes.<\/p>\n<p>    &#13;<br \/>\n    &#13;<br \/>\n    &#13;<br \/>\n    <a href=\"https:\/\/cdn-s-www.estrepublicain.fr\/images\/bbefff77-f58a-48b0-a1f9-5ef1ebb4729f\/NW_raw\/le-spectacle-level-up-fait-partie-des-moments-forts-programmes-cette-saison-photo-pierre-gondard-1758214039.jpg\" title=\"Le spectacle Level up fait partie des moments forts programm\u00e9s cette saison. Photo\u00a0Pierre-Gondard\" class=\"chocolat-image GA-tracking\" data-ga_type=\"click\" data-ga_category=\"D\u00e9tail\" data-ga_action=\"zoomer\" data-ga_label=\"aggrandir image\" target=\"_blank\" rel=\"noopener\">&#13;<br \/>\n        <img src=\"https:\/\/www.europesays.com\/fr\/wp-content\/uploads\/2025\/09\/le-spectacle-level-up-fait-partie-des-moments-forts-programmes-cette-saison-photo-pierre-gondard-175.jpeg\"   alt=\"Le spectacle Level up fait partie des moments forts programm\u00e9s cette saison. Photo\u00a0Pierre-Gondard\" fetchpriority=\"high\" decoding=\"async\" data-mobile=\"NW_listA_M|1758214039\" data-base=\"NW_listA|1758214039\"\/>&#13;<br \/>\n    <\/a>&#13;<\/p>\n<p>Le spectacle Level up fait partie des moments forts programm\u00e9s cette saison. Photo\u00a0Pierre-Gondard<\/p>\n<p class=\"insetTitle\">Les infos pratiques<\/p>\n<ul>\n<li><strong>Dates<\/strong>.\u00a0Samedi 20 septembre, \u00e0 15h30 et 20h.<\/li>\n<li><strong>Lieu<\/strong>. A l\u2019\u00e9glise Jeanne-d\u2019Arc de Verdun (55).<\/li>\n<li><strong>Tarif.<\/strong> Renseignements, t\u00e9l.\u200a03\u200a29\u200a86\u200a67\u200a67\u200a; <a href=\"https:\/\/transversales-verdun.com\/contact\" target=\"_blank\" rel=\"noopener\">billetterie@transversales-verdun.com.<\/a><\/li>\n<\/ul>\n<p>  Pont-\u00e0-Mousson : des stars attendues au gala de catch<\/p>\n<p>Dans le cadre de la f\u00eate du sport qui se d\u00e9roule jusqu\u2019au 28 septembre, le centre des sports de Pont-\u00e0-Mousson mettra le catch \u00e0 l\u2019honneur, samedi. Il s\u2019agit d\u2019un sport m\u00e9langeant vitesse, force, agilit\u00e9 et virtuosit\u00e9 avec des combattants qui invitent \u00e0 rentrer dans des univers surprenants et inattendus.<\/p>\n<p>    &#13;<br \/>\n    &#13;<br \/>\n    &#13;<br \/>\n    <a href=\"https:\/\/cdn-s-www.estrepublicain.fr\/images\/69da6bdb-a942-49bd-b1bb-b7608a766796\/NW_raw\/le-spectacle-est-garanti-ce-samedi-photo-rl-1758214285.jpg\" title=\"Le spectacle est garanti ce samedi. Photo RL\" class=\"chocolat-image GA-tracking\" data-ga_type=\"click\" data-ga_category=\"D\u00e9tail\" data-ga_action=\"zoomer\" data-ga_label=\"aggrandir image\" target=\"_blank\" rel=\"noopener\">&#13;<br \/>\n        <img src=\"https:\/\/www.europesays.com\/fr\/wp-content\/uploads\/2025\/09\/le-spectacle-est-garanti-ce-samedi-photo-rl-1758214285.jpg\"   alt=\"Le spectacle est garanti ce samedi. Photo RL\" fetchpriority=\"high\" decoding=\"async\" data-mobile=\"NW_listA_M|1758214285\" data-base=\"NW_listA|1758214285\"\/>&#13;<br \/>\n    <\/a>&#13;<\/p>\n<p>Le spectacle est garanti ce samedi. Photo RL<\/p>\n<p class=\"insetTitle\">Les infos pratiques<\/p>\n<ul>\n<li><strong>Dates<\/strong>. Samedi 20 septembre, \u00e0 partir de 19 h 30.<\/li>\n<li><strong>Lieu<\/strong>.\u00a0 Au centre des sports, avenue Guynemer.<\/li>\n<li><strong>Tarif.<\/strong>\u00a012 euros.<\/li>\n<\/ul>\n<p>  Grande braderie ce dimanche, \u00e0 Saint-Di\u00e9-des-Vosges<\/p>\n<p>La grande braderie de Saint-Di\u00e9-des-Vosges fait son retour, ce dimanche 21 septembre, de 8 h \u00e0 19 h. Pour cette 74e\u00a0 \u00e9dition, pr\u00e8s de 250 commer\u00e7ants sont attendus, entre ceux qui ouvrent leur commerce et les exposants qui s\u2019installent dans les rues du centre-ville. Le vide-grenier pour les particuliers affiche \u00e9galement complet. C\u00f4t\u00e9 stationnement, les visiteurs sont invit\u00e9s \u00e0 se garer sur la place de la Premi\u00e8re-Arm\u00e9e-Fran\u00e7aise ou sur les parkings du Carrefour et du centre E. Leclerc, des navettes pour rejoindre le centre-ville\u00a0 passant toutes les vingt minutes.<\/p>\n<p>    &#13;<br \/>\n    &#13;<br \/>\n    &#13;<br \/>\n    <a href=\"https:\/\/cdn-s-www.estrepublicain.fr\/images\/7841f8e3-2007-4b76-873f-a9b256ba14e2\/NW_raw\/l-annee-derniere-la-grande-braderie-avait-attire-la-grande-foule-photo-florent-seiler-1758214606.jpg\" title=\"L\u2019ann\u00e9e derni\u00e8re, la grande braderie avait attir\u00e9 la grande foule. Photo\u00a0Florent Seiler\" class=\"chocolat-image GA-tracking\" data-ga_type=\"click\" data-ga_category=\"D\u00e9tail\" data-ga_action=\"zoomer\" data-ga_label=\"aggrandir image\" target=\"_blank\" rel=\"noopener\">&#13;<br \/>\n        <img src=\"https:\/\/www.europesays.com\/fr\/wp-content\/uploads\/2025\/09\/l-annee-derniere-la-grande-braderie-avait-attire-la-grande-foule-photo-florent-seiler-1758214606.jpg\"   alt=\"L\u2019ann\u00e9e derni\u00e8re, la grande braderie avait attir\u00e9 la grande foule. Photo\u00a0Florent Seiler\" fetchpriority=\"high\" decoding=\"async\" data-mobile=\"NW_listA_M|1758214606\" data-base=\"NW_listA|1758214606\"\/>&#13;<br \/>\n    <\/a>&#13;<\/p>\n<p>L\u2019ann\u00e9e derni\u00e8re, la grande braderie avait attir\u00e9 la grande foule. Photo\u00a0Florent Seiler<\/p>\n<p class=\"insetTitle\">Les infos pratiques<\/p>\n<ul>\n<li><strong>Dates. <\/strong>Dimanche 20 septembre,, de 8h \u00e0 19h.<\/li>\n<li><strong>Lieu.<\/strong> Centre-ville de Saint-Di\u00e9-des-Vosges.\u00a0<\/li>\n<li><strong>Tarif.<\/strong>\u00a0Entr\u00e9e libre.<\/li>\n<\/ul>\n<p>  Senones : et de 4 pour le festival litt\u00e9raire des Abbayes !<\/p>\n<p>Le festival litt\u00e9raire des Abbayes s\u2019appr\u00eate \u00e0 rayonner de nouveau en D\u00e9odatie du vendredi 19 au dimanche 21 septembre. Pour sa 4e\u00a0 \u00e9dition, celui-ci ouvrira ses portes au cin\u00e9ma de Raon-l\u2019\u00c9tape \u00e0 17 h avec la projection de La Grande Illusion de Jean Renoir. Le samedi 20 septembre, \u00e0 17 h 30, place \u00e0 un d\u00e9fil\u00e9 de mode et au vernissage de l\u2019exposition Les H\u00e9ros \u00e9ternels (Sherlock Holmes, Harry Potter, Tarzan\u2026) dans les locaux d\u2019Ecotex \u00e0 Senones. Ce festival se cl\u00f4turera ce dimanche 21, de 10 h \u00e0 18 h, par un grand salon litt\u00e9raire anim\u00e9 des trois abbayes \u00e0 la salle des f\u00eates de Senones, regroupant\u00a0 40 \u00e9crivains, illustrateurs, maisons d\u2019\u00e9dition. Les prix du salon et des enfants seront remis \u00e0 11 h.<\/p>\n<p>    &#13;<br \/>\n    &#13;<br \/>\n    &#13;<br \/>\n    <a href=\"https:\/\/cdn-s-www.estrepublicain.fr\/images\/5337ccb1-9c92-4253-ac17-fc2b109f3a8c\/NW_raw\/la-salle-des-fetes-de-senones-accueillera-le-grand-salon-litteraire-anime-des-trois-abbayes-ce-dimanche-21-septembre-photo-d-archives-emilien-schoenher-1758215319.jpg\" title=\"La salle des f\u00eates de Senones accueillera le grand salon litt\u00e9raire anim\u00e9 des trois abbayes ce dimanche 21\u00a0septembre.\u00a0Photo d\u2019archives Emilien Schoenher\" class=\"chocolat-image GA-tracking\" data-ga_type=\"click\" data-ga_category=\"D\u00e9tail\" data-ga_action=\"zoomer\" data-ga_label=\"aggrandir image\" target=\"_blank\" rel=\"noopener\">&#13;<br \/>\n        <img src=\"https:\/\/www.europesays.com\/fr\/wp-content\/uploads\/2025\/09\/la-salle-des-fetes-de-senones-accueillera-le-grand-salon-litteraire-anime-des-trois-abbayes-ce-diman.jpeg\"   alt=\"La salle des f\u00eates de Senones accueillera le grand salon litt\u00e9raire anim\u00e9 des trois abbayes ce dimanche 21\u00a0septembre.\u00a0Photo d\u2019archives Emilien Schoenher\" fetchpriority=\"high\" decoding=\"async\" data-mobile=\"NW_listA_M|1758215319\" data-base=\"NW_listA|1758215319\"\/>&#13;<br \/>\n    <\/a>&#13;<\/p>\n<p>La salle des f\u00eates de Senones accueillera le grand salon litt\u00e9raire anim\u00e9 des trois abbayes ce dimanche 21\u00a0septembre.\u00a0Photo d\u2019archives Emilien Schoenher<\/p>\n<p class=\"insetTitle\">Les infos pratiques<\/p>\n<ul>\n<li><strong>Date.\u00a0<\/strong>Du vendredi 19 au dimanche 21 septembre.<\/li>\n<li><strong>Lieu. <\/strong>\u00a0A Senones et Raon-l&rsquo;Etape.<\/li>\n<li><strong>Renseignements et programme\u00a0<\/strong>sur <a href=\"https:\/\/agglo.saint-die-des-vosges.fr\/evenement\/festival-litteraire-des-abbayes\/\" target=\"_blank\" rel=\"noopener\">festivaldesabbayes<\/a><\/li>\n<\/ul>\n<p>  Maizi\u00e8res-l\u00e8s-Metz \u00a0: le monde des min\u00e9raux s\u2019expose au Tram\u00a0<\/p>\n<p>Un salon des min\u00e9raux, fossiles et bijoux aura lieu au Tram de Maizi\u00e8res-l\u00e8s-Metz samedi\u200220 et dimanche 21 septembre, de 10\u200ah \u00e0 18\u200ah. Les visiteurs pourront y d\u00e9couvrir une large s\u00e9lection de pi\u00e8ces en provenance de France, du Pakistan, du Maroc ou encore de Russie. L\u2019\u00e9v\u00e9nement propose \u00e9galement des animations, une tombola, une p\u00eache aux cailloux pour les enfants.<\/p>\n<p>    &#13;<br \/>\n    &#13;<br \/>\n    &#13;<br \/>\n    <a href=\"https:\/\/cdn-s-www.estrepublicain.fr\/images\/bbc6dbeb-cbed-4ff2-a3dd-511a4b90c87a\/NW_raw\/photo-rl-1758215589.jpg\" title=\"Photo RL\" class=\"chocolat-image GA-tracking\" data-ga_type=\"click\" data-ga_category=\"D\u00e9tail\" data-ga_action=\"zoomer\" data-ga_label=\"aggrandir image\" target=\"_blank\" rel=\"noopener\">&#13;<br \/>\n        <img src=\"https:\/\/www.europesays.com\/fr\/wp-content\/uploads\/2025\/09\/photo-rl-1758215589.jpg\"   alt=\"Photo RL\" fetchpriority=\"high\" decoding=\"async\" data-mobile=\"NW_listA_M|1758215589\" data-base=\"NW_listA|1758215589\"\/>&#13;<br \/>\n    <\/a>&#13;<\/p>\n<p>Photo RL<\/p>\n<p class=\"insetTitle\">Les infos pratiques<\/p>\n<ul>\n<li><strong>Date.<\/strong> Samedi 20 et dimanche 21 septembre, de 10h \u00e0 18h.<strong><br \/><\/strong><\/li>\n<li><strong>Lieu<\/strong>. Au Tram de Maizi\u00e8res-l\u00e8s-Metz (57).<\/li>\n<li><strong>Tarif.<\/strong>\u00a0 Entr\u00e9e libre.<\/li>\n<\/ul>\n","protected":false},"excerpt":{"rendered":"M\u00e9di\u00e9vales du ch\u00e2teau de Thillombois : spectacles et animations de folie Les si\u00e8cles passent, et pourtant le Moyen&hellip;\n","protected":false},"author":2,"featured_media":403236,"comment_status":"","ping_status":"","sticky":false,"template":"","format":"standard","meta":{"footnotes":""},"categories":[9635],"tags":[1111,11,3601,1687,1777,674,107,1011,27,775,1031,20065,3457,1702,12,3456,25,273,14984,10173],"class_list":{"0":"post-403235","1":"post","2":"type-post","3":"status-publish","4":"format-standard","5":"has-post-thumbnail","7":"category-nancy","8":"tag-actu","9":"tag-actualites","10":"tag-bar-le-duc-ville-55a","11":"tag-culture-loisirs","12":"tag-eu","13":"tag-europe","14":"tag-fil-info","15":"tag-fr","16":"tag-france","17":"tag-grand-est","18":"tag-magazine","19":"tag-magazine-tourisme-et-patrimoine","20":"tag-meurthe-et-moselle","21":"tag-nancy","22":"tag-news","23":"tag-region-lorraine","24":"tag-republique-francaise","25":"tag-selection-de-la-redaction","26":"tag-toul","27":"tag-verdun-ville-55a"},"share_on_mastodon":{"url":"https:\/\/pubeurope.com\/@fr\/115232987712197939","error":""},"_links":{"self":[{"href":"https:\/\/www.europesays.com\/fr\/wp-json\/wp\/v2\/posts\/403235","targetHints":{"allow":["GET"]}}],"collection":[{"href":"https:\/\/www.europesays.com\/fr\/wp-json\/wp\/v2\/posts"}],"about":[{"href":"https:\/\/www.europesays.com\/fr\/wp-json\/wp\/v2\/types\/post"}],"author":[{"embeddable":true,"href":"https:\/\/www.europesays.com\/fr\/wp-json\/wp\/v2\/users\/2"}],"replies":[{"embeddable":true,"href":"https:\/\/www.europesays.com\/fr\/wp-json\/wp\/v2\/comments?post=403235"}],"version-history":[{"count":0,"href":"https:\/\/www.europesays.com\/fr\/wp-json\/wp\/v2\/posts\/403235\/revisions"}],"wp:featuredmedia":[{"embeddable":true,"href":"https:\/\/www.europesays.com\/fr\/wp-json\/wp\/v2\/media\/403236"}],"wp:attachment":[{"href":"https:\/\/www.europesays.com\/fr\/wp-json\/wp\/v2\/media?parent=403235"}],"wp:term":[{"taxonomy":"category","embeddable":true,"href":"https:\/\/www.europesays.com\/fr\/wp-json\/wp\/v2\/categories?post=403235"},{"taxonomy":"post_tag","embeddable":true,"href":"https:\/\/www.europesays.com\/fr\/wp-json\/wp\/v2\/tags?post=403235"}],"curies":[{"name":"wp","href":"https:\/\/api.w.org\/{rel}","templated":true}]}}