{"id":403260,"date":"2025-09-19T21:17:11","date_gmt":"2025-09-19T21:17:11","guid":{"rendered":"https:\/\/www.europesays.com\/fr\/403260\/"},"modified":"2025-09-19T21:17:11","modified_gmt":"2025-09-19T21:17:11","slug":"municipales-2026-a-nice-cette-liste-vise-les-desabuses-les-abstentionnistes-et-les-desenchantes","status":"publish","type":"post","link":"https:\/\/www.europesays.com\/fr\/403260\/","title":{"rendered":"Municipales 2026 \u00e0 Nice. Cette liste vise \u00ab\u00a0les d\u00e9sabus\u00e9s, les abstentionnistes et les d\u00e9senchant\u00e9s\u00a0\u00bb"},"content":{"rendered":"<p>            Par<br \/>\n        <strong><br \/>\n            <a href=\"https:\/\/actu.fr\/auteur\/famenta-news\" title=\"Consulter tous les articles de Florine Amenta\" rel=\"nofollow noopener\" target=\"_blank\">Florine Amenta<\/a><br \/>\n        <\/strong><\/p>\n<p>        Publi\u00e9 le<\/p>\n<p>            19 sept. 2025 \u00e0 18h32        <\/p>\n<p>Allier <strong>s\u00e9curit\u00e9 du logement et tourisme<\/strong>, et donner <strong>des r\u00e9ponses face aux nuisances<\/strong>. Ces mesures sont celles pr\u00e9sent\u00e9es par H\u00e9l\u00e8ne Granouillac. L\u2019<strong>\u00e9lue \u00e9cologiste<\/strong> a officialis\u00e9, ce 19\u00a0septembre, sa candidature aux <a href=\"https:\/\/actu.fr\/provence-alpes-cote-d-azur\/nice_06088\/municipales-2026-a-nice-voici-tous-les-candidats-declares-pour-l-election_63153431.html\" rel=\"nofollow noopener\" target=\"_blank\">Municipales 2026<\/a> de <a href=\"https:\/\/actu.fr\/nice\/\" rel=\"nofollow noopener\" target=\"_blank\">Nice<\/a> (<a href=\"https:\/\/actu.fr\/provence-alpes-cote-d-azur\/alpes-maritimes_06\" rel=\"nofollow noopener\" target=\"_blank\">Alpes-Maritimes<\/a>). Les membres de <strong>sa liste citoyenne, \u00ab\u2009Vivre Nice\u2009\u00bb<\/strong>, souhaitent que \u00ab\u2009la ville ne se vide plus de ses habitants qui ne trouvent plus Nice habitable\u2009\u00bb. Lors du rendez-vous donn\u00e9 \u00e0 la presse avec les membres de sa liste, la conseill\u00e8re d\u2019Ecolocratie XXI a pr\u00e9cis\u00e9 <strong>les contours de son programme<\/strong>, face notamment \u00e0 la coalition de gauche, \u00e0 Jean-Marc Governatori et au duel Christian Estrosi \u2013 <a href=\"https:\/\/actu.fr\/provence-alpes-cote-d-azur\/nice_06088\/eric-ciotti-annonce-sa-candidature-a-la-mairie-de-nice-pour-les-municipales-2026_63046292.html\" rel=\"nofollow noopener\" target=\"_blank\">\u00c9ric Ciotti<\/a>.<\/p>\n<p>La s\u00e9curit\u00e9 sous toutes ses formes<\/p>\n<p class=\" wall-content\">Le mot d\u2019ordre est donn\u00e9\u2009: \u00ab\u2009on veut plus de s\u00e9curit\u00e9, mais<strong> la s\u00e9curit\u00e9 au sens tr\u00e8s large<\/strong>\u2009\u00bb, pr\u00e9cise Sandra Montant, membre de la liste. \u00ab\u2009On veut assurer la s\u00e9curit\u00e9 du logement et faire en sorte que ce soit <strong>tenable d\u2019allier la vie \u00e0 Nice et le tourisme<\/strong>.\u2009\u00bb<\/p>\n<p class=\" wall-content\">Les membres de la liste proposent <strong>un abattement fiscal <\/strong>pour les personnes <strong>proposant une chambre dans leur logement<\/strong>, \u00ab\u2009aux \u00e9tudiants et jeunes actifs\u2009\u00bb. La liste veut aussi agir pour l\u2019acc\u00e8s \u00e0 la mobilit\u00e9. \u00ab\u2009On ne souhaite pas la gratuit\u00e9 des transports, mais on proposerait une participation de <strong>10\u2009% du plein tarif pour les 12-18\u00a0ans\u2009\u00bb<\/strong>.<\/p>\n<p class=\" wall-content\">Autre aspect s\u00e9curitaire, la liste citoyenne \u00ab\u2009Vivre Nice\u2009\u00bb veut \u00ab<strong>\u2009plus de respect des r\u00e8gles<\/strong>\u2009\u00bb, notamment concernant la vie nocturne. \u00ab<strong>\u2009C\u2019est le far-west aujourd\u2019hui\u2009\u00bb,<\/strong> soupire Sandra Montant.<\/p>\n<p class=\" wall-content\">\u00ab\u2009Les superficies des terrasses des restaurants de certains quartiers comme Bonaparte, les horaires et les niveaux sonores ne sont pas respect\u00e9s. <strong>\u00c7a devient insoutenable pour les riverains.<\/strong>\u2009\u00bb Les candidats souhaitent davantage de policiers municipaux en poste durant les nuits. \u00ab\u2009On est quand m\u00eame la ville <strong>avec le plus de policiers municipaux<\/strong>. Mais c\u2019est mal exploit\u00e9\u2009!\u2009\u00bb<\/p>\n<blockquote class=\"ac-article-quote wall-content\">\n<p>\u00ab\u00a0Et peut-\u00eatre, instaurer un permis \u00e0 points comme \u00e7a peut se faire en Suisse. D\u00e8s que la police est appel\u00e9e pour un commerce, si l&rsquo;infraction est constat\u00e9e, le commerce perd des points jusqu&rsquo;\u00e0 la possible fermeture administrative\u00a0\u00bb<\/p>\n<p>    <strong>Les membres de la liste \u00ab\u00a0Vivre Nice\u00a0\u00bb<\/strong>\n            <\/p><\/blockquote>\n<p class=\" wall-content\">\u00ab\u2009Nous ne sommes pas hostiles aux commerces. On veut retrouver<strong> la qui\u00e9tude et la tranquillit\u00e9 auxquelles on a le droit<\/strong>, le respect de la r\u00e9glementation et l\u2019appliquer.\u2009\u00bb Les candidats pointent du doigt \u00ab\u2009l\u2019arrogance\u2009\u00bb des \u00e9lus actuels. Leur programme s\u2019adresse aux \u00ab\u2009d\u00e9sabus\u00e9s, les abstentionnistes et les d\u00e9senchant\u00e9s\u2009\u00bb, \u00e9num\u00e8re la candidate pr\u00e9sente \u00e0 <a href=\"https:\/\/actu.fr\/provence-alpes-cote-d-azur\/nice_06088\/direct-greve-du-18-septembre-a-nice-suivez-les-manifestations-dans-les-alpes-maritimes_63174424.html\" rel=\"nofollow noopener\" target=\"_blank\">la manifestation du 18\u00a0septembre<\/a>.<\/p>\n<p>Votre r\u00e9gion, votre actu !<\/p>\n<p>Recevez chaque jour les infos qui comptent pour vous.<\/p>\n<p>\t<a href=\"https:\/\/actu.fr\/newsletter\" class=\"ac-btn ac-btn--corner ac-btn--medium ac-btn--blue800\" rel=\"nofollow noopener\" target=\"_blank\">S&rsquo;incrire<\/a><\/p>\n<p class=\" wall-content\">Elle s\u2019accorde sur de nombreuses revendications des manifestants. \u00ab\u2009Il faut de l\u2019argent et je pense qu\u2019<strong>on peut le trouver chez ceux qui en ont beaucoup<\/strong>. Il faut aussi travailler sur la <strong>p\u00e9nibilit\u00e9 du travail<\/strong> et la longueur. Il y a des gens qui veulent travaillent plus, d\u2019autres qui sont \u00e9puis\u00e9s bien avant la retraite.\u2009\u00bb<\/p>\n<p>Des mesures environnementales<\/p>\n<p class=\" wall-content\">La fondatrice de <a href=\"https:\/\/actu.fr\/provence-alpes-cote-d-azur\/nice_06088\/pollution-a-nice-une-odeur-nauseabonde-agace-les-habitants-j-ai-des-nausees_60673122.html\" rel=\"nofollow noopener\" target=\"_blank\">Terre Bleue<\/a>, une association qui s\u2019int\u00e9resse aux questions environnementales, constate aussi que \u00ab\u2009<strong>le\u00a0surtourisme est une catastrophe pour la ville<\/strong>\u2009\u00bb. La candidate veut \u00ab\u2009un tourisme plus raisonn\u00e9\u2009\u00bb et propose d\u2019<strong>encadrer davantage les locations saisonni\u00e8res<\/strong> pour accueillir les touristes dans de bonnes conditions, \u00ab\u2009<strong>et<\/strong> <strong>pas au d\u00e9triment des habitants<\/strong>\u2009\u00bb.<\/p>\n<p class=\" wall-content\">Quid des <a href=\"https:\/\/actu.fr\/provence-alpes-cote-d-azur\/nice_06088\/nice-christian-estrosi-cible-airbnb-de-nouvelles-mesure-chocs-annoncees_62482501.html\" rel=\"nofollow noopener\" target=\"_blank\">mesures d\u00e9j\u00e0 prises ces derniers mois par Christian Estrosi<\/a>\u2009concernant Airbnb\u2009? \u00ab\u2009Nous, nous souhaitons plus de contr\u00f4les\u2009\u00bb, se rattrape H\u00e9l\u00e8ne Granouillac. Pour g\u00e9rer les \u00ab\u2009touristes qui consomment et produisent\u2009\u00bb, la candidate propose d\u2019instaurer <strong>un pr\u00e9l\u00e8vement d\u2019un euro sur la taxe de s\u00e9jour<\/strong>, \u00ab\u2009pour une transition \u00e9nerg\u00e9tique\u2009\u00bb et am\u00e9liorer la gestion de d\u00e9chets, par exemple, \u00ab\u2009l\u2019\u00e9t\u00e9, lorsqu\u2019il y a de la surpopulation\u2009\u00bb.<\/p>\n<p class=\" wall-content\">Autre mesure phare, d\u00e9j\u00e0 mise en avant il y a quelques semaines, \u00ab\u2009qu\u2019on <strong>coupe les douches publiques lorsque c\u2019est la canicule<\/strong>\u2009\u00bb. \u00ab\u2009L\u2019\u00e9cologie que nous d\u00e9fendons est celle des actes concrets, pas des injonctions morales\u2009\u00bb, <a href=\"https:\/\/actu.fr\/provence-alpes-cote-d-azur\/nice_06088\/nice-face-a-la-secheresse-les-douches-des-plages-bientot-coupees-la-mairie-repond_62993984.html\" rel=\"nofollow noopener\" target=\"_blank\">lui avait r\u00e9torqu\u00e9 le maire Christian Estrosi<\/a>.<\/p>\n<p>S\u2019adapter aux changements climatiques<\/p>\n<p class=\" wall-content\">\u00ab\u2009On est d\u00e9sormais dans une \u00e8re o\u00f9<strong> les nuits tropicales se multiplient<\/strong>. Est-ce qu\u2019on va vivre plus souvent et longtemps dehors\u2009? S\u00fbrement\u2009!\u2009\u00bb<\/p>\n<blockquote class=\"ac-article-quote wall-content\">\n<p>Nous souhaitons installer des\u2009\u00eelots populaires dans les parcs et jardins de Nice, avec la pr\u00e9sence, notamment, de professionnels de sant\u00e9, de psychologues et de m\u00e9diateurs, pour recueillir la parole et accueillir les gens \u00e0 des horaires plus frais\u00a0et \u00e9viter l\u2019isolement.<\/p>\n<p>    <strong>H\u00e9l\u00e8ne Granouillac, candidate de la liste \u00ab\u00a0Vivre Nice\u00a0\u00bb<\/strong>\n            <\/p><\/blockquote>\n<p class=\" wall-content\">L\u2019\u00e9cologiste s\u2019oppose au <a href=\"https:\/\/actu.fr\/provence-alpes-cote-d-azur\/nice_06088\/nice-ce-grand-parking-souterrain-en-centre-ville-prend-du-retard-le-projet-patauge_62222639.html\" rel=\"nofollow noopener\" target=\"_blank\">projet de parking souterrain<\/a> en plein centre-ville. \u00ab\u2009Nous trouverons des alternatives pour que commer\u00e7ants et riverains <strong>n\u2019aient pas de difficult\u00e9 \u00e0 se stationner<\/strong>\u2009\u00bb.<\/p>\n<p class=\" wall-content\">La candidate veut aussi installer et r\u00e9adapter les infrastructures d\u00e9di\u00e9es \u00e0 des activit\u00e9s ext\u00e9rieures. \u00ab\u2009Et <strong>des am\u00e9nagements pour la gent canine<\/strong>, pour les laisser en libert\u00e9. On proposera d\u2019ailleurs de cr\u00e9er avec la municipalit\u00e9 une garderie pour chiens.\u2009\u00bb<\/p>\n<p class=\" wall-content\">H\u00e9l\u00e8ne Granouillac se r\u00e9jouit d\u2019<strong>avoir\u00a0mis les formes \u00e0 son programme<\/strong>. Elle compte d\u00e9j\u00e0 \u00ab\u2009<strong>une vingtaine<\/strong>\u2009\u00bb de personnes dans ses rangs, dont \u00ab\u2009des chefs d\u2019entreprise, des fonctionnaires, notamment de l\u2019\u00c9ducation nationale, des retrait\u00e9s et de la diversit\u00e9.\u2009\u00bb Elle se dit aussi en \u00ab\u2009dialogue <strong>avec des gens de droite mod\u00e9r\u00e9e<\/strong> qui sont susceptibles de nous rejoindre.\u2009\u00bb<\/p>\n<p class=\" wall-content\">Elle a conscience de se pr\u00e9senter \u00ab\u2009dans la cinqui\u00e8me ville de France\u2009\u00bb, mais esp\u00e8re que dans le pire des cas, \u00e0 d\u00e9faut d\u2019atteindre le premier tour, \u00ab\u2009<strong>mes id\u00e9es seront reprises<\/strong>\u2009\u00bb.<\/p>\n<p class=\" wall-content\">Personnalisez votre actualit\u00e9 en ajoutant vos villes et m\u00e9dias en favori avec <a href=\"https:\/\/moncompte.actu.fr\" title=\"D\u00e9couvez Mon Actu\" rel=\"nofollow noopener\" data-trk=\"{&quot;cta&quot;:{&quot;action&quot;:&quot;https:\\\/\\\/moncompte.actu.fr&quot;,&quot;category&quot;:&quot;mon compte&quot;,&quot;from&quot;:&quot;article footer&quot;,&quot;name&quot;:&quot;Mon actu&quot;,&quot;type&quot;:&quot;cta&quot;}}\" target=\"_blank\">Mon Actu<\/a>.<\/p>\n","protected":false},"excerpt":{"rendered":"Par Florine Amenta Publi\u00e9 le 19 sept. 2025 \u00e0 18h32 Allier s\u00e9curit\u00e9 du logement et tourisme, et donner&hellip;\n","protected":false},"author":2,"featured_media":403261,"comment_status":"","ping_status":"","sticky":false,"template":"","format":"standard","meta":{"footnotes":""},"categories":[2819],"tags":[1111,11,4188,1777,674,1011,27,3434,12,2401,316,882,25],"class_list":{"0":"post-403260","1":"post","2":"type-post","3":"status-publish","4":"format-standard","5":"has-post-thumbnail","7":"category-nice","8":"tag-actu","9":"tag-actualites","10":"tag-elections-municipales","11":"tag-eu","12":"tag-europe","13":"tag-fr","14":"tag-france","15":"tag-municipales-2026","16":"tag-news","17":"tag-nice","18":"tag-politique","19":"tag-provence-alpes-cote-dazur","20":"tag-republique-francaise"},"share_on_mastodon":{"url":"https:\/\/pubeurope.com\/@fr\/115233046189310526","error":""},"_links":{"self":[{"href":"https:\/\/www.europesays.com\/fr\/wp-json\/wp\/v2\/posts\/403260","targetHints":{"allow":["GET"]}}],"collection":[{"href":"https:\/\/www.europesays.com\/fr\/wp-json\/wp\/v2\/posts"}],"about":[{"href":"https:\/\/www.europesays.com\/fr\/wp-json\/wp\/v2\/types\/post"}],"author":[{"embeddable":true,"href":"https:\/\/www.europesays.com\/fr\/wp-json\/wp\/v2\/users\/2"}],"replies":[{"embeddable":true,"href":"https:\/\/www.europesays.com\/fr\/wp-json\/wp\/v2\/comments?post=403260"}],"version-history":[{"count":0,"href":"https:\/\/www.europesays.com\/fr\/wp-json\/wp\/v2\/posts\/403260\/revisions"}],"wp:featuredmedia":[{"embeddable":true,"href":"https:\/\/www.europesays.com\/fr\/wp-json\/wp\/v2\/media\/403261"}],"wp:attachment":[{"href":"https:\/\/www.europesays.com\/fr\/wp-json\/wp\/v2\/media?parent=403260"}],"wp:term":[{"taxonomy":"category","embeddable":true,"href":"https:\/\/www.europesays.com\/fr\/wp-json\/wp\/v2\/categories?post=403260"},{"taxonomy":"post_tag","embeddable":true,"href":"https:\/\/www.europesays.com\/fr\/wp-json\/wp\/v2\/tags?post=403260"}],"curies":[{"name":"wp","href":"https:\/\/api.w.org\/{rel}","templated":true}]}}