{"id":403309,"date":"2025-09-19T21:46:11","date_gmt":"2025-09-19T21:46:11","guid":{"rendered":"https:\/\/www.europesays.com\/fr\/403309\/"},"modified":"2025-09-19T21:46:11","modified_gmt":"2025-09-19T21:46:11","slug":"union-europeenne-souhaite-accelerer-ses-projets-visant-a-mettre-fin-aux-importations-de-gnl-russe-business-am","status":"publish","type":"post","link":"https:\/\/www.europesays.com\/fr\/403309\/","title":{"rendered":"Union europ\u00e9enne souhaite acc\u00e9l\u00e9rer ses projets visant \u00e0 mettre fin aux importations de GNL russe &#8211; Business AM"},"content":{"rendered":"<p>                    <img decoding=\"async\" style=\"aspect-ratio:16\/9\" src=\"https:\/\/www.europesays.com\/fr\/wp-content\/uploads\/2025\/09\/1758318370_414_vloeibaar-gas-lng-rusland.jpg\" width=\"100%\" loading=\"eager\"\/><\/p>\n<p>                            <a href=\"https:\/\/fr.businessam.be\/author\/redactie\/\" class=\"author-thumbnail\" style=\"border: 2px inset #00000099;\" target=\"_blank\" rel=\"noopener\"><img loading=\"lazy\" decoding=\"async\" src=\"https:\/\/www.europesays.com\/fr\/wp-content\/uploads\/2025\/09\/1758318371_705_cropped-favicon-192x192.png\" width=\"80\" height=\"80\" alt=\"Business AM\"\/><\/a>\ue05bpar <a href=\"https:\/\/fr.businessam.be\/author\/redactie\/\" target=\"_blank\" rel=\"noopener\">Business AM<\/a><br \/>\ue010publi\u00e9 le vendredi 19 septembre 2025 \u00e0 22:30 \u2022 <br \/>\ue00c3 min de lecture<\/p>\n<p>Principaux renseignements<\/p>\n<ul class=\"wp-block-list\">\n<li><strong>L\u2019Union europ\u00e9enne examine les moyens d\u2019acc\u00e9l\u00e9rer ses projets visant \u00e0 mettre fin aux importations de gaz naturel liqu\u00e9fi\u00e9 (GNL) russe.<\/strong><\/li>\n<li><strong>Ce changement de politique potentiel fait suite aux r\u00e9cents appels lanc\u00e9s par le pr\u00e9sident am\u00e9ricain Donald Trump \u00e0 l\u2019UE pour qu\u2019elle prenne des mesures plus \u00e9nergiques contre le commerce \u00e9nerg\u00e9tique russe.<\/strong><\/li>\n<li><strong>L\u2019UE tiendra probablement compte de cet exc\u00e9dent pr\u00e9vu lorsqu\u2019elle fixera un nouveau calendrier pour mettre fin \u00e0 sa d\u00e9pendance vis-\u00e0-vis du GNL russe.<\/strong><\/li>\n<\/ul>\n<p>L\u2019Union europ\u00e9enne \u00e9tudie les moyens d\u2019acc\u00e9l\u00e9rer son projet d\u2019arr\u00eat des importations de<a href=\"https:\/\/fr.businessam.be\/exxonmobil-vise-des-contrats-de-gnl-pluriannuels-avec-lue\/\" target=\"_blank\" rel=\"noopener\"> gaz naturel liqu\u00e9fi\u00e9 (GNL)<\/a> russe. Actuellement, la date cible est r\u00e9examin\u00e9e dans le but de l\u2019avancer d\u2019un an. C\u2019est ce qu\u2019\u00e9crit par <a href=\"https:\/\/www.reuters.com\/business\/energy\/russias-lng-exports-by-destinations-volumes-2025-09-19\/\" target=\"_blank\" rel=\"noopener\">Reuters<\/a>.<\/p>\n<p>Des sources au fait du dossier indiquent que la Commission europ\u00e9enne envisage d\u2019int\u00e9grer ce calendrier acc\u00e9l\u00e9r\u00e9 dans un nouveau train de sanctions contre la Russie, que la Commission pourrait proposer d\u00e8s vendredi. Une autre option envisag\u00e9e consiste \u00e0 modifier le plan RePowerEU, la feuille de route de l\u2019UE pour mettre fin \u00e0 sa d\u00e9pendance \u00e0 l\u2019\u00e9gard de l\u2019\u00e9nergie russe.<\/p>\n<p>Changement de politique<\/p>\n<p>Ce changement potentiel de politique fait suite aux r\u00e9cents appels du pr\u00e9sident am\u00e9ricain Donald Trump exhortant l\u2019UE \u00e0 prendre des mesures plus fermes contre le commerce de l\u2019\u00e9nergie russe. Le moment est \u00e9galement important, car les experts pr\u00e9voient un exc\u00e9dent sur le march\u00e9 mondial du gaz au cours du second semestre de l\u2019ann\u00e9e prochaine. <\/p>\n<p>Cet exc\u00e9dent devrait att\u00e9nuer les craintes de p\u00e9nurie d\u2019approvisionnement et de flamb\u00e9e des prix qui pourraient r\u00e9sulter d\u2019une \u00e9limination rapide du gaz russe. L\u2019UE tiendra probablement compte de cet exc\u00e9dent anticip\u00e9 lorsqu\u2019elle d\u00e9terminera un calendrier r\u00e9vis\u00e9 pour mettre fin \u00e0 sa d\u00e9pendance au GNL russe. (fc)<\/p>\n<p><a href=\"https:\/\/news.google.com\/publications\/CAowtseUCw?hl=fr&amp;gl=BE&amp;ceid=BE%3Afr\" target=\"_blank\" rel=\"noopener\">Suivez \u00e9galement Business AM sur Google Actualit\u00e9s<\/a><\/p>\n<p><a href=\"https:\/\/portalfr.businessam.be\/plans\/business-am-fr-offre-dete\/\" target=\"_blank\" rel=\"noopener\">Si vous souhaitez acc\u00e9der \u00e0 tous les articles, abonnez-vous ici!<\/a><\/p>\n","protected":false},"excerpt":{"rendered":"\ue05bpar Business AM\ue010publi\u00e9 le vendredi 19 septembre 2025 \u00e0 22:30 \u2022 \ue00c3 min de lecture Principaux renseignements L\u2019Union&hellip;\n","protected":false},"author":2,"featured_media":366608,"comment_status":"","ping_status":"","sticky":false,"template":"","format":"standard","meta":{"footnotes":""},"categories":[1586],"tags":[11,1777,674,1779,1011,27,18317,12,25,132,1778,364],"class_list":{"0":"post-403309","1":"post","2":"type-post","3":"status-publish","4":"format-standard","5":"has-post-thumbnail","7":"category-europe","8":"tag-actualites","9":"tag-eu","10":"tag-europe","11":"tag-european-union","12":"tag-fr","13":"tag-france","14":"tag-gnl","15":"tag-news","16":"tag-republique-francaise","17":"tag-russie","18":"tag-ue","19":"tag-union-europeenne"},"share_on_mastodon":{"url":"https:\/\/pubeurope.com\/@fr\/115233160368069709","error":""},"_links":{"self":[{"href":"https:\/\/www.europesays.com\/fr\/wp-json\/wp\/v2\/posts\/403309","targetHints":{"allow":["GET"]}}],"collection":[{"href":"https:\/\/www.europesays.com\/fr\/wp-json\/wp\/v2\/posts"}],"about":[{"href":"https:\/\/www.europesays.com\/fr\/wp-json\/wp\/v2\/types\/post"}],"author":[{"embeddable":true,"href":"https:\/\/www.europesays.com\/fr\/wp-json\/wp\/v2\/users\/2"}],"replies":[{"embeddable":true,"href":"https:\/\/www.europesays.com\/fr\/wp-json\/wp\/v2\/comments?post=403309"}],"version-history":[{"count":0,"href":"https:\/\/www.europesays.com\/fr\/wp-json\/wp\/v2\/posts\/403309\/revisions"}],"wp:featuredmedia":[{"embeddable":true,"href":"https:\/\/www.europesays.com\/fr\/wp-json\/wp\/v2\/media\/366608"}],"wp:attachment":[{"href":"https:\/\/www.europesays.com\/fr\/wp-json\/wp\/v2\/media?parent=403309"}],"wp:term":[{"taxonomy":"category","embeddable":true,"href":"https:\/\/www.europesays.com\/fr\/wp-json\/wp\/v2\/categories?post=403309"},{"taxonomy":"post_tag","embeddable":true,"href":"https:\/\/www.europesays.com\/fr\/wp-json\/wp\/v2\/tags?post=403309"}],"curies":[{"name":"wp","href":"https:\/\/api.w.org\/{rel}","templated":true}]}}