{"id":403312,"date":"2025-09-19T21:48:12","date_gmt":"2025-09-19T21:48:12","guid":{"rendered":"https:\/\/www.europesays.com\/fr\/403312\/"},"modified":"2025-09-19T21:48:12","modified_gmt":"2025-09-19T21:48:12","slug":"arthur-charlotte-gainsbourg-20-personnalites-interpellent-macron-avant-la-reconnaissance-de-la-palestine","status":"publish","type":"post","link":"https:\/\/www.europesays.com\/fr\/403312\/","title":{"rendered":"Arthur, Charlotte Gainsbourg\u2026 20 personnalit\u00e9s interpellent Macron avant la reconnaissance de la Palestine"},"content":{"rendered":"<p class=\"article-p mdl\">Plus de 140 chefs d&rsquo;\u00c9tat et de gouvernements sont attendus \u00e0 New York, \u00e0 partir du lundi 22 septembre, lors de\u00a0l&rsquo;Assembl\u00e9e g\u00e9n\u00e9rale de l&rsquo;ONU.\u00a0Un sommet copr\u00e9sid\u00e9 par la France et l&rsquo;Arabie saoudite se penchera sur l&rsquo;avenir de la solution \u00e0 deux \u00c9tats, isra\u00e9lien et palestinien, vivant c\u00f4te \u00e0 c\u00f4te en paix et s\u00e9curit\u00e9,\u00a0en excluant le Hamas.\u00a0Selon la pr\u00e9sidence fran\u00e7aise, l&rsquo;\u00c9tat palestinien devrait \u00eatre reconnu par dix pays : Andorre, Australie, Belgique, Canada, Luxembourg, Portugal, Malte, Royaume-Uni, Saint-Marin, et la France.<\/p>\n<p class=\"article-p mdl\">Dans une lettre ouverte adress\u00e9e \u00e0 Emmanuel Macron, dont\u00a0<a class=\"link\" href=\"https:\/\/www.lefigaro.fr\/vox\/monde\/monsieur-le-president-vous-ne-pouvez-pas-reconnaitre-un-etat-palestinien-sans-conditions-prealables-l-appel-de-20-personnalites-20250919\" target=\"_blank\" rel=\"noopener\">Le Figaro<\/a>\u00a0s&rsquo;est fait l&rsquo;\u00e9cho, vingt personnalit\u00e9s ont appel\u00e9 le pr\u00e9sident de la R\u00e9publique \u00e0 ne pas reconna\u00eetre l&rsquo;<a class=\"link\" href=\"https:\/\/www.rtl.fr\/actu\/international\/emmanuel-macron-indesirable-en-israel-tant-qu-il-ne-revient-pas-sur-sa-decision-de-reconnaitre-l-etat-de-palestine-7900537740\" title=\"Emmanuel Macron ind\u00e9sirable en Isra\u00ebl tant qu&#039;il ne revient pas sur sa d\u00e9cision de reconna\u00eetre l&#039;\u00c9tat de Palestine\" target=\"_blank\" rel=\"noopener\">\u00c9tat de Palestine<\/a>\u00a0\u00ab\u00a0sans conditions pr\u00e9alables\u00a0\u00bb : \u00ab\u00a0Nous vous le demandons solennellement : affirmez que cette reconnaissance ne prendra effet qu\u2019apr\u00e8s la lib\u00e9ration des otages et le d\u00e9mant\u00e8lement du Hamas (&#8230;) Reconna\u00eetre un \u00c9tat palestinien maintenant n\u2019aidera ni les civils palestiniens, ni \u00e0 la lib\u00e9ration des otages.\u00a0\u00bb<\/p>\n<p class=\"article-p mdl\">\u00ab\u00a0C\u2019est \u00e0 ce prix, et \u00e0 ce prix seulement, que ce geste peut contribuer \u00e0 la paix. Ce serait sinon une capitulation morale face au terrorisme\u00a0\u00bb, ont poursuivi ces personnalit\u00e9s, parmi lesquelles Yonathan Arfi, le pr\u00e9sident du Crif, Yvan Attal, Michel Boujenah, Rapha\u00ebl Enthoven, Arthur, Charlotte Gainsbourg, Bernard-Henri L\u00e9vy, Joann Sfar ou encore Philippe Torreton.<\/p>\n<p>            Macron r\u00e9it\u00e8re sa position<\/p>\n<p class=\"article-p mdl\">Ce vendredi, apr\u00e8s s&rsquo;\u00eatre entretenu avec le pr\u00e9sident de l&rsquo;Autorit\u00e9 palestinienne Mahmoud Abbas, Emmanuel Macron a r\u00e9it\u00e9r\u00e9, sur X, sa position. \u00ab\u00a0Cette reconnaissance s\u2019inscrit dans un plan de paix complet pour la r\u00e9gion, visant \u00e0 r\u00e9pondre aux aspirations \u00e0 la s\u00e9curit\u00e9 et \u00e0 la paix des Isra\u00e9liens comme des Palestiniens\u00a0\u00bb, a-t-il \u00e9crit.\u00a0<\/p>\n<p class=\"article-p mdl\">Il a \u00e9galement \u00ab\u00a0rappel\u00e9 (ses) exigences \u00e0 l\u2019\u00e9gard de l\u2019Autorit\u00e9 palestinienne\u00a0\u00bb, notamment les \u00ab\u00a0r\u00e9formes n\u00e9cessaires pour renouveler la gouvernance palestinienne et r\u00e9pondre aux enjeux de stabilisation du futur \u00c9tat palestinien\u00a0\u00bb.<\/p>\n<blockquote class=\"twitter-tweet\">\n<p lang=\"fr\" dir=\"ltr\">Je viens d\u2019\u00e9changer avec le Pr\u00e9sident de l\u2019Autorit\u00e9 palestinienne, Mahmoud Abbas.<\/p>\n<p>Je l\u2019ai tout d\u2019abord remerci\u00e9 pour la tr\u00e8s bonne coop\u00e9ration dans l\u2019arrestation de l\u2019un des principaux auteurs du terrible attentat terroriste de la rue des Rosiers.\u2026<\/p>\n<p>\u2014 Emmanuel Macron (@EmmanuelMacron) <a href=\"https:\/\/twitter.com\/EmmanuelMacron\/status\/1969103182002303372?ref_src=twsrc%5Etfw\" target=\"_blank\" rel=\"noopener\">September 19, 2025<\/a><\/p><\/blockquote>\n<p>    La r\u00e9daction vous recommande<\/p>\n<p class=\"s-newsletter__title\">\n                L\u2019actualit\u00e9 par la r\u00e9daction de RTL dans votre bo\u00eete mail.\n            <\/p>\n<p class=\"s-newsletter__subtitle\">\n                Gr\u00e2ce \u00e0 votre compte RTL abonnez-vous \u00e0 la newsletter RTL info pour suivre toute l&rsquo;actualit\u00e9 au quotidien\n            <\/p>\n<p>\n                                    Lire la suite\n                                <\/p>\n<p>                            <script async src=\"https:\/\/platform.twitter.com\/widgets.js\" charset=\"utf-8\"><\/script><\/p>\n","protected":false},"excerpt":{"rendered":"Plus de 140 chefs d&rsquo;\u00c9tat et de gouvernements sont attendus \u00e0 New York, \u00e0 partir du lundi 22&hellip;\n","protected":false},"author":2,"featured_media":403313,"comment_status":"","ping_status":"","sticky":false,"template":"","format":"standard","meta":{"footnotes":""},"categories":[2],"tags":[11,3259,1073,1011,27,664,12,3518,25],"class_list":{"0":"post-403312","1":"post","2":"type-post","3":"status-publish","4":"format-standard","5":"has-post-thumbnail","7":"category-actualites","8":"tag-actualites","9":"tag-conflit-israelo-palestinien","10":"tag-emmanuel-macron","11":"tag-fr","12":"tag-france","13":"tag-israel","14":"tag-news","15":"tag-palestine","16":"tag-republique-francaise"},"share_on_mastodon":{"url":"https:\/\/pubeurope.com\/@fr\/115233168118202995","error":""},"_links":{"self":[{"href":"https:\/\/www.europesays.com\/fr\/wp-json\/wp\/v2\/posts\/403312","targetHints":{"allow":["GET"]}}],"collection":[{"href":"https:\/\/www.europesays.com\/fr\/wp-json\/wp\/v2\/posts"}],"about":[{"href":"https:\/\/www.europesays.com\/fr\/wp-json\/wp\/v2\/types\/post"}],"author":[{"embeddable":true,"href":"https:\/\/www.europesays.com\/fr\/wp-json\/wp\/v2\/users\/2"}],"replies":[{"embeddable":true,"href":"https:\/\/www.europesays.com\/fr\/wp-json\/wp\/v2\/comments?post=403312"}],"version-history":[{"count":0,"href":"https:\/\/www.europesays.com\/fr\/wp-json\/wp\/v2\/posts\/403312\/revisions"}],"wp:featuredmedia":[{"embeddable":true,"href":"https:\/\/www.europesays.com\/fr\/wp-json\/wp\/v2\/media\/403313"}],"wp:attachment":[{"href":"https:\/\/www.europesays.com\/fr\/wp-json\/wp\/v2\/media?parent=403312"}],"wp:term":[{"taxonomy":"category","embeddable":true,"href":"https:\/\/www.europesays.com\/fr\/wp-json\/wp\/v2\/categories?post=403312"},{"taxonomy":"post_tag","embeddable":true,"href":"https:\/\/www.europesays.com\/fr\/wp-json\/wp\/v2\/tags?post=403312"}],"curies":[{"name":"wp","href":"https:\/\/api.w.org\/{rel}","templated":true}]}}