{"id":403319,"date":"2025-09-19T21:55:12","date_gmt":"2025-09-19T21:55:12","guid":{"rendered":"https:\/\/www.europesays.com\/fr\/403319\/"},"modified":"2025-09-19T21:55:12","modified_gmt":"2025-09-19T21:55:12","slug":"motogp-de-tres-bon-augure-pour-zarco-il-a-essaye-la-moto-de-2026","status":"publish","type":"post","link":"https:\/\/www.europesays.com\/fr\/403319\/","title":{"rendered":"MotoGP De tr\u00e8s bon augure pour Zarco, il a essay\u00e9 la moto de 2026 !"},"content":{"rendered":"<p>L\u2019information \u00e9tait un peu pass\u00e9e \u00e0 la trappe, du fait des discussions sur les derni\u00e8res \u00e9volutions Honda, en MotoGP, ces derni\u00e8res semaines, concernant Johann Zarco. Mais le Fran\u00e7ais l\u2019a confirm\u00e9 il y a peu, il a eu l\u2019occasion d\u2019essayer la machine de 2026, \u00e0 Barcelone, pendant un test priv\u00e9. Une exp\u00e9rience qui s\u2019est visiblement bien d\u00e9roul\u00e9e\u2026<\/p>\n<p>MotoGP : Un retour positif de Johann, concernant la moto de l\u2019an prochain<\/p>\n<p>\u00ab \u00c0 Barcelone, je n\u2019ai pas roul\u00e9 sur ma moto. J\u2019ai essay\u00e9 une nouvelle moto\u201c, confirme Johann Zarco, propos relay\u00e9s via Chash.net. Il s\u2019agirait donc d\u2019un prototype qui, toujours selon le pilote, \u00ab arrivera peut-\u00eatre pour l\u2019ann\u00e9e prochaine. C\u2019\u00e9tait assez int\u00e9ressant parce qu\u2019il fonctionnait assez bien, et avec n\u2019importe quelle configuration. Je pense qu\u2019ils l\u2019ont juste pris dans le box d\u2019Aleix [Espargaro], l\u2019ont apport\u00e9 dans mon box, nous avons chang\u00e9 le guidon et je suis sorti dessus. Cela semble fonctionner ; La base est assez bonne.\u201c, conclut l\u2019int\u00e9ress\u00e9.<\/p>\n<p>De bons espoirs, donc, pour la saison prochaine, si toutefois cette version \u00e9valu\u00e9e par le pilote LCR \u00e9tait valid\u00e9e pour la saison prochaine. En attendant, pour m\u00e9moire, il devrait b\u00e9n\u00e9ficier d\u2019une bonne partie des mises \u00e0 jour dont jouissent d\u00e9j\u00e0 les pilotes HRC, \u00e0 Motegi. C\u2019est, tout du moins, ce qu\u2019esp\u00e8re le tricolore\u2026<\/p>\n<p>Des am\u00e9liorations test\u00e9es, par l\u2019int\u00e9ress\u00e9, pendant la journ\u00e9e de Misano, en d\u00e9but de semaine. Et qui, de toute \u00e9vidence, lui ont donn\u00e9 satisfaction, avec une aisance retrouv\u00e9e au guidon de sa Honda.<\/p>\n<blockquote class=\"twitter-tweet\">\n<p dir=\"ltr\" lang=\"no\">P15 for Johann and P22 for Somkiat in <a href=\"https:\/\/twitter.com\/hashtag\/MisanoTest?src=hash&amp;ref_src=twsrc%5Etfw\" target=\"_blank\" rel=\"noopener\">#MisanoTest<\/a> <a href=\"https:\/\/t.co\/FfcmDsPTJi\">pic.twitter.com\/FfcmDsPTJi<\/a><\/p>\n<p>\u2014 LCR Team (@lcr_team) <a href=\"https:\/\/twitter.com\/lcr_team\/status\/1967628816265908473?ref_src=twsrc%5Etfw\" target=\"_blank\" rel=\"noopener\">September 15, 2025<\/a><\/p>\n<\/blockquote>\n<p>Article publi\u00e9 le 19\/09\/2025 \u00e0 5h48<\/p>\n<p>                                                            <script async src=\"https:\/\/platform.twitter.com\/widgets.js\" charset=\"utf-8\"><\/script><\/p>\n","protected":false},"excerpt":{"rendered":"L\u2019information \u00e9tait un peu pass\u00e9e \u00e0 la trappe, du fait des discussions sur les derni\u00e8res \u00e9volutions Honda, en&hellip;\n","protected":false},"author":2,"featured_media":403320,"comment_status":"","ping_status":"","sticky":false,"template":"","format":"standard","meta":{"footnotes":""},"categories":[1413],"tags":[1011,27,1741,1457,1456,1458,60],"class_list":{"0":"post-403319","1":"post","2":"type-post","3":"status-publish","4":"format-standard","5":"has-post-thumbnail","7":"category-moto","8":"tag-fr","9":"tag-france","10":"tag-johann-zarco","11":"tag-moto","12":"tag-motocycle","13":"tag-motogp","14":"tag-sports"},"share_on_mastodon":{"url":"https:\/\/pubeurope.com\/@fr\/115233195542201670","error":""},"_links":{"self":[{"href":"https:\/\/www.europesays.com\/fr\/wp-json\/wp\/v2\/posts\/403319","targetHints":{"allow":["GET"]}}],"collection":[{"href":"https:\/\/www.europesays.com\/fr\/wp-json\/wp\/v2\/posts"}],"about":[{"href":"https:\/\/www.europesays.com\/fr\/wp-json\/wp\/v2\/types\/post"}],"author":[{"embeddable":true,"href":"https:\/\/www.europesays.com\/fr\/wp-json\/wp\/v2\/users\/2"}],"replies":[{"embeddable":true,"href":"https:\/\/www.europesays.com\/fr\/wp-json\/wp\/v2\/comments?post=403319"}],"version-history":[{"count":0,"href":"https:\/\/www.europesays.com\/fr\/wp-json\/wp\/v2\/posts\/403319\/revisions"}],"wp:featuredmedia":[{"embeddable":true,"href":"https:\/\/www.europesays.com\/fr\/wp-json\/wp\/v2\/media\/403320"}],"wp:attachment":[{"href":"https:\/\/www.europesays.com\/fr\/wp-json\/wp\/v2\/media?parent=403319"}],"wp:term":[{"taxonomy":"category","embeddable":true,"href":"https:\/\/www.europesays.com\/fr\/wp-json\/wp\/v2\/categories?post=403319"},{"taxonomy":"post_tag","embeddable":true,"href":"https:\/\/www.europesays.com\/fr\/wp-json\/wp\/v2\/tags?post=403319"}],"curies":[{"name":"wp","href":"https:\/\/api.w.org\/{rel}","templated":true}]}}