{"id":403325,"date":"2025-09-19T21:58:10","date_gmt":"2025-09-19T21:58:10","guid":{"rendered":"https:\/\/www.europesays.com\/fr\/403325\/"},"modified":"2025-09-19T21:58:10","modified_gmt":"2025-09-19T21:58:10","slug":"cest-imminent-pour-les-grands-debuts-de-paul-pogba-en-ligue-1","status":"publish","type":"post","link":"https:\/\/www.europesays.com\/fr\/403325\/","title":{"rendered":"C&rsquo;est imminent pour les grands d\u00e9buts de Paul Pogba en Ligue 1 !"},"content":{"rendered":"<p><strong>Il se fait attendre, mais est d\u00e9sormais plus proche que jamais d\u2019un retour. En effet, Paul Pogba devrait bient\u00f4t faire ses grands d\u00e9buts en Ligue 1 avec l\u2019AS Monaco.<\/strong><\/p>\n<p>Cet \u00e9t\u00e9, l\u2019AS Monaco a mis\u00e9 <a href=\"http:\/\/butfootballclub.fr\/equipe-de-france\/paul-pogba-bientot-de-retour-chez-les-bleus-didier-deschamps-sexprime\/\" rel=\"noreferrer noopener\" target=\"_blank\">sur Paul Pogba<\/a> pour insuffler de l\u2019exp\u00e9rience et du talent \u00e0 son \u00e9quipe en Ligue 1. Arriv\u00e9 il y a plusieurs semaines, l\u2019international fran\u00e7ais de 32 ans n\u2019a pas encore fait ses d\u00e9buts avec le club de la Principaut\u00e9, mais son retour est tr\u00e8s attendu apr\u00e8s plusieurs mois d\u2019absence.<\/p>\n<p>Pogba disponible pour Angers-Monaco le 18 octobre ?<\/p>\n<p>Sa derni\u00e8re apparition remontait \u00e0 septembre 2023 avec la Juventus Turin, avant une suspension pour dopage. Pour \u00e9viter toute rechute, le club prend son temps\u202f: \u00ab\u00a0Apr\u00e8s la prochaine tr\u00eave internationale (6-14 octobre), je pense que nous aurons l\u2019opportunit\u00e9 de le voir jouer. Il est sur la bonne voie\u00a0\u00bb, expliquait d\u00e9but septembre l\u2019entra\u00eeneur Adi H\u00fctter.<\/p>\n<p>Jeudi soir, apr\u00e8s la d\u00e9faite \u00e0 Bruges en Ligue des champions (4-1), H\u00fctter a de nouveau \u00e9voqu\u00e9 Pogba \u202f: \u00ab\u00a0On verra, mais je pense qu\u2019il sera disponible dans les prochaines semaines et on le verra sur le terrain.\u00a0\u00bb Plus le temps passe, et plus on se rapproche doucement mais s\u00fbrement du grand retour de Pogba sur les terrains, pr\u00eat \u00e0 faire ses grands d\u00e9buts en Ligue 1.<\/p>\n","protected":false},"excerpt":{"rendered":"Il se fait attendre, mais est d\u00e9sormais plus proche que jamais d\u2019un retour. En effet, Paul Pogba devrait&hellip;\n","protected":false},"author":2,"featured_media":403326,"comment_status":"","ping_status":"","sticky":false,"template":"","format":"standard","meta":{"footnotes":""},"categories":[1410],"tags":[11,448,63,1011,27,66,3388,12,60,10662],"class_list":{"0":"post-403325","1":"post","2":"type-post","3":"status-publish","4":"format-standard","5":"has-post-thumbnail","7":"category-football","8":"tag-actualites","9":"tag-champions-league","10":"tag-football","11":"tag-fr","12":"tag-france","13":"tag-ligue-1","14":"tag-matchs","15":"tag-news","16":"tag-sports","17":"tag-transferts"},"share_on_mastodon":{"url":"https:\/\/pubeurope.com\/@fr\/115233207409124008","error":""},"_links":{"self":[{"href":"https:\/\/www.europesays.com\/fr\/wp-json\/wp\/v2\/posts\/403325","targetHints":{"allow":["GET"]}}],"collection":[{"href":"https:\/\/www.europesays.com\/fr\/wp-json\/wp\/v2\/posts"}],"about":[{"href":"https:\/\/www.europesays.com\/fr\/wp-json\/wp\/v2\/types\/post"}],"author":[{"embeddable":true,"href":"https:\/\/www.europesays.com\/fr\/wp-json\/wp\/v2\/users\/2"}],"replies":[{"embeddable":true,"href":"https:\/\/www.europesays.com\/fr\/wp-json\/wp\/v2\/comments?post=403325"}],"version-history":[{"count":0,"href":"https:\/\/www.europesays.com\/fr\/wp-json\/wp\/v2\/posts\/403325\/revisions"}],"wp:featuredmedia":[{"embeddable":true,"href":"https:\/\/www.europesays.com\/fr\/wp-json\/wp\/v2\/media\/403326"}],"wp:attachment":[{"href":"https:\/\/www.europesays.com\/fr\/wp-json\/wp\/v2\/media?parent=403325"}],"wp:term":[{"taxonomy":"category","embeddable":true,"href":"https:\/\/www.europesays.com\/fr\/wp-json\/wp\/v2\/categories?post=403325"},{"taxonomy":"post_tag","embeddable":true,"href":"https:\/\/www.europesays.com\/fr\/wp-json\/wp\/v2\/tags?post=403325"}],"curies":[{"name":"wp","href":"https:\/\/api.w.org\/{rel}","templated":true}]}}