{"id":403329,"date":"2025-09-19T22:00:34","date_gmt":"2025-09-19T22:00:34","guid":{"rendered":"https:\/\/www.europesays.com\/fr\/403329\/"},"modified":"2025-09-19T22:00:34","modified_gmt":"2025-09-19T22:00:34","slug":"des-oeuvres-de-pablo-picasso-de-retour-dans-son-ancien-chateau-de-leure","status":"publish","type":"post","link":"https:\/\/www.europesays.com\/fr\/403329\/","title":{"rendered":"Des \u0153uvres de Pablo Picasso de retour dans son ancien ch\u00e2teau de l&rsquo;Eure"},"content":{"rendered":"<p>            Par<br \/>\n        <strong><br \/>\n            <a href=\"https:\/\/actu.fr\/auteur\/mathieu-letirant\" title=\"Consulter tous les articles de Matthieu Le Tirant\" target=\"_blank\" rel=\"noopener\">Matthieu Le Tirant<\/a><br \/>\n        <\/strong><\/p>\n<p>        Publi\u00e9 le<\/p>\n<p>            19 sept. 2025 \u00e0 6h00        <\/p>\n<p>En marge des journ\u00e9es europ\u00e9ennes du Patrimoine qui se tiendront samedi 20 et dimanche 21 septembre 2025, une exposition exceptionnelle est propos\u00e9e \u00e0 <a href=\"https:\/\/actu.fr\/normandie\/gisors_27284\" target=\"_blank\" rel=\"noopener\">Gisors<\/a> (<a href=\"https:\/\/actu.fr\/l-impartial\/\" target=\"_blank\" rel=\"noopener\">Eure<\/a>), dans une demeure habituellement ferm\u00e9e au public. Le ch\u00e2teau du Boisgeloup ouvre ses portes chaque week-end jusqu\u2019au 8 octobre 2025 avec un v\u00e9ritable tr\u00e9sor \u00e0 d\u00e9couvrir en ses murs.<\/p>\n<p>Une r\u00e9sidence entre\u00a01930 et\u00a01937<\/p>\n<p class=\" wall-content\">Plusieurs \u0153uvres originales du peintre Pablo Picasso seront en effet visibles au c\u0153ur de ce qui f\u00fbt l\u2019une de ses r\u00e9sidences entre\u00a01930 et\u00a01937.<\/p>\n<p class=\" wall-content\">Intitul\u00e9e \u00ab Boisgeloup : L\u2019Arcadie de Picasso \u00bb, l\u2019exposition organis\u00e9e par \u00ab la Fundaci\u00f3n Almine y Bernard Ruiz-Picasso \u00bb offrira une occasion de d\u00e9couvrir cette propri\u00e9t\u00e9 retir\u00e9e.<\/p>\n<p class=\" wall-content\">\u00c0 la fois maison de campagne et atelier d\u2019artiste, le ch\u00e2teau de Boisgeloup a \u00e9t\u00e9 pour l\u2019artiste un refuge paisible, loin de la vie urbaine.<\/p>\n<p class=\" wall-content\">Un lieu de d\u00e9tente en famille et entre amis, recette d\u2019une pr\u00e9cieuse source d\u2019inspiration cr\u00e9ative pour le peintre.<\/p>\n<p>Vid\u00e9os : en ce moment sur Actu<br \/>\n    <img   decoding=\"async\" loading=\"lazy\" class=\"size-large\" src=\"https:\/\/www.europesays.com\/fr\/wp-content\/uploads\/2025\/09\/dd46edc9eac860256edc9eac8d556ev-960x640.jpg\" alt=\"BOISGELOUP: L\u2019ARCADIE DE PICASSO. Gisors, le 13 septembre 2025 \u00a9 Julio Piatti\" width=\"960\" height=\"640\"\/><br \/>\n    La demeure appartient aujourd\u2019hui encore \u00e0 la famille Picasso et accueille des expositions temporaires. \u00a9Julio PiattiDes \u0153uvres r\u00e9alis\u00e9es au Boisgeloup<\/p>\n<p class=\" wall-content\">L\u2019exposition qui entend rouvrir cette parenth\u00e8se de vie enchant\u00e9e pr\u00e9sentera plusieurs \u0153uvres majeures r\u00e9alis\u00e9es au cours de cette p\u00e9riode.<\/p>\n<p>Votre r\u00e9gion, votre actu !<\/p>\n<p>Recevez chaque jour les infos qui comptent pour vous.<\/p>\n<p>\t<a href=\"https:\/\/actu.fr\/newsletter\" class=\"ac-btn ac-btn--corner ac-btn--medium ac-btn--blue800\" target=\"_blank\" rel=\"noopener\">S&rsquo;incrire<\/a><\/p>\n<p class=\" wall-content\">Les organisateurs pr\u00e9cisent les contours de cette exposition unique.<\/p>\n<blockquote class=\"ac-article-quote wall-content\">\n<p>\u00ab Les \u0153uvres seront pr\u00e9sent\u00e9es dans plusieurs espaces du ch\u00e2teau, notamment dans les anciennes \u00e9curies, que Picasso avait transform\u00e9es en atelier de sculpture et de gravure, ainsi que dans la chapelle gothique du XIVe si\u00e8cle, vestige des origines m\u00e9di\u00e9vales du site. \u00bb\u00a0<\/p>\n<\/blockquote>\n<p class=\" wall-content\">Et d\u2019ajouter :<\/p>\n<blockquote class=\"ac-article-quote wall-content\">\n<p>\u00ab Cette immersion dans un lieu habituellement ferm\u00e9 au public, ainsi que la d\u00e9couverte des jardins environnants, permettront d\u2019entrer au c\u0153ur de l\u2019univers de Picasso durant l\u2019une des phases les plus inventives et prolifiques de sa carri\u00e8re. \u00bb<\/p>\n<\/blockquote>\n<p>Un h\u00e9ritage inestimable<\/p>\n<p class=\" wall-content\">En coulisse, on retrouve le petit-fils du peintre, Bernard Ruiz-Picasso, homme d\u2019affaires qui via sa fondation s\u2019investit pour faire vivre l\u2019h\u00e9ritage artistique pr\u00e9cieux de son illustre grand-p\u00e8re.<\/p>\n<p class=\" wall-content\">La fondation Almine y Bernard Ruiz-Picasso (FABA) a \u00e9t\u00e9 fond\u00e9e par Almine et Bernard Ruiz-Picasso en 2002.<\/p>\n<p class=\" wall-content\">Elle poss\u00e8de une collection d\u2019\u0153uvres de Pablo Picasso et d\u2019artistes contemporains, ainsi que d\u2019importantes archives.<\/p>\n<p class=\" wall-content\">L\u2019\u00e9tude de l\u2019\u0153uvre de Pablo Picasso sous un angle historique, scientifique et technologique est un \u00e9l\u00e9ment essentiel de sa mission.<\/p>\n<p>    <img   decoding=\"async\" loading=\"lazy\" class=\"size-large\" src=\"https:\/\/www.europesays.com\/fr\/wp-content\/uploads\/2025\/09\/3194ee59eac864594ee59eac8cc94ev-960x640.jpg\" alt=\"BOISGELOUP: L\u2019ARCADIE DE PICASSO. Gisors, le 13 septembre 2025 \u00a9 Julio Piatti\" width=\"960\" height=\"640\"\/><br \/>\n    Bernard Ruiz-Picasso, petit-fils du peintre organise l\u2019expo via sa fondation \u00ab Almine y Bernard Ruiz-Picasso \u00bb pose ici au c\u00f4t\u00e9 du maire de Gisors (Eure).\u00a0 \u00a9Julio PiattiSoutenir l\u2019art contemporain<\/p>\n<p class=\" wall-content\">La Fondation participe \u00e9galement \u00e0 de nombreuses expositions et publications en collaboration avec des institutions internationales, et organise ses propres expositions tout en soutenant l\u2019art contemporain.<\/p>\n<p class=\" wall-content\">L\u2019exposition organis\u00e9e au Boisgeloup dans la demeure familiale permettra au public de vivre le temps d\u2019une visite dans l\u2019univers qui a contribu\u00e9 \u00e0 la cr\u00e9ation d\u2019une \u0153uvre inscrite dans l\u2019histoire mondiale de l\u2019art.<\/p>\n<p>L\u2019exposition \u00ab Picasso Arcadia \u00bb est gratuite et ouverte au public les samedis et dimanches de 10h \u00e0 18h au ch\u00e2teau de Boisgeloup, 1 Place Pablo Picasso \u00e0 Gisors. Ouverture les samedi 20, dimanche 21, samedi 27 et dimanche 28 septembre et samedi 4 et dimanche 5 octobre.<\/p>\n<p class=\" wall-content\">Personnalisez votre actualit\u00e9 en ajoutant vos villes et m\u00e9dias en favori avec <a href=\"https:\/\/moncompte.actu.fr\" title=\"D\u00e9couvez Mon Actu\" rel=\"nofollow noopener\" data-trk=\"{&quot;cta&quot;:{&quot;action&quot;:&quot;https:\\\/\\\/moncompte.actu.fr&quot;,&quot;category&quot;:&quot;mon compte&quot;,&quot;from&quot;:&quot;article footer&quot;,&quot;name&quot;:&quot;Mon actu&quot;,&quot;type&quot;:&quot;cta&quot;}}\" target=\"_blank\">Mon Actu<\/a>.<\/p>\n","protected":false},"excerpt":{"rendered":"Par Matthieu Le Tirant Publi\u00e9 le 19 sept. 2025 \u00e0 6h00 En marge des journ\u00e9es europ\u00e9ennes du Patrimoine&hellip;\n","protected":false},"author":2,"featured_media":403330,"comment_status":"","ping_status":"","sticky":false,"template":"","format":"standard","meta":{"footnotes":""},"categories":[1358],"tags":[1348,1384,1385,1386,58,59,1011,27,36285,1652,53472],"class_list":{"0":"post-403329","1":"post","2":"type-post","3":"status-publish","4":"format-standard","5":"has-post-thumbnail","7":"category-arts-et-design","8":"tag-arts","9":"tag-arts-and-design","10":"tag-arts-et-design","11":"tag-design","12":"tag-divertissement","13":"tag-entertainment","14":"tag-fr","15":"tag-france","16":"tag-le-vexin-normand","17":"tag-loisirs-culture","18":"tag-vexin"},"share_on_mastodon":{"url":"https:\/\/pubeurope.com\/@fr\/115233215442199330","error":""},"_links":{"self":[{"href":"https:\/\/www.europesays.com\/fr\/wp-json\/wp\/v2\/posts\/403329","targetHints":{"allow":["GET"]}}],"collection":[{"href":"https:\/\/www.europesays.com\/fr\/wp-json\/wp\/v2\/posts"}],"about":[{"href":"https:\/\/www.europesays.com\/fr\/wp-json\/wp\/v2\/types\/post"}],"author":[{"embeddable":true,"href":"https:\/\/www.europesays.com\/fr\/wp-json\/wp\/v2\/users\/2"}],"replies":[{"embeddable":true,"href":"https:\/\/www.europesays.com\/fr\/wp-json\/wp\/v2\/comments?post=403329"}],"version-history":[{"count":0,"href":"https:\/\/www.europesays.com\/fr\/wp-json\/wp\/v2\/posts\/403329\/revisions"}],"wp:featuredmedia":[{"embeddable":true,"href":"https:\/\/www.europesays.com\/fr\/wp-json\/wp\/v2\/media\/403330"}],"wp:attachment":[{"href":"https:\/\/www.europesays.com\/fr\/wp-json\/wp\/v2\/media?parent=403329"}],"wp:term":[{"taxonomy":"category","embeddable":true,"href":"https:\/\/www.europesays.com\/fr\/wp-json\/wp\/v2\/categories?post=403329"},{"taxonomy":"post_tag","embeddable":true,"href":"https:\/\/www.europesays.com\/fr\/wp-json\/wp\/v2\/tags?post=403329"}],"curies":[{"name":"wp","href":"https:\/\/api.w.org\/{rel}","templated":true}]}}