{"id":403339,"date":"2025-09-19T22:05:11","date_gmt":"2025-09-19T22:05:11","guid":{"rendered":"https:\/\/www.europesays.com\/fr\/403339\/"},"modified":"2025-09-19T22:05:11","modified_gmt":"2025-09-19T22:05:11","slug":"face-aux-cancers-colorectaux-chez-les-jeunes-linstitut-pasteur-scrute-le-microbiote-intestinal","status":"publish","type":"post","link":"https:\/\/www.europesays.com\/fr\/403339\/","title":{"rendered":"Face aux cancers colorectaux chez les jeunes, l\u2019Institut Pasteur scrute le microbiote intestinal"},"content":{"rendered":"<p>Les recherches men\u00e9es par l\u2019<a href=\"https:\/\/www.20minutes.fr\/dossier\/institut_pasteur\" class=\"c-link c-link--is-underlined\" target=\"_blank\" rel=\"noopener\">Institut Pasteur<\/a> sont loin d\u2019\u00eatre anodines. Le <a href=\"https:\/\/www.20minutes.fr\/dossier\/cancer_colorectal\" class=\"c-link c-link--is-underlined\" target=\"_blank\" rel=\"noopener\">cancer colorectal<\/a> fait partie des six <a href=\"https:\/\/www.20minutes.fr\/dossier\/cancer\" class=\"c-link c-link--is-underlined\" target=\"_blank\" rel=\"noopener\">cancers<\/a> (dont ceux du cerveau, du rein, du sein\u2026) dont l\u2019incidence a augment\u00e9 parmi les 15-39 ans en France de\u00a02000 \u00e0\u00a02020, selon Sant\u00e9 publique France. Un chiffre qui suscite l\u2019inqui\u00e9tude et soul\u00e8ve des questions auxquelles. Un riche microbiote intestinal pr\u00e9serve-t-il du cancer colorectal\u00a0? Et l\u2019alimentation ultratransform\u00e9e, en alt\u00e9rant le microbiote, favorise-t-elle l\u2019apparition de cette maladie\u00a0?<\/p>\n<p>Eviter <a href=\"https:\/\/www.20minutes.fr\/dossier\/tabac\" class=\"c-link c-link--is-underlined\" target=\"_blank\" rel=\"noopener\">tabac<\/a> et <a href=\"https:\/\/www.20minutes.fr\/dossier\/alcool\" class=\"c-link c-link--is-underlined\" target=\"_blank\" rel=\"noopener\">alcool<\/a>, manger vari\u00e9 et \u00e9quilibr\u00e9, faire de l\u2019activit\u00e9 r\u00e9guli\u00e8re\u2026 Il est bien connu qu\u2019un mode de vie sain r\u00e9duit les risques. Mais le lien entre cancer colorectal et microbiote intestinal l\u2019est beaucoup moins. Ecosyst\u00e8me complexe de micro-organismes qui vivent dans notre intestin, le microbiote intestinal est essentiel \u00e0 notre bonne sant\u00e9\u00a0: digestion, immunit\u00e9, protection de la muqueuse intestinale\u2026 On sait que notre r\u00e9gime alimentaire influence sa composition et son fonctionnement\u00a0: un microbiote d\u00e9s\u00e9quilibr\u00e9 peut favoriser l\u2019inflammation et la production de substances toxiques, d\u00e9r\u00e9guler notre syst\u00e8me immunitaire et ainsi augmenter les risques de d\u00e9velopper des cancers.<\/p>\n<p>Des \u00e9tudes inqui\u00e9tantes sur la souris<\/p>\n<p>A l\u2019Institut Pasteur, \u00e0 Paris, Benoit Chassaing, directeur de recherche Inserm, dirige le laboratoire \u00ab\u00a0Interactions Microbiote-h\u00f4te\u00a0\u00bb. Il y explore l\u2019influence de l\u2019alimentation moderne sur le microbiote intestinal et son lien avec le cancer colorectal. \u00ab\u00a0Nous \u00e9tudions beaucoup les agents \u00e9mulsifiants, les additifs les plus couramment utilis\u00e9s pour allonger la conservation et am\u00e9liorer la texture des produits\u2026 Nous avons pu montrer qu\u2019ils alt\u00e8rent le microbiote\u00a0\u00bb, explique le scientifique.<\/p>\n<p>Fin juillet, la revue Nature communications a publi\u00e9 une \u00e9tude de son \u00e9quipe, montrant que chez la souris, la consommation d\u2019additifs alimentaires par la m\u00e8re alt\u00e8re le microbiote des descendants, augmentant le risque de d\u00e9velopper des maladies inflammatoires chroniques. \u00ab\u00a0Nos travaux montrent que chez la souris, ce microbiote en mauvaise sant\u00e9 est transmis \u00e0 la g\u00e9n\u00e9ration d\u2019apr\u00e8s\u00a0: ces enfants r\u00e9cup\u00e8rent des mauvaises bact\u00e9ries qui les rendent tr\u00e8s susceptibles \u00e0 l\u2019\u00e2ge adulte de d\u00e9velopper des maladies inflammatoires chroniques de l\u2019intestin, des d\u00e9r\u00e9gulations m\u00e9taboliques et l\u2019ob\u00e9sit\u00e9\u00a0\u00bb, dit le chercheur.<\/p>\n<\/p>\n<p>Or certains de ces \u00e9mulsifiants \u00ab\u00a0se retrouvent \u00e9galement dans le lait en poudre et des aliments pour les jeunes enfants\u00a0\u00bb, note-t-il. Des essais cliniques sur l\u2019homme restent \u00e0 mener, dans le but d\u2019adopter un jour des r\u00e9glementations favorisant l\u2019utilisation, par l\u2019industrie agroalimentaire, \u00ab\u00a0d\u2019additifs inoffensifs et l\u2019arr\u00eat de celle d\u2019additifs d\u00e9l\u00e9t\u00e8res\u00a0\u00bb.<\/p>\n<p><a href=\"https:\/\/www.20minutes.fr\/dossier\/cancer_colorectal\" class=\"c-link c-btn c-btn--primary\" target=\"_blank\" rel=\"noopener\">Notre dossier sur le cancer colorectal<\/a><\/p>\n<p>Son \u00e9quipe \u00e9tudie aussi la couche de mucus qui tapisse la paroi des intestins\u00a0: normalement st\u00e9rile, elle peut, lorsque le microbiote est perturb\u00e9, \u00eatre colonis\u00e9e par des bact\u00e9ries favorisant l\u2019apparition de l\u00e9sions pr\u00e9canc\u00e9reuses, puis d\u2019un cancer colorectal.<\/p>\n","protected":false},"excerpt":{"rendered":"Les recherches men\u00e9es par l\u2019Institut Pasteur sont loin d\u2019\u00eatre anodines. Le cancer colorectal fait partie des six cancers&hellip;\n","protected":false},"author":2,"featured_media":403340,"comment_status":"","ping_status":"","sticky":false,"template":"","format":"standard","meta":{"footnotes":""},"categories":[10],"tags":[47,14845,1011,27,72,4281,17169,7924,6519,71],"class_list":{"0":"post-403339","1":"post","2":"type-post","3":"status-publish","4":"format-standard","5":"has-post-thumbnail","7":"category-sante","8":"tag-actualite","9":"tag-cancer-colorectal","10":"tag-fr","11":"tag-france","12":"tag-health","13":"tag-inserm","14":"tag-institut-pasteur","15":"tag-malbouffe","16":"tag-nourriture","17":"tag-sante"},"share_on_mastodon":{"url":"https:\/\/pubeurope.com\/@fr\/115233234803922319","error":""},"_links":{"self":[{"href":"https:\/\/www.europesays.com\/fr\/wp-json\/wp\/v2\/posts\/403339","targetHints":{"allow":["GET"]}}],"collection":[{"href":"https:\/\/www.europesays.com\/fr\/wp-json\/wp\/v2\/posts"}],"about":[{"href":"https:\/\/www.europesays.com\/fr\/wp-json\/wp\/v2\/types\/post"}],"author":[{"embeddable":true,"href":"https:\/\/www.europesays.com\/fr\/wp-json\/wp\/v2\/users\/2"}],"replies":[{"embeddable":true,"href":"https:\/\/www.europesays.com\/fr\/wp-json\/wp\/v2\/comments?post=403339"}],"version-history":[{"count":0,"href":"https:\/\/www.europesays.com\/fr\/wp-json\/wp\/v2\/posts\/403339\/revisions"}],"wp:featuredmedia":[{"embeddable":true,"href":"https:\/\/www.europesays.com\/fr\/wp-json\/wp\/v2\/media\/403340"}],"wp:attachment":[{"href":"https:\/\/www.europesays.com\/fr\/wp-json\/wp\/v2\/media?parent=403339"}],"wp:term":[{"taxonomy":"category","embeddable":true,"href":"https:\/\/www.europesays.com\/fr\/wp-json\/wp\/v2\/categories?post=403339"},{"taxonomy":"post_tag","embeddable":true,"href":"https:\/\/www.europesays.com\/fr\/wp-json\/wp\/v2\/tags?post=403339"}],"curies":[{"name":"wp","href":"https:\/\/api.w.org\/{rel}","templated":true}]}}