{"id":403346,"date":"2025-09-19T22:09:12","date_gmt":"2025-09-19T22:09:12","guid":{"rendered":"https:\/\/www.europesays.com\/fr\/403346\/"},"modified":"2025-09-19T22:09:12","modified_gmt":"2025-09-19T22:09:12","slug":"il-est-legitime-de-demander-aux-plus-fortunes-de-contribuer-un-peu-estime-pierre-moscovici","status":"publish","type":"post","link":"https:\/\/www.europesays.com\/fr\/403346\/","title":{"rendered":"Il est l\u00e9gitime de demander aux plus fortun\u00e9s de contribuer \u00ab\u00a0un peu\u00a0\u00bb, estime Pierre Moscovici"},"content":{"rendered":"<p>Pierre Moscovici, <a href=\"https:\/\/www.20minutes.fr\/dossier\/pierre_moscovici\" class=\"c-link c-link--is-underlined\" target=\"_blank\" rel=\"noopener\">premier pr\u00e9sident de la Cour des comptes<\/a>, a estim\u00e9 vendredi qu\u2019il \u00e9tait l\u00e9gitime de solliciter un effort particulier des contribuables les plus fortun\u00e9s dans le cadre du budget 2026. L\u2019objectif\u00a0: participer au redressement des finances publiques et r\u00e9duire le d\u00e9ficit public, avec une cible fix\u00e9e \u00e0 3\u00a0% maximum du <a href=\"https:\/\/www.20minutes.fr\/economie\/pib\/\" class=\"c-link c-link--is-underlined\" target=\"_blank\" rel=\"noopener\">PIB<\/a> en\u00a02029.<\/p>\n<p>Invit\u00e9 de Public S\u00e9nat, dans une \u00e9mission enregistr\u00e9e avant <a href=\"https:\/\/www.20minutes.fr\/societe\/4173989-20250918-poste-depuis-cinq-ans-pierre-moscovici-annonce-va-bientot-quitter-cour-comptes\" class=\"c-link c-link--is-underlined\" target=\"_blank\" rel=\"noopener\">l\u2019annonce de son d\u00e9part programm\u00e9<\/a> de la Cour des comptes d\u2019ici la fin de l\u2019ann\u00e9e, Pierre Moscovici a rappel\u00e9 que \u00ab\u00a0sans arr\u00eat augmenter les imp\u00f4ts, ce n\u2019est pas la solution\u00a0\u00bb, soulignant le niveau d\u00e9j\u00e0 tr\u00e8s \u00e9lev\u00e9 de la fiscalit\u00e9 en France. \u00ab\u00a0Quantitativement, c\u2019est plut\u00f4t vers les \u00e9conomies en d\u00e9penses qu\u2019il faut se tourner\u00a0\u00bb.<\/p>\n<\/p>\n<p>Un \u00ab\u00a0sentiment d\u2019in\u00e9galit\u00e9 croissante, d\u2019injustice\u00a0\u00bb<\/p>\n<p>Il a cependant ajout\u00e9 qu\u2019une contribution des plus riches ne pouvait \u00eatre exclue, notamment pour r\u00e9pondre \u00e0 un \u00ab\u00a0sentiment d\u2019injustice\u00a0\u00bb ressenti par une partie de la population.<\/p>\n<p>\u00ab\u00a0Mettons que je sois immens\u00e9ment riche\u00a0: qu\u2019est-ce que \u00e7a me co\u00fbterait au fond de me dire\u00a0: je paie un peu pour mon pays\u00a0? Si on vous dit 1 ou 2\u00a0%, c\u2019est un peu, non\u00a0?\u00a0\u00bb, a-t-il lanc\u00e9.<\/p>\n<p><a href=\"https:\/\/www.20minutes.fr\/economie\/\" class=\"c-link c-btn c-btn--primary\" target=\"_blank\" rel=\"noopener\">Plus d&rsquo;articles \u00e9conomie<\/a>Chacun doit mettre \u00ab\u00a0la main \u00e0 la poche\u00a0\u00bb<\/p>\n<p>Cette prise de position intervient alors que les socialistes d\u00e9fendent la mise en place d\u2019une \u00ab\u00a0taxe Zucman\u00a0\u00bb, du nom de l\u2019\u00e9conomiste Gabriel Zucman. Cette mesure, incluse dans le projet de budget 2026, pr\u00e9voit une taxe annuelle de 2\u00a0% sur les patrimoines sup\u00e9rieurs \u00e0 100\u00a0millions d\u2019euros. Le Premier ministre, S\u00e9bastien Lecornu, esp\u00e8re faire adopter ce budget sans censure des oppositions.<\/p>\n<p>Pierre Moscovici a pr\u00e9cis\u00e9 que, \u00ab\u00a0dans un moment o\u00f9 on demande \u00e0 tous les Fran\u00e7ais de mettre la main \u00e0 la poche, \u00e0 tous les <a href=\"https:\/\/www.20minutes.fr\/dossier\/francais\" class=\"c-link c-link--is-underlined\" target=\"_blank\" rel=\"noopener\">Fran\u00e7ais<\/a> de faire un effort, il faut que les plus riches contribuent aussi.\u00a0\u00bb<\/p>\n","protected":false},"excerpt":{"rendered":"Pierre Moscovici, premier pr\u00e9sident de la Cour des comptes, a estim\u00e9 vendredi qu\u2019il \u00e9tait l\u00e9gitime de solliciter un&hellip;\n","protected":false},"author":2,"featured_media":403347,"comment_status":"","ping_status":"","sticky":false,"template":"","format":"standard","meta":{"footnotes":""},"categories":[6],"tags":[47,1003,35,15721,33,34,1011,27,25848,3363,11067],"class_list":{"0":"post-403346","1":"post","2":"type-post","3":"status-publish","4":"format-standard","5":"has-post-thumbnail","7":"category-economie","8":"tag-actualite","9":"tag-budget","10":"tag-business","11":"tag-cour-des-comptes","12":"tag-economie","13":"tag-economy","14":"tag-fr","15":"tag-france","16":"tag-pierre-moscovici","17":"tag-premier-ministre","18":"tag-sebastien-lecornu"},"share_on_mastodon":{"url":"https:\/\/pubeurope.com\/@fr\/115233250566109011","error":""},"_links":{"self":[{"href":"https:\/\/www.europesays.com\/fr\/wp-json\/wp\/v2\/posts\/403346","targetHints":{"allow":["GET"]}}],"collection":[{"href":"https:\/\/www.europesays.com\/fr\/wp-json\/wp\/v2\/posts"}],"about":[{"href":"https:\/\/www.europesays.com\/fr\/wp-json\/wp\/v2\/types\/post"}],"author":[{"embeddable":true,"href":"https:\/\/www.europesays.com\/fr\/wp-json\/wp\/v2\/users\/2"}],"replies":[{"embeddable":true,"href":"https:\/\/www.europesays.com\/fr\/wp-json\/wp\/v2\/comments?post=403346"}],"version-history":[{"count":0,"href":"https:\/\/www.europesays.com\/fr\/wp-json\/wp\/v2\/posts\/403346\/revisions"}],"wp:featuredmedia":[{"embeddable":true,"href":"https:\/\/www.europesays.com\/fr\/wp-json\/wp\/v2\/media\/403347"}],"wp:attachment":[{"href":"https:\/\/www.europesays.com\/fr\/wp-json\/wp\/v2\/media?parent=403346"}],"wp:term":[{"taxonomy":"category","embeddable":true,"href":"https:\/\/www.europesays.com\/fr\/wp-json\/wp\/v2\/categories?post=403346"},{"taxonomy":"post_tag","embeddable":true,"href":"https:\/\/www.europesays.com\/fr\/wp-json\/wp\/v2\/tags?post=403346"}],"curies":[{"name":"wp","href":"https:\/\/api.w.org\/{rel}","templated":true}]}}