{"id":403354,"date":"2025-09-19T22:13:15","date_gmt":"2025-09-19T22:13:15","guid":{"rendered":"https:\/\/www.europesays.com\/fr\/403354\/"},"modified":"2025-09-19T22:13:15","modified_gmt":"2025-09-19T22:13:15","slug":"loire-un-point-de-deal-historique-de-la-vallee-de-londaine-enfin-demantele","status":"publish","type":"post","link":"https:\/\/www.europesays.com\/fr\/403354\/","title":{"rendered":"Loire. Un point de deal \u00ab\u00a0historique\u00a0\u00bb de la vall\u00e9e de l\u2019Ondaine enfin d\u00e9mantel\u00e9"},"content":{"rendered":"<p>Il y a des Saint-Valentin dont on se souvient plus que d\u2019autres. Celle de cette ann\u00e9e aura marqu\u00e9 le point de d\u00e9part du d\u00e9mant\u00e8lement d\u2019un \u00ab\u00a0point de deal historique\u00a0\u00bb du sud de la Loire, selon les mots d\u2019Yves Cellier, directeur interd\u00e9partemental de la police nationale de la Loire.<\/p>\n<p>C\u2019est le 14\u00a0f\u00e9vrier qu\u2019une \u00e9quipe de la BAC (Brigade anticriminalit\u00e9) a constat\u00e9 des all\u00e9es et venues chemin de Sous-Paulat \u00e0 Firminy et que la surveillance du secteur a commenc\u00e9.<\/p>\n<p>80 transactions quotidiennes sur un point de deal ouvert de 10 heures \u00e0 minuit<\/p>\n<p>Les op\u00e9rations de \u00ab\u00a0harc\u00e8lement\u00a0\u00bb et d\u2019\u00ab\u00a0investigations\u00a0\u00bb dureront plusieurs mois et s\u2019appuieront, notamment, sur une surveillance discr\u00e8te par drones dont est \u00e9quip\u00e9e la police de la Loire depuis quelques mois.<\/p>\n<p>Le dossier a rapidement \u00e9t\u00e9 repris par la brigade des stup\u00e9fiants de la Loire et l\u2019Unit\u00e9 d\u2019investigation nationale, qui d\u00e9pend de la Direction nationale de la police judiciaire.<\/p>\n<p>C\u2019\u00e9tait un trafic de grande ampleur, avec une trentaine de vendeurs, qui \u00e9tait en place depuis plusieurs ann\u00e9es dans ce quartier r\u00e9sidentiel de Firminy, bord\u00e9 par un parc de jeux et d\u2019une \u00e9cole.<\/p>\n<p>Autour de l\u2019immeuble qui longe la petite rue, le point de deal \u00e9tait ouvert chaque jour de 10 heures \u00e0 minuit et environ 80 transactions avaient lieu quotidiennement, soit un chiffre d\u2019affaires \u00e9valu\u00e9 entre 15\u00a0000\u00a0et 20\u00a0000\u00a0euros par semaine.<\/p>\n<p>Un fusil \u00e0 pompe parmi les objets saisis<\/p>\n<p>Lundi, huit personnes, dont le \u00ab\u00a0g\u00e9rant de ce point de deal\u00a0\u00bb ont \u00e9t\u00e9 interpell\u00e9es \u00e0 Firminy et Saint-\u00c9tienne puis plac\u00e9es en garde \u00e0 vue. Les perquisitions \u00e0 leurs domiciles respectifs ont permis la saisie de 2,5\u00a0kg de r\u00e9sine de cannabis, cent grammes de coca\u00efne, 8\u00a0000\u00a0euros en liquide et un fusil \u00e0 pompe \u00ab\u00a0qui sert \u00e0 prot\u00e9ger le trafic et parfois \u00e0 r\u00e9gler des comptes, ce qui n\u2019a heureusement pas \u00e9t\u00e9 le cas\u00a0\u00bb, souligne Yves Cellier.<\/p>\n<p>Un des individus interpell\u00e9s, un mineur, a \u00e9t\u00e9 remis en libert\u00e9 \u00e0 l\u2019issue de la garde \u00e0 vue, un autre a fait l\u2019objet d\u2019une convocation par officier de police judiciaire. Les six autres, trois mineurs et trois majeurs, ont \u00e9t\u00e9 d\u00e9f\u00e9r\u00e9s au parquet vendredi apr\u00e8s-midi.<\/p>\n<p><a href=\"https:\/\/www.leprogres.fr\/loire-42-edition-ondaine\/2019\/06\/17\/chemin-de-sous-paulat-les-riverains-n-en-peuvent-plus\" target=\"_blank\" rel=\"noopener\">Celui de Sous-Paulat \u00ab pourrissait \u00bb la vie des habitants depuis longtemps,<\/a> comme le confirme Mohamed qui a d\u00e9m\u00e9nag\u00e9 l\u00e0 en 2020\u00a0: \u00ab\u00a0Ils s\u2019\u00e9taient appropri\u00e9 le quartier, donc c\u2019est une tr\u00e8s bonne chose de les voir partir. J\u2019esp\u00e8re juste qu\u2019ils ne reviendront pas, mais j\u2019en doute.\u00a0\u00bb<\/p>\n<p>Yves Cellier se veut rassurant : \u00ab \u00c9videmment, quand un commerce fonctionne, on a envie de s\u2019y r\u00e9installer mais la police m\u00e8ne un service apr\u00e8s-vente d\u2019occupation du terrain. C\u2019est notre action du quotidien qui va garantir que le point de deal ne reviendra pas ici. \u00bb<\/p>\n","protected":false},"excerpt":{"rendered":"Il y a des Saint-Valentin dont on se souvient plus que d\u2019autres. Celle de cette ann\u00e9e aura marqu\u00e9&hellip;\n","protected":false},"author":2,"featured_media":403355,"comment_status":"","ping_status":"","sticky":false,"template":"","format":"standard","meta":{"footnotes":""},"categories":[9653],"tags":[1111,11,2430,271,272,7539,1777,674,274,107,10282,10283,1011,27,3367,12,25,4001],"class_list":{"0":"post-403354","1":"post","2":"type-post","3":"status-publish","4":"format-standard","5":"has-post-thumbnail","7":"category-saint-etienne","8":"tag-actu","9":"tag-actualites","10":"tag-auvergne-rhone-alpes","11":"tag-crime","12":"tag-delit-et-contravention","13":"tag-edition-loire-sud","14":"tag-eu","15":"tag-europe","16":"tag-faits-divers-justice","17":"tag-fil-info","18":"tag-firminy","19":"tag-firminy-ville","20":"tag-fr","21":"tag-france","22":"tag-loire","23":"tag-news","24":"tag-republique-francaise","25":"tag-saint-etienne"},"share_on_mastodon":{"url":"https:\/\/pubeurope.com\/@fr\/115233266545852302","error":""},"_links":{"self":[{"href":"https:\/\/www.europesays.com\/fr\/wp-json\/wp\/v2\/posts\/403354","targetHints":{"allow":["GET"]}}],"collection":[{"href":"https:\/\/www.europesays.com\/fr\/wp-json\/wp\/v2\/posts"}],"about":[{"href":"https:\/\/www.europesays.com\/fr\/wp-json\/wp\/v2\/types\/post"}],"author":[{"embeddable":true,"href":"https:\/\/www.europesays.com\/fr\/wp-json\/wp\/v2\/users\/2"}],"replies":[{"embeddable":true,"href":"https:\/\/www.europesays.com\/fr\/wp-json\/wp\/v2\/comments?post=403354"}],"version-history":[{"count":0,"href":"https:\/\/www.europesays.com\/fr\/wp-json\/wp\/v2\/posts\/403354\/revisions"}],"wp:featuredmedia":[{"embeddable":true,"href":"https:\/\/www.europesays.com\/fr\/wp-json\/wp\/v2\/media\/403355"}],"wp:attachment":[{"href":"https:\/\/www.europesays.com\/fr\/wp-json\/wp\/v2\/media?parent=403354"}],"wp:term":[{"taxonomy":"category","embeddable":true,"href":"https:\/\/www.europesays.com\/fr\/wp-json\/wp\/v2\/categories?post=403354"},{"taxonomy":"post_tag","embeddable":true,"href":"https:\/\/www.europesays.com\/fr\/wp-json\/wp\/v2\/tags?post=403354"}],"curies":[{"name":"wp","href":"https:\/\/api.w.org\/{rel}","templated":true}]}}