{"id":403358,"date":"2025-09-19T22:15:20","date_gmt":"2025-09-19T22:15:20","guid":{"rendered":"https:\/\/www.europesays.com\/fr\/403358\/"},"modified":"2025-09-19T22:15:20","modified_gmt":"2025-09-19T22:15:20","slug":"roulant-sous-stupefiants-il-fonce-en-trottinette-vers-des-policiers-avant-de-prendre-la-fuite","status":"publish","type":"post","link":"https:\/\/www.europesays.com\/fr\/403358\/","title":{"rendered":"roulant sous stup\u00e9fiants, il fonce en trottinette vers des policiers avant de prendre la fuite"},"content":{"rendered":"<p>            Par<br \/>\n        <strong><br \/>\n            <a href=\"https:\/\/actu.fr\/auteur\/pierre-emile-bouchy-actu-fr\" title=\"Consulter tous les articles de Paul-Emile Bouchy\" rel=\"nofollow noopener\" target=\"_blank\">Paul-Emile Bouchy<\/a><br \/>\n        <\/strong><\/p>\n<p>        Publi\u00e9 le<\/p>\n<p>            19 sept. 2025 \u00e0 18h29        <\/p>\n<p>Mardi 16 septembre, \u00e0 14h43, un <a href=\"https:\/\/actu.fr\/tag\/refus-d-obtemperer\" rel=\"nofollow noopener\" target=\"_blank\">refus d\u2019obtemp\u00e9rer<\/a> a eu lieu \u00e0 l\u2019angle de la rue Jeanne d\u2019Arc et de l\u2019avenue du G\u00e9n\u00e9ral Leclerc \u00e0 <a href=\"https:\/\/actu.fr\/grand-est\/nancy_54395\" rel=\"nofollow noopener\" target=\"_blank\">Nancy<\/a> (Meurthe-et-Moselle).<\/p>\n<p class=\" wall-content\">Alors que les polices nationale et municipale effectuaient des contr\u00f4les sur les deux roues, <strong>un individu en trottinette a refus\u00e9 d\u2019\u00eatre contr\u00f4l\u00e9 et a fonc\u00e9 vers les policiers<\/strong> avant de prendre la fuite.<\/p>\n<p>L\u2019individu positif aux stup\u00e9fiants<\/p>\n<p class=\" wall-content\">Apr\u00e8s avoir grill\u00e9 un feu rouge, l\u2019homme est <strong>interpell\u00e9 par des policiers.<\/strong> Il retrouve sur lui 115 grammes d\u2019herbe de <a href=\"https:\/\/actu.fr\/tag\/cannabis\" rel=\"nofollow noopener\" target=\"_blank\">cannabis<\/a>. Il est \u00e9galement test\u00e9 positif au cannabis.<\/p>\n<p class=\" wall-content\">\u00c2g\u00e9 de 22 ans, il est plac\u00e9 en garde \u00e0 vue. Habitant \u00e0 Sarrebourg (Moselle), il a \u00e9t\u00e9 remis en libert\u00e9 et sera <strong>convoqu\u00e9 devant un officier de police judiciaire en comparution sur reconnaissance pr\u00e9alable de culpabilit\u00e9<\/strong>.<\/p>\n<p class=\" wall-content\">Personnalisez votre actualit\u00e9 en ajoutant vos villes et m\u00e9dias en favori avec <a href=\"https:\/\/moncompte.actu.fr\" title=\"D\u00e9couvez Mon Actu\" rel=\"nofollow noopener\" data-trk=\"{&quot;cta&quot;:{&quot;action&quot;:&quot;https:\\\/\\\/moncompte.actu.fr&quot;,&quot;category&quot;:&quot;mon compte&quot;,&quot;from&quot;:&quot;article footer&quot;,&quot;name&quot;:&quot;Mon actu&quot;,&quot;type&quot;:&quot;cta&quot;}}\" target=\"_blank\">Mon Actu<\/a>.<\/p>\n","protected":false},"excerpt":{"rendered":"Par Paul-Emile Bouchy Publi\u00e9 le 19 sept. 2025 \u00e0 18h29 Mardi 16 septembre, \u00e0 14h43, un refus d\u2019obtemp\u00e9rer&hellip;\n","protected":false},"author":2,"featured_media":403359,"comment_status":"","ping_status":"","sticky":false,"template":"","format":"standard","meta":{"footnotes":""},"categories":[9635],"tags":[1111,11,1777,674,118,1011,27,775,1702,12,1072,25,6960],"class_list":{"0":"post-403358","1":"post","2":"type-post","3":"status-publish","4":"format-standard","5":"has-post-thumbnail","7":"category-nancy","8":"tag-actu","9":"tag-actualites","10":"tag-eu","11":"tag-europe","12":"tag-faits-divers","13":"tag-fr","14":"tag-france","15":"tag-grand-est","16":"tag-nancy","17":"tag-news","18":"tag-police","19":"tag-republique-francaise","20":"tag-trottinette-electrique"},"share_on_mastodon":{"url":"https:\/\/pubeurope.com\/@fr\/115233274356038408","error":""},"_links":{"self":[{"href":"https:\/\/www.europesays.com\/fr\/wp-json\/wp\/v2\/posts\/403358","targetHints":{"allow":["GET"]}}],"collection":[{"href":"https:\/\/www.europesays.com\/fr\/wp-json\/wp\/v2\/posts"}],"about":[{"href":"https:\/\/www.europesays.com\/fr\/wp-json\/wp\/v2\/types\/post"}],"author":[{"embeddable":true,"href":"https:\/\/www.europesays.com\/fr\/wp-json\/wp\/v2\/users\/2"}],"replies":[{"embeddable":true,"href":"https:\/\/www.europesays.com\/fr\/wp-json\/wp\/v2\/comments?post=403358"}],"version-history":[{"count":0,"href":"https:\/\/www.europesays.com\/fr\/wp-json\/wp\/v2\/posts\/403358\/revisions"}],"wp:featuredmedia":[{"embeddable":true,"href":"https:\/\/www.europesays.com\/fr\/wp-json\/wp\/v2\/media\/403359"}],"wp:attachment":[{"href":"https:\/\/www.europesays.com\/fr\/wp-json\/wp\/v2\/media?parent=403358"}],"wp:term":[{"taxonomy":"category","embeddable":true,"href":"https:\/\/www.europesays.com\/fr\/wp-json\/wp\/v2\/categories?post=403358"},{"taxonomy":"post_tag","embeddable":true,"href":"https:\/\/www.europesays.com\/fr\/wp-json\/wp\/v2\/tags?post=403358"}],"curies":[{"name":"wp","href":"https:\/\/api.w.org\/{rel}","templated":true}]}}