{"id":403362,"date":"2025-09-19T22:17:10","date_gmt":"2025-09-19T22:17:10","guid":{"rendered":"https:\/\/www.europesays.com\/fr\/403362\/"},"modified":"2025-09-19T22:17:10","modified_gmt":"2025-09-19T22:17:10","slug":"oui-je-plaide-pour-un-changement-de-gouvernance-regis-durand-lance-sa-liste-au-revest","status":"publish","type":"post","link":"https:\/\/www.europesays.com\/fr\/403362\/","title":{"rendered":"\u00ab\u00a0Oui, je plaide pour un changement de gouvernance\u00a0\u00bb: R\u00e9gis Durand lance sa liste au Revest"},"content":{"rendered":"<p>\u00ab\u00a0Oui, je plaide pour un changement de gouvernance au Revest: avec davantage de concertation et de d\u00e9mocratie.\u00a0\u00bb C\u2019est dit et R\u00e9gis Durand va communiquer sa profession de foi dans les bo\u00eetes aux lettres de la commune.<\/p>\n<p>Il prend la t\u00eate de la liste \u00ab\u00a0Unis pour Le Revest\u00a0\u00bb, entour\u00e9 d\u2019une \u00ab\u00a0\u00e9quipe soud\u00e9e, rassemblant des femmes et des hommes diff\u00e9rents en termes d\u2019\u00e2ge, de parcours et m\u00eame d\u2019id\u00e9es politiques\u00a0\u00bb.<\/p>\n<p>\u00a0\u00bb Je veux mettre en \u0153uvre une fa\u00e7on nouvelle de diriger la commune. Je suis et j\u2019ai toujours \u00e9t\u00e9 de droite, issu d\u2019une famille gaulliste, lib\u00e9rale et sociale \u00e0 la fois. Mais je consid\u00e8re surtout que, pour gouverner une commune de 4.000 \u00e2mes, il n\u2019est pas aussi essentiel d\u2019afficher des id\u00e9es labellis\u00e9es de droite ou de gauche que d\u2019incarner les vertus d\u2019int\u00e9grit\u00e9, de comp\u00e9tence, de bienveillance et d\u2019engagement.\u00a0\u00bb<\/p>\n<p>Pour r\u00e9sumer, R\u00e9gis Durand l\u2019annonce et pr\u00e9vient: \u00ab\u00a0ce sera une liste sans \u00e9tiquette, ouverte \u00e0 toutes les sensibilit\u00e9s. Mais c\u2019est vrai que j\u2019ai du mal avec les gens trop radicaux\u00a0\u00bb, explique-t-il.<\/p>\n<p>D\u00e9fendant une liste d\u2019int\u00e9r\u00eat communal, il se fixe plusieurs priorit\u00e9s pour son village: \u00ab\u00a0baisser le niveau de la taxe fonci\u00e8re et combattre les hausses d\u2019imp\u00f4ts qui ont eu lieu et n\u2019\u00e9taient pas justifi\u00e9es; en un mot, faire baisser la pression fiscale!\u00a0\u00bb<\/p>\n<p><strong>Contre cette \u00ab\u00a0gouvernance autocratique\u00a0\u00bb<\/strong><\/p>\n<p>Le candidat de \u00ab\u00a0Unis pour Le Revest\u00a0\u00bb veut \u00e9galement \u00ab\u00a0lutter contre l\u2019urbanisation trop importante pour conserver le caract\u00e8re village du Revest, avec des constructions adapt\u00e9es \u00e0 notre environnement. Je veux aussi associer tout le monde pour garder les jeunes s\u2019ils le souhaitent: leur donner les moyens de le faire. \u00ab\u00a0<\/p>\n<p>Enfin, R\u00e9gis Durand s\u2019ancre r\u00e9solument dans l\u2019opposition au maire actuel. \u00ab\u00a0Depuis 25 ans, Ange Musso occupe le fauteuil de maire et, si rien de n\u00e9gatif n\u2019est \u00e0 relever dans certains domaines, la commune souffre d\u2019une absence de vision et d\u2019une pression fiscale, fruits amers d\u2019une gouvernance autocratique au sein de laquelle le maire d\u00e9cide de presque tout sans \u00e9couter ni ceux qui l\u2019entourent, ni son opposition. (&#8230;) Vous pouvez donc compter sur mon implication dans le seul int\u00e9r\u00eat des Revestois.\u00a0\u00bb<\/p>\n<p>Une premi\u00e8re r\u00e9union publique est d\u2019ores et d\u00e9j\u00e0 programm\u00e9e le 9 octobre prochain \u00e0 18h30\u00e0 la salle Sauvaire.<\/p>\n","protected":false},"excerpt":{"rendered":"\u00ab\u00a0Oui, je plaide pour un changement de gouvernance au Revest: avec davantage de concertation et de d\u00e9mocratie.\u00a0\u00bb C\u2019est&hellip;\n","protected":false},"author":2,"featured_media":403363,"comment_status":"","ping_status":"","sticky":false,"template":"","format":"standard","meta":{"footnotes":""},"categories":[9619],"tags":[1111,11,1777,674,1011,27,12,316,882,25,2310,3366],"class_list":{"0":"post-403362","1":"post","2":"type-post","3":"status-publish","4":"format-standard","5":"has-post-thumbnail","7":"category-toulon","8":"tag-actu","9":"tag-actualites","10":"tag-eu","11":"tag-europe","12":"tag-fr","13":"tag-france","14":"tag-news","15":"tag-politique","16":"tag-provence-alpes-cote-dazur","17":"tag-republique-francaise","18":"tag-toulon","19":"tag-vie-locale"},"share_on_mastodon":{"url":"https:\/\/pubeurope.com\/@fr\/115233282048867501","error":""},"_links":{"self":[{"href":"https:\/\/www.europesays.com\/fr\/wp-json\/wp\/v2\/posts\/403362","targetHints":{"allow":["GET"]}}],"collection":[{"href":"https:\/\/www.europesays.com\/fr\/wp-json\/wp\/v2\/posts"}],"about":[{"href":"https:\/\/www.europesays.com\/fr\/wp-json\/wp\/v2\/types\/post"}],"author":[{"embeddable":true,"href":"https:\/\/www.europesays.com\/fr\/wp-json\/wp\/v2\/users\/2"}],"replies":[{"embeddable":true,"href":"https:\/\/www.europesays.com\/fr\/wp-json\/wp\/v2\/comments?post=403362"}],"version-history":[{"count":0,"href":"https:\/\/www.europesays.com\/fr\/wp-json\/wp\/v2\/posts\/403362\/revisions"}],"wp:featuredmedia":[{"embeddable":true,"href":"https:\/\/www.europesays.com\/fr\/wp-json\/wp\/v2\/media\/403363"}],"wp:attachment":[{"href":"https:\/\/www.europesays.com\/fr\/wp-json\/wp\/v2\/media?parent=403362"}],"wp:term":[{"taxonomy":"category","embeddable":true,"href":"https:\/\/www.europesays.com\/fr\/wp-json\/wp\/v2\/categories?post=403362"},{"taxonomy":"post_tag","embeddable":true,"href":"https:\/\/www.europesays.com\/fr\/wp-json\/wp\/v2\/tags?post=403362"}],"curies":[{"name":"wp","href":"https:\/\/api.w.org\/{rel}","templated":true}]}}