{"id":403376,"date":"2025-09-19T22:25:18","date_gmt":"2025-09-19T22:25:18","guid":{"rendered":"https:\/\/www.europesays.com\/fr\/403376\/"},"modified":"2025-09-19T22:25:18","modified_gmt":"2025-09-19T22:25:18","slug":"en-ille-et-vilaine-les-chasseurs-doivent-adapter-leurs-comportements-ca-passe-par-la","status":"publish","type":"post","link":"https:\/\/www.europesays.com\/fr\/403376\/","title":{"rendered":"En Ille-et-Vilaine, \u00ab\u00a0les chasseurs doivent adapter leurs comportements, \u00e7a passe par la"},"content":{"rendered":"<p>C\u2019est l\u2019ouverture g\u00e9n\u00e9rale de la chasse, dimanche 21\u00a0septembre 2025, pour pr\u00e8s de 10\u00a0000\u00a0d\u00e9tenteurs d\u2019un permis en Ille-et-Vilaine. R\u00e9gulation des sangliers, pr\u00e9servation des petits gibiers et s\u00e9curit\u00e9 sur le terrain sont parmi les priorit\u00e9s de cette rentr\u00e9e. Entretien avec Andr\u00e9 Douard, pr\u00e9sident de la f\u00e9d\u00e9ration d\u00e9partementale des chasseurs en Ille-et-Vilaine.<\/p>\n<p><strong>Andr\u00e9 Douard,<\/strong> <strong> la s\u00e9curit\u00e9 \u00e0 la chasse revient chaque ann\u00e9e dans le d\u00e9bat public, notamment apr\u00e8s chaque accident. Comment agissez-vous sur ce sujet\u00a0?<\/strong><\/p>\n<p>C\u2019est la priorit\u00e9 des priorit\u00e9s. D\u2019autres concitoyens utilisent la nature, pour se balader, pour pratiquer un sport, plus que par le pass\u00e9.<\/p>\n<p>Les chasseurs doivent adapter leurs comportements, \u00e7a passe par la formation et l\u2019\u00e9ducation. Une remise \u00e0 niveau tous les dix ans est d\u00e9sormais obligatoire. En Ille-et-Vilaine, 7\u00a0500\u00a0chasseurs en ont d\u00e9j\u00e0 b\u00e9n\u00e9fici\u00e9. Sinon, ils n\u2019ont plus l\u2019autorisation de chasser.<\/p>\n<p>Apr\u00e8s chaque accident, la f\u00e9d\u00e9ration de chasse avec l\u2019Office fran\u00e7ais de la biodiversit\u00e9 analyse ce qu\u2019il s\u2019est pass\u00e9. <a href=\"https:\/\/rennes.maville.com\/actu\/actudet_-pres-de-rennes-un-chasseur-de-65-ans-tue-par-arme-a-feu-cette-nuit-_7-6833311_actu.Htm\" target=\"_blank\" rel=\"noopener\">L\u2019accident mortel de mai\u00a02025 n\u2019aurait jamais d\u00fb arriver<\/a>.<\/p>\n<p><strong>Lire aussi\u00a0:<\/strong> <a href=\"https:\/\/rennes.maville.com\/actu\/actudet_--des-faits-atroces-un-chasseur-condamne-pour-avoir-tue-un-chat-en-ille-et-vilaine-_7-6983490_actu.Htm\" target=\"_blank\" rel=\"noopener\">\u00ab\u00a0Des faits atroces\u00a0\u00bb\u00a0: un chasseur condamn\u00e9 pour avoir tu\u00e9 un chat en Ille-et-Vilaine<\/a><\/p>\n<p>On va demander au pr\u00e9fet de modifier le sch\u00e9ma d\u00e9partemental de chasse pour pr\u00e9voir des obligations suppl\u00e9mentaires aux chasseurs concernant les modes de chasse \u00e0 l\u2019approche et \u00e0 l\u2019aff\u00fbt qui ont fait \u00e9voluer les pratiques et les \u00e9quipements.<\/p>\n<p>Utiliser une carabine semi-automatique \u00e0 canon ray\u00e9, ce n\u2019est pas la m\u00eame chose qu\u2019un fusil calibre 12\u00a0: c\u2019est comme prendre le volant d\u2019une voiture de sport apr\u00e8s des ann\u00e9es \u00e0 conduire une petite citadine\u00a0! Il faut \u00eatre form\u00e9.<\/p>\n<p>En Ille-et-Vilaine, les d\u00e9g\u00e2ts li\u00e9s \u00e0 la prolif\u00e9ration du gros gibier, notamment le sanglier, sont r\u00e9guliers. Est-ce le dossier en haut de la pile des priorit\u00e9s de la f\u00e9d\u00e9ration de chasse\u00a0?<\/p>\n<p>Cette pr\u00e9occupation est nationale. La saison pass\u00e9e, 7\u00a0000\u00a0sangliers ont \u00e9t\u00e9 pr\u00e9lev\u00e9s en Ille-et-Vilaine et le montant d\u2019indemnisation pour d\u00e9g\u00e2ts agricoles vers\u00e9s par les chasseurs aux agriculteurs a \u00e9t\u00e9 de 600\u00a0000\u00a0\u20ac.<\/p>\n<p><a href=\"https:\/\/fdc35.com\/\" target=\"_blank\" rel=\"noopener\">La f\u00e9d\u00e9ration d\u00e9partementale<\/a> pr\u00e9voit un montant \u00e9quivalent pour la saison 2025\/2025, ce qui repr\u00e9sente quand m\u00eame un budget d\u2019environ 900\u00a0000\u00a0\u20ac avec les charges de traitement des dossiers.<\/p>\n<p>\t<img decoding=\"async\" src=\"https:\/\/www.europesays.com\/fr\/wp-content\/uploads\/2025\/09\/P35473083D6983657G_px_640_.jpg\" alt=\"photo le pr\u00e9sident de la f\u00e9d\u00e9ration d\u00e9partementale et r\u00e9gionale des chasseurs d\u2019ille-et-vilaine, andr\u00e9 douard.  \u00a9  archives ouest-france\" width=\"640\" title=\" Le pr\u00e9sident de la f\u00e9d\u00e9ration d\u00e9partementale et r\u00e9gionale des chasseurs d\u2019Ille-et-Vilaine, Andr\u00e9 Douard.   Archives Ouest-France \"\/><\/p>\n<p class=\"elmt-legende\"> Le pr\u00e9sident de la f\u00e9d\u00e9ration d\u00e9partementale et r\u00e9gionale des chasseurs d\u2019Ille-et-Vilaine, Andr\u00e9 Douard.   Archives Ouest-France <\/p>\n<p><strong>Lire aussi\u00a0:<\/strong> <a href=\"https:\/\/rennes.maville.com\/actu\/actudet_-ille-et-vilaine.-un-brevet-grand-gibier-pas-seulement-pour-les-chasseurs_52674-3372725_actu.Htm\" target=\"_blank\" rel=\"noopener\"> Un brevet \u00ab\u00a0grand gibier\u00a0\u00bb, pas seulement pour les chasseurs<\/a><\/p>\n<p>Pour les chasseurs, \u00e7a devient trop lourd, d\u2019autant qu\u2019ils sont beaucoup moins nombreux, environ 10\u00a0000\u00a0d\u00e9tenteurs du permis de chasser en Ille-et-Vilaine. Le syst\u00e8me mis en place \u00e0 partir de 1968 est \u00e0 bout de souffle. L\u2019expansion urbaine a restreint les aires sauvages propices au gibier.<\/p>\n<p>Pr\u00e8s de 30\u00a0% du territoire national ne peut pas \u00eatre accessible aux chasseurs (routes, vies ferr\u00e9es, proximit\u00e9 de lotissements ou de zones commerciales,\u00a0etc&#8230;) Nous prendrons toujours nos responsabilit\u00e9s mais pourquoi les chasseurs devraient \u00eatre les seuls \u00e0 payer les d\u00e9g\u00e2ts du gros gibier\u00a0?<\/p>\n<p><strong>Lire aussi\u00a0:<\/strong> <a href=\"https:\/\/rennes.maville.com\/actu\/actudet_-ille-et-vilaine.-les-chasseurs-ont-leur-place-pour-preserver-la-nature-_7-5049646_actu.Htm\" target=\"_blank\" rel=\"noopener\"> \u00ab\u00a0Les chasseurs ont leur place pour pr\u00e9server la nature\u00a0\u00bb<\/a><\/p>\n<p>L\u2019urbanisation des derni\u00e8res d\u00e9cennies et l\u2019\u00e9volution des pratiques agricoles ont eu aussi eu des cons\u00e9quences sur le petit gibier. Quelle est la situation en Ille-et-Vilaine\u00a0?<\/p>\n<p>Nous avons b\u00e9n\u00e9fici\u00e9 d\u2019un excellent printemps. Alors certaines esp\u00e8ces, comme le li\u00e8vre, se portent bien, au regard des comptages effectu\u00e9s par la f\u00e9d\u00e9ration. Pour beaucoup d\u2019esp\u00e8ces, nous avons mis en place des quotas, pour la perdrix, par exemple, l\u2019un des oiseaux qui a le plus souffert partout en France.<\/p>\n<p>Les populations de lapins ont \u00e9galement chut\u00e9 s\u00e9v\u00e8rement, m\u00eame sur la c\u00f4te. Nous travaillons \u00e0 la r\u00e9implantation de souches sauvages de faisans, en interdisant de les tirer pendant trois ans.<\/p>\n<p>En nous appuyant sur des programmes r\u00e9gionaux pour la biodiversit\u00e9, nous travaillons avec le monde agricole pour r\u00e9am\u00e9nager des talus, des haies, effectuer des diagnostics de terrain,\u00a0etc&#8230; C\u2019est propice au petit gibier et \u00e0 la biodiversit\u00e9 en g\u00e9n\u00e9ral. Mais quand un\u00a0kilom\u00e8tre de haies est replant\u00e9, il faut cesser d\u2019en d\u00e9truire quatre par ailleurs. Avant de r\u00e9implanter, je dis qu\u2019il faut d\u00e9j\u00e0 sauver l\u2019existant.<\/p>\n<p>\u00a0<\/p>\n","protected":false},"excerpt":{"rendered":"C\u2019est l\u2019ouverture g\u00e9n\u00e9rale de la chasse, dimanche 21\u00a0septembre 2025, pour pr\u00e8s de 10\u00a0000\u00a0d\u00e9tenteurs d\u2019un permis en Ille-et-Vilaine. R\u00e9gulation&hellip;\n","protected":false},"author":2,"featured_media":403377,"comment_status":"","ping_status":"","sticky":false,"template":"","format":"standard","meta":{"footnotes":""},"categories":[2821],"tags":[1111,11,53473,829,7907,21773,1777,674,1119,1011,27,848,12,5242,584,25,3728],"class_list":{"0":"post-403376","1":"post","2":"type-post","3":"status-publish","4":"format-standard","5":"has-post-thumbnail","7":"category-rennes","8":"tag-actu","9":"tag-actualites","10":"tag-adapter","11":"tag-bretagne","12":"tag-chasseurs","13":"tag-comportements","14":"tag-eu","15":"tag-europe","16":"tag-formation","17":"tag-fr","18":"tag-france","19":"tag-ille-et-vilaine","20":"tag-news","21":"tag-passe","22":"tag-rennes","23":"tag-republique-francaise","24":"tag-saint-malo"},"share_on_mastodon":{"url":"https:\/\/pubeurope.com\/@fr\/115233313823600452","error":""},"_links":{"self":[{"href":"https:\/\/www.europesays.com\/fr\/wp-json\/wp\/v2\/posts\/403376","targetHints":{"allow":["GET"]}}],"collection":[{"href":"https:\/\/www.europesays.com\/fr\/wp-json\/wp\/v2\/posts"}],"about":[{"href":"https:\/\/www.europesays.com\/fr\/wp-json\/wp\/v2\/types\/post"}],"author":[{"embeddable":true,"href":"https:\/\/www.europesays.com\/fr\/wp-json\/wp\/v2\/users\/2"}],"replies":[{"embeddable":true,"href":"https:\/\/www.europesays.com\/fr\/wp-json\/wp\/v2\/comments?post=403376"}],"version-history":[{"count":0,"href":"https:\/\/www.europesays.com\/fr\/wp-json\/wp\/v2\/posts\/403376\/revisions"}],"wp:featuredmedia":[{"embeddable":true,"href":"https:\/\/www.europesays.com\/fr\/wp-json\/wp\/v2\/media\/403377"}],"wp:attachment":[{"href":"https:\/\/www.europesays.com\/fr\/wp-json\/wp\/v2\/media?parent=403376"}],"wp:term":[{"taxonomy":"category","embeddable":true,"href":"https:\/\/www.europesays.com\/fr\/wp-json\/wp\/v2\/categories?post=403376"},{"taxonomy":"post_tag","embeddable":true,"href":"https:\/\/www.europesays.com\/fr\/wp-json\/wp\/v2\/tags?post=403376"}],"curies":[{"name":"wp","href":"https:\/\/api.w.org\/{rel}","templated":true}]}}