{"id":403388,"date":"2025-09-19T22:31:11","date_gmt":"2025-09-19T22:31:11","guid":{"rendered":"https:\/\/www.europesays.com\/fr\/403388\/"},"modified":"2025-09-19T22:31:11","modified_gmt":"2025-09-19T22:31:11","slug":"les-cloches-de-la-cathedrale-de-nantes-ont-bien-sonne-ce-vendredi-19-septembre","status":"publish","type":"post","link":"https:\/\/www.europesays.com\/fr\/403388\/","title":{"rendered":"Les cloches de la cath\u00e9drale de Nantes ont bien sonn\u00e9 ce vendredi 19\u00a0septembre"},"content":{"rendered":"<p>Comme pr\u00e9vu, <a href=\"https:\/\/nantes.maville.com\/info\/info-locale\/video-le-reveil-des-cloches-de-la-cathedrale-de-nantes-2b51c44a-cef3-30f4-8ae0-f08d1312749d\" target=\"_self\" rel=\"noopener\">les huit cloches de la cath\u00e9drale de Nantes<\/a> ont bien retenti ce vendredi 19\u00a0septembre, \u00e0 partir de 14\u00a0h. Elles \u00e9taient rest\u00e9es silencieuses depuis le samedi 18\u00a0juillet 2020, date de l\u2019incendie criminel qui a d\u00e9vast\u00e9 l\u2019int\u00e9rieur.<\/p>\n<p>Elles ont entrepris un concert de pr\u00e8s de vingt\u00a0minutes que beaucoup de Nantais ont pu entendre.\u00a0La Direction des affaires culturelles et le Dioc\u00e8se de Nantes avaient pr\u00e9vu ce test, en pr\u00e9vision de la r\u00e9ouverture de la cath\u00e9drale samedi 27\u00a0septembre.<\/p>\n<p>Quelques personnes ont pris le temps de les \u00e9couter depuis le parvis. <strong>\u00ab\u00a0\u00c7a fait plaisir de les entendre \u00e0 nouveau, on avait perdu l\u2019habitude et on a pr\u00e9vu d\u2019assister \u00e0 la r\u00e9ouverture de la cath\u00e9drale samedi prochain. Ce moment est un symbole fort\u00a0\u00bb,<\/strong> sourit Jeanne.<\/p>\n<p>Expo et d\u00e9monstration autour de la cath\u00e9drale<\/p>\n<p>En attendant la r\u00e9ouverture, les artisans et les entreprises qui participent \u00e0 la restauration de la cath\u00e9drale sont \u00e0 l\u2019honneur ce week-end sur le parvis.<\/p>\n<p>\u00c0 l\u2019occasion des Journ\u00e9es du patrimoine, le public pourra \u00e9changer avec eux, s\u2019initier \u00e0 la taille de pierre et s\u2019informer sur le chantier, samedi et dimanche.<\/p>\n<p>\u00c0 noter qu\u2019une exposition sur l\u2019intervention des pompiers lors de l\u2019incendie le 18\u00a0juillet 2020 est install\u00e9e sur la palissade de chantier.<\/p>\n<p><strong>Samedi\u00a021 et dimanche 22\u00a0septembre, <\/strong>de 10\u00a0h \u00e0 12\u00a0h\u00a030 et de 14\u00a0h \u00e0 17\u00a0h\u00a030, sur le parvis de la cath\u00e9drale.<\/p>\n<p>\u00a0<\/p>\n","protected":false},"excerpt":{"rendered":"Comme pr\u00e9vu, les huit cloches de la cath\u00e9drale de Nantes ont bien retenti ce vendredi 19\u00a0septembre, \u00e0 partir&hellip;\n","protected":false},"author":2,"featured_media":403389,"comment_status":"","ping_status":"","sticky":false,"template":"","format":"standard","meta":{"footnotes":""},"categories":[2818],"tags":[5185,1111,11,13601,29047,1777,674,1011,27,766,12,2636,25,395,53476,6949],"class_list":{"0":"post-403388","1":"post","2":"type-post","3":"status-publish","4":"format-standard","5":"has-post-thumbnail","7":"category-nantes","8":"tag-5185","9":"tag-actu","10":"tag-actualites","11":"tag-cathedrale","12":"tag-cloches","13":"tag-eu","14":"tag-europe","15":"tag-fr","16":"tag-france","17":"tag-nantes","18":"tag-news","19":"tag-pays-de-la-loire","20":"tag-republique-francaise","21":"tag-septembre","22":"tag-sonne","23":"tag-vendredi"},"share_on_mastodon":{"url":"https:\/\/pubeurope.com\/@fr\/115233337094070098","error":""},"_links":{"self":[{"href":"https:\/\/www.europesays.com\/fr\/wp-json\/wp\/v2\/posts\/403388","targetHints":{"allow":["GET"]}}],"collection":[{"href":"https:\/\/www.europesays.com\/fr\/wp-json\/wp\/v2\/posts"}],"about":[{"href":"https:\/\/www.europesays.com\/fr\/wp-json\/wp\/v2\/types\/post"}],"author":[{"embeddable":true,"href":"https:\/\/www.europesays.com\/fr\/wp-json\/wp\/v2\/users\/2"}],"replies":[{"embeddable":true,"href":"https:\/\/www.europesays.com\/fr\/wp-json\/wp\/v2\/comments?post=403388"}],"version-history":[{"count":0,"href":"https:\/\/www.europesays.com\/fr\/wp-json\/wp\/v2\/posts\/403388\/revisions"}],"wp:featuredmedia":[{"embeddable":true,"href":"https:\/\/www.europesays.com\/fr\/wp-json\/wp\/v2\/media\/403389"}],"wp:attachment":[{"href":"https:\/\/www.europesays.com\/fr\/wp-json\/wp\/v2\/media?parent=403388"}],"wp:term":[{"taxonomy":"category","embeddable":true,"href":"https:\/\/www.europesays.com\/fr\/wp-json\/wp\/v2\/categories?post=403388"},{"taxonomy":"post_tag","embeddable":true,"href":"https:\/\/www.europesays.com\/fr\/wp-json\/wp\/v2\/tags?post=403388"}],"curies":[{"name":"wp","href":"https:\/\/api.w.org\/{rel}","templated":true}]}}