{"id":403394,"date":"2025-09-19T22:34:16","date_gmt":"2025-09-19T22:34:16","guid":{"rendered":"https:\/\/www.europesays.com\/fr\/403394\/"},"modified":"2025-09-19T22:34:16","modified_gmt":"2025-09-19T22:34:16","slug":"n2-le-roche-vf-et-le-stade-poitevin-tombent-bordeaux-peut-en-profiter","status":"publish","type":"post","link":"https:\/\/www.europesays.com\/fr\/403394\/","title":{"rendered":"N2 : Le Roche VF et le Stade Poitevin tombent, Bordeaux peut en profiter"},"content":{"rendered":"<p><img decoding=\"async\" src=\"https:\/\/www.europesays.com\/fr\/wp-content\/uploads\/2025\/08\/671_2e65f97b36ab2a2bbab468868fd424f6.jpg\" alt=\"N2 : Le Roche VF et le Stade Poitevin tombent, Bordeaux peut en profiter\" class=\"img-responsive mt-3\"\/><\/p>\n<p class=\"text-center mb-3\" style=\"font-size: 14px\">\u00a9 Iconsport<\/p>\n<p>      <strong data-start=\"820\" data-end=\"886\">National 2 : un classement relanc\u00e9 avant Bordeaux\u2013Angoul\u00eame<\/strong><\/p>\n<p style=\"text-align: justify;\">Les deux \u00e9quipes de t\u00eates, La Roche VF et le Stade Poitevin ont c\u00e9d\u00e9 ce vendredi soir. Les \u00e9carts sont r\u00e9duits en t\u00eate du classement. L&rsquo;Aviron Bayonnais fait une bonne op\u00e9ration en battant Chauray. les Girondins sont \u00e0 la 9e place provisoire.<\/p>\n<p><strong>R\u00e9sultats :<\/strong><\/p>\n<p>Les Herbiers <strong>2-0<\/strong> Vend\u00e9e Foot Club RY<br \/>Aviron Bayonnais <strong>2-0<\/strong> Chauray FC<br \/>US Avranches <strong>4-0<\/strong> Stade Poitevin FC<\/p>\n<p><strong>Les matchs de samedi \u00e0 18h<\/strong> :<\/p>\n<p>Dinan L\u00e9hon FC &#8211; Lorient II<br \/>FC Girondins de Bordeaux &#8211; Angoul\u00eame Charente FC<br \/>Voltigeurs Ch\u00e2teaubriant &#8211; US Saint-Malo<br \/>Olympique Saumur FC &#8211; US Granville<br \/>FC Montlouis &#8211; Saint-Colomban Locmin\u00e9<\/p>\n<p>&gt; <strong><a href=\"https:\/\/www.webgirondins.com\/classement-girondins-national-2\" target=\"_blank\" rel=\"noopener\">Voir le classement de National 2<\/a><\/strong><\/p>\n<p>&gt; <strong><a href=\"https:\/\/www.webgirondins.com\/calendrier-girondins-national-2\" target=\"_blank\" rel=\"noopener\">Voir le calendrier et les r\u00e9sultats de National 2<\/a><\/strong><\/p>\n<p>\u00a0<\/p>\n","protected":false},"excerpt":{"rendered":"\u00a9 Iconsport National 2 : un classement relanc\u00e9 avant Bordeaux\u2013Angoul\u00eame Les deux \u00e9quipes de t\u00eates, La Roche VF&hellip;\n","protected":false},"author":2,"featured_media":311389,"comment_status":"","ping_status":"","sticky":false,"template":"","format":"standard","meta":{"footnotes":""},"categories":[2817],"tags":[1111,11,1997,837,8422,1442,4070,1777,674,1011,27,3465,6079,3238,12,2219,5055,36302,4433,25,18357,6689,3467,2858,24568,37530,3387,6949],"class_list":{"0":"post-403394","1":"post","2":"type-post","3":"status-publish","4":"format-standard","5":"has-post-thumbnail","7":"category-bordeaux","8":"tag-actu","9":"tag-actualites","10":"tag-bordeaux","11":"tag-chute","12":"tag-dauphin","13":"tag-deja","14":"tag-deux","15":"tag-eu","16":"tag-europe","17":"tag-fr","18":"tag-france","19":"tag-journee","20":"tag-leader","21":"tag-national","22":"tag-news","23":"tag-nouvelle-aquitaine","24":"tag-peut","25":"tag-poitevin","26":"tag-profiter","27":"tag-republique-francaise","28":"tag-reserve","29":"tag-roche","30":"tag-soir","31":"tag-stade","32":"tag-surprises","33":"tag-tombent","34":"tag-tous","35":"tag-vendredi"},"share_on_mastodon":{"url":"https:\/\/pubeurope.com\/@fr\/115233349390745689","error":""},"_links":{"self":[{"href":"https:\/\/www.europesays.com\/fr\/wp-json\/wp\/v2\/posts\/403394","targetHints":{"allow":["GET"]}}],"collection":[{"href":"https:\/\/www.europesays.com\/fr\/wp-json\/wp\/v2\/posts"}],"about":[{"href":"https:\/\/www.europesays.com\/fr\/wp-json\/wp\/v2\/types\/post"}],"author":[{"embeddable":true,"href":"https:\/\/www.europesays.com\/fr\/wp-json\/wp\/v2\/users\/2"}],"replies":[{"embeddable":true,"href":"https:\/\/www.europesays.com\/fr\/wp-json\/wp\/v2\/comments?post=403394"}],"version-history":[{"count":0,"href":"https:\/\/www.europesays.com\/fr\/wp-json\/wp\/v2\/posts\/403394\/revisions"}],"wp:featuredmedia":[{"embeddable":true,"href":"https:\/\/www.europesays.com\/fr\/wp-json\/wp\/v2\/media\/311389"}],"wp:attachment":[{"href":"https:\/\/www.europesays.com\/fr\/wp-json\/wp\/v2\/media?parent=403394"}],"wp:term":[{"taxonomy":"category","embeddable":true,"href":"https:\/\/www.europesays.com\/fr\/wp-json\/wp\/v2\/categories?post=403394"},{"taxonomy":"post_tag","embeddable":true,"href":"https:\/\/www.europesays.com\/fr\/wp-json\/wp\/v2\/tags?post=403394"}],"curies":[{"name":"wp","href":"https:\/\/api.w.org\/{rel}","templated":true}]}}