{"id":403430,"date":"2025-09-19T22:55:11","date_gmt":"2025-09-19T22:55:11","guid":{"rendered":"https:\/\/www.europesays.com\/fr\/403430\/"},"modified":"2025-09-19T22:55:11","modified_gmt":"2025-09-19T22:55:11","slug":"lue-va-finaliser-ses-enquetes","status":"publish","type":"post","link":"https:\/\/www.europesays.com\/fr\/403430\/","title":{"rendered":"l&rsquo;UE va finaliser ses enqu\u00eates"},"content":{"rendered":"<p class=\"fig-paragraph\">Les enqu\u00eates de l&rsquo;<a href=\"http:\/\/www.lefigaro.fr\/international\/dossier\/elections-europeennes-reportages-laure-mandeville-bruxelles-union-europeenne-italie-matteo-salvini-paolo-rumiz-espagne-hongrie-viktor-orban-pologne\" target=\"_blank\" data-fig-type=\"Topic\" rel=\"noopener\" data-gtm-custom-categorie=\"navigation\" data-gtm-custom-action=\"crossclick\" data-gtm-custom-label=\"Contextuel\" data-gtm-event=\"customEventSPE\" data-fig-domain=\"LEFIGARO\">Union europ\u00e9enne<\/a>\u00a0sur les plateformes en ligne, dont X et Facebook, et la protection des Europ\u00e9ens, seront achev\u00e9es dans les \u00absemaines et mois \u00e0 venir\u00bb, a d\u00e9clar\u00e9 vendredi la responsable num\u00e9rique de l&rsquo;UE, Henna Virkkunen. Plusieurs plateformes en ligne, dont les d\u00e9taillants chinois AliExpress et Temu et les g\u00e9ants des m\u00e9dias sociaux comme Facebook, Instagram, X et TikTok, font l&rsquo;objet d&rsquo;une enqu\u00eate dans le cadre du r\u00e8glement europ\u00e9en sur les services num\u00e9riques (DSA). Ce r\u00e8glement oblige les plus grandes entreprises technologiques mondiales \u00e0 faire davantage pour prot\u00e9ger les consommateurs et contr\u00f4ler les contenus en ligne.<\/p>\n<p class=\"fig-paragraph\">\u00abDans les semaines et les mois \u00e0 venir, nous serons en mesure de finaliser bon nombre de ces enqu\u00eates\u00bb, a dit Mme Virkkunen, ajoutant que \u00abce sont les premi\u00e8res d\u00e9cisions que nous allons prendre en vertu de la loi sur les services num\u00e9riques\u00bb. \u00abNous en lancerons probablement de nouvelles, car la DSA est bien s\u00fbr une l\u00e9gislation tr\u00e8s importante\u00bb, a-t-elle ajout\u00e9 en r\u00e9f\u00e9rence \u00e0 ces enqu\u00eates. Les enqu\u00eates se sont concentr\u00e9es sur \u00abla transparence de ces plateformes, mais aussi sur la protection de nos processus d\u00e9mocratiques, la protection des mineurs et les achats en ligne\u00bb, selon Mme Virkkunen. Les amendes pour violation des r\u00e8gles de la DSA peuvent atteindre jusqu&rsquo;\u00e0 6 % du chiffre d&rsquo;affaires annuel mondial total d&rsquo;une entreprise.<\/p>\n<p>                                    <a class=\"fig-a11y-skip a11y-hidden\" href=\"#fig-a11y-skip-main-inarticle\"><br \/>\n        Passer la publicit\u00e9<br \/>\n    <\/a><\/p>\n<p class=\"fig-paragraph\">Le pr\u00e9sident am\u00e9ricain Donald Trump, qui a boulevers\u00e9 le commerce mondial en imposant des droits de douane aux partenaires commerciaux des \u00c9tats-Unis, a menac\u00e9 d&rsquo;augmenter les taxes sur les pays qu&rsquo;il accuse de cibler les entreprises technologiques am\u00e9ricaines. Mme Virkkunen a pr\u00e9venu que c&rsquo;\u00e9tait le \u00abdroit souverain de l&rsquo;Union europ\u00e9enne de d\u00e9cider de nos propres r\u00e8gles num\u00e9riques\u00bb. Elle a \u00e9galement fait valoir que l&rsquo;objectif de la Commission europ\u00e9enne \u00e9tait \u00abde rendre l&rsquo;Europe plus r\u00e9active, plus accessible et plus simple pour les entreprises\u00bb.<\/p>\n","protected":false},"excerpt":{"rendered":"Les enqu\u00eates de l&rsquo;Union europ\u00e9enne\u00a0sur les plateformes en ligne, dont X et Facebook, et la protection des Europ\u00e9ens,&hellip;\n","protected":false},"author":2,"featured_media":403431,"comment_status":"","ping_status":"","sticky":false,"template":"","format":"standard","meta":{"footnotes":""},"categories":[1586],"tags":[11,1067,1777,674,1011,27,12,25,1778,22909],"class_list":{"0":"post-403430","1":"post","2":"type-post","3":"status-publish","4":"format-standard","5":"has-post-thumbnail","7":"category-europe","8":"tag-actualites","9":"tag-enquete","10":"tag-eu","11":"tag-europe","12":"tag-fr","13":"tag-france","14":"tag-news","15":"tag-republique-francaise","16":"tag-ue","17":"tag-vente-en-ligne"},"share_on_mastodon":{"url":"https:\/\/pubeurope.com\/@fr\/115233431575243699","error":""},"_links":{"self":[{"href":"https:\/\/www.europesays.com\/fr\/wp-json\/wp\/v2\/posts\/403430","targetHints":{"allow":["GET"]}}],"collection":[{"href":"https:\/\/www.europesays.com\/fr\/wp-json\/wp\/v2\/posts"}],"about":[{"href":"https:\/\/www.europesays.com\/fr\/wp-json\/wp\/v2\/types\/post"}],"author":[{"embeddable":true,"href":"https:\/\/www.europesays.com\/fr\/wp-json\/wp\/v2\/users\/2"}],"replies":[{"embeddable":true,"href":"https:\/\/www.europesays.com\/fr\/wp-json\/wp\/v2\/comments?post=403430"}],"version-history":[{"count":0,"href":"https:\/\/www.europesays.com\/fr\/wp-json\/wp\/v2\/posts\/403430\/revisions"}],"wp:featuredmedia":[{"embeddable":true,"href":"https:\/\/www.europesays.com\/fr\/wp-json\/wp\/v2\/media\/403431"}],"wp:attachment":[{"href":"https:\/\/www.europesays.com\/fr\/wp-json\/wp\/v2\/media?parent=403430"}],"wp:term":[{"taxonomy":"category","embeddable":true,"href":"https:\/\/www.europesays.com\/fr\/wp-json\/wp\/v2\/categories?post=403430"},{"taxonomy":"post_tag","embeddable":true,"href":"https:\/\/www.europesays.com\/fr\/wp-json\/wp\/v2\/tags?post=403430"}],"curies":[{"name":"wp","href":"https:\/\/api.w.org\/{rel}","templated":true}]}}