{"id":403432,"date":"2025-09-19T22:56:13","date_gmt":"2025-09-19T22:56:13","guid":{"rendered":"https:\/\/www.europesays.com\/fr\/403432\/"},"modified":"2025-09-19T22:56:13","modified_gmt":"2025-09-19T22:56:13","slug":"les-membres-de-la-commission-reaffirmeront-lengagement-de-lue-en-faveur-du-multilateralisme-lors-de-la-80e-assemblee-generale-des-nations-unies","status":"publish","type":"post","link":"https:\/\/www.europesays.com\/fr\/403432\/","title":{"rendered":"Les membres de la Commission r\u00e9affirmeront l&rsquo;engagement de l&rsquo;UE en faveur du multilat\u00e9ralisme lors de la 80e Assembl\u00e9e g\u00e9n\u00e9rale des Nations unies"},"content":{"rendered":"<p>Du 21 au 26 septembre, une d\u00e9l\u00e9gation de haut niveau de l&rsquo;Union europ\u00e9enne se rendra \u00e0 New York pour participer \u00e0 la 80e\u00a0session de l&rsquo;Assembl\u00e9e g\u00e9n\u00e9rale des Nations unies (AGNU).<\/p>\n<p>L&rsquo;AGNU de cette ann\u00e9e se d\u00e9roule \u00e0 une \u00e9poque de d\u00e9fis g\u00e9opolitiques importants et de crises mondiales croissantes. Dans ce contexte, le 80e anniversaire de l&rsquo;ONU est une occasion opportune de renouveler l&rsquo;engagement collectif en faveur de la coop\u00e9ration mondiale et de fa\u00e7onner une Organisation des Nations Unies pr\u00eate pour l&rsquo;avenir. L&rsquo;UE et ses \u00c9tats membres se joindront \u00e0 la communaut\u00e9 internationale pour envoyer un message clair de soutien ind\u00e9fectible au multilat\u00e9ralisme, centr\u00e9 sur les Nations unies. Au cours de la semaine, l&rsquo;engagement de l&rsquo;UE se concentrera sur l&rsquo;approfondissement des partenariats entre les r\u00e9gions, la mobilisation de l&rsquo;action collective en faveur de la paix et de la s\u00e9curit\u00e9, la promotion du d\u00e9veloppement durable et la d\u00e9fense de l&rsquo;universalit\u00e9 des droits de l&rsquo;homme.<\/p>\n<p>Ursula\u00a0<strong>von der Leyen, pr\u00e9sidente de<\/strong>\u00a0la Commission europ\u00e9enne, Kaja\u00a0<strong>Kallas,<\/strong>\u00a0haute repr\u00e9sentante\/vice-pr\u00e9sidente, et Ant\u00f3nio\u00a0<strong>Costa,<\/strong>\u00a0pr\u00e9sident du Conseil europ\u00e9en, accueilleront des \u00e9v\u00e9nements et des r\u00e9unions avec des dirigeants du monde entier ou y participeront. Ils seront rejoints par la vice-pr\u00e9sidente ex\u00e9cutive Teresa\u00a0<strong>Ribera<\/strong>\u00a0et les commissaires Dubravka\u00a0<strong>\u0160uica,<\/strong>\u00a0Wopke\u00a0<strong>Hoekstra,<\/strong>\u00a0Jozef\u00a0<strong>S\u00edkela,<\/strong>\u00a0Hadja\u00a0<strong>Lahbib,<\/strong>\u00a0Magnus\u00a0<strong>Brunner,<\/strong>\u00a0Jessika\u00a0<strong>Roswall,<\/strong>\u00a0Dan\u00a0<strong>J\u00f8rgensen<\/strong>\u00a0et Glenn\u00a0<strong>Micallef.<\/strong><\/p>\n<p>Cette \u00e9quipe dirigeante de l&rsquo;UE repr\u00e9sentera l&rsquo;Union aux r\u00e9unions de haut niveau prescrites par les Nations unies. L&rsquo;UE accueillera ou co-organisera plusieurs manifestations phares en marge de l&rsquo;Assembl\u00e9e g\u00e9n\u00e9rale. Les repr\u00e9sentants de l&rsquo;UE auront un\u00a0<a href=\"https:\/\/commissioners.ec.europa.eu\/index_en\" target=\"_blank\" rel=\"noopener\">programme complet<\/a>\u00a0de d\u00e9bats de haut niveau et d&rsquo;\u00e9v\u00e9nements parall\u00e8les, ainsi que de nombreuses r\u00e9unions bilat\u00e9rales.<\/p>\n<p>La pr\u00e9sidente\u00a0<strong>von der Leyen<\/strong>\u00a0participera lundi matin \u00e0 la r\u00e9union comm\u00e9morative de haut niveau de l&rsquo;Assembl\u00e9e g\u00e9n\u00e9rale des Nations unies, marquant le 80e anniversaire des Nations unies. Elle prononcera ensuite un discours lors du\u00a0<a href=\"https:\/\/globalrenewablesalliance.org\/global-renewables-summit-2025\/\" class=\"ecl-link ecl-link--icon\" target=\"_blank\" rel=\"noopener\">sommet mondial sur les \u00e9nergies renouvelables.<\/a>\u00a0Dans l&rsquo;apr\u00e8s-midi, le pr\u00e9sident prendra la parole lors de la conf\u00e9rence internationale de haut niveau sur la solution \u00e0 deux \u00c9tats, organis\u00e9e par la France.<\/p>\n<p>Mardi, la pr\u00e9sidente\u00a0<strong>von der Leyen<\/strong>\u00a0participera \u00e0 l&rsquo;ouverture de la 80e Assembl\u00e9e g\u00e9n\u00e9rale des Nations unies. Plus tard, elle prendra la parole lors de la conf\u00e9rence intitul\u00e9e \u00abRestaurer l&rsquo;enfance et l&rsquo;humanit\u00e9 \u2013 Faire progresser la paix en Ukraine gr\u00e2ce au retour des enfants ukrainiens\u00bb, organis\u00e9e conjointement par le pr\u00e9sident ukrainien, Volodymyr Zelensky, et le Premier ministre canadien, Mark Carney.<\/p>\n<p>Mercredi, la pr\u00e9sidente\u00a0<strong>von der Leyen<\/strong>\u00a0prononcera un discours lors de l&rsquo;\u00e9v\u00e9nement de haut niveau intitul\u00e9 \u00abProt\u00e9ger les enfants \u00e0 l&rsquo;\u00e8re num\u00e9rique\u00bb, organis\u00e9 par le Premier ministre australien Anthony Albanese. Elle participera \u00e9galement \u00e0 une table ronde sur le th\u00e8me \u00abInvestir dans les \u00e9nergies renouvelables en Afrique\u00bb lors des sessions Global Citizen Now Impact. Enfin, le pr\u00e9sident participera \u00e0 l&rsquo;\u00e9v\u00e9nement sp\u00e9cial de haut niveau sur l&rsquo;action pour le climat, organis\u00e9 par le secr\u00e9taire g\u00e9n\u00e9ral des Nations unies, Ant\u00f3nio Guterres.<\/p>\n","protected":false},"excerpt":{"rendered":"Du 21 au 26 septembre, une d\u00e9l\u00e9gation de haut niveau de l&rsquo;Union europ\u00e9enne se rendra \u00e0 New York&hellip;\n","protected":false},"author":2,"featured_media":403433,"comment_status":"","ping_status":"","sticky":false,"template":"","format":"standard","meta":{"footnotes":""},"categories":[1586],"tags":[11,1777,674,1779,1011,27,31826,12,3521,25,1778,364],"class_list":{"0":"post-403432","1":"post","2":"type-post","3":"status-publish","4":"format-standard","5":"has-post-thumbnail","7":"category-europe","8":"tag-actualites","9":"tag-eu","10":"tag-europe","11":"tag-european-union","12":"tag-fr","13":"tag-france","14":"tag-multilateralisme","15":"tag-news","16":"tag-onu","17":"tag-republique-francaise","18":"tag-ue","19":"tag-union-europeenne"},"share_on_mastodon":{"url":"https:\/\/pubeurope.com\/@fr\/115233435401029124","error":""},"_links":{"self":[{"href":"https:\/\/www.europesays.com\/fr\/wp-json\/wp\/v2\/posts\/403432","targetHints":{"allow":["GET"]}}],"collection":[{"href":"https:\/\/www.europesays.com\/fr\/wp-json\/wp\/v2\/posts"}],"about":[{"href":"https:\/\/www.europesays.com\/fr\/wp-json\/wp\/v2\/types\/post"}],"author":[{"embeddable":true,"href":"https:\/\/www.europesays.com\/fr\/wp-json\/wp\/v2\/users\/2"}],"replies":[{"embeddable":true,"href":"https:\/\/www.europesays.com\/fr\/wp-json\/wp\/v2\/comments?post=403432"}],"version-history":[{"count":0,"href":"https:\/\/www.europesays.com\/fr\/wp-json\/wp\/v2\/posts\/403432\/revisions"}],"wp:featuredmedia":[{"embeddable":true,"href":"https:\/\/www.europesays.com\/fr\/wp-json\/wp\/v2\/media\/403433"}],"wp:attachment":[{"href":"https:\/\/www.europesays.com\/fr\/wp-json\/wp\/v2\/media?parent=403432"}],"wp:term":[{"taxonomy":"category","embeddable":true,"href":"https:\/\/www.europesays.com\/fr\/wp-json\/wp\/v2\/categories?post=403432"},{"taxonomy":"post_tag","embeddable":true,"href":"https:\/\/www.europesays.com\/fr\/wp-json\/wp\/v2\/tags?post=403432"}],"curies":[{"name":"wp","href":"https:\/\/api.w.org\/{rel}","templated":true}]}}