{"id":403471,"date":"2025-09-19T23:20:11","date_gmt":"2025-09-19T23:20:11","guid":{"rendered":"https:\/\/www.europesays.com\/fr\/403471\/"},"modified":"2025-09-19T23:20:11","modified_gmt":"2025-09-19T23:20:11","slug":"la-russie-dement-avoir-viole-lespace-aerien-estonien","status":"publish","type":"post","link":"https:\/\/www.europesays.com\/fr\/403471\/","title":{"rendered":"La Russie d\u00e9ment avoir viol\u00e9 l&rsquo;espace a\u00e9rien estonien"},"content":{"rendered":"<p>\u00abPendant le vol, les avions russes ne se sont pas \u00e9cart\u00e9s de la route a\u00e9rienne convenue et n\u2019ont pas viol\u00e9 l\u2019espace a\u00e9rien estonien\u00bb, a affirm\u00e9 le minist\u00e8re sur Telegram.<\/p>\n<p class=\"fig-paragraph\">Le minist\u00e8re russe de la D\u00e9fense a ni\u00e9 samedi que trois de ses avions militaires aient viol\u00e9\u00a0<a href=\"http:\/\/www.lefigaro.fr\/international\/l-estonie-denonce-une-violation-sans-precedent-de-son-espace-aerien-par-trois-avions-de-combat-russes-20250919\" target=\"_blank\" data-fig-type=\"NewsFlash\" rel=\"noopener\" data-gtm-custom-categorie=\"navigation\" data-gtm-custom-action=\"crossclick\" data-gtm-custom-label=\"Contextuel\" data-gtm-event=\"customEventSPE\" data-fig-domain=\"LEFIGARO\">l&rsquo;espace a\u00e9rien estonien\u00a0<\/a>apr\u00e8s l&rsquo;interception de trois appareils russes par des avions de l&rsquo;Otan vendredi. \u00abLe 19 septembre (&#8230;) trois chasseurs russes MiG-31 ont effectu\u00e9 un vol pr\u00e9vu depuis la Car\u00e9lie vers un a\u00e9rodrome de la r\u00e9gion de Kaliningrad\u00bb, enclave russe situ\u00e9e entre la Lituanie et la Pologne, indique le minist\u00e8re sur Telegram.<\/p>\n<p class=\"fig-paragraph\">\u00abLe vol s\u2019est d\u00e9roul\u00e9 en stricte conformit\u00e9 avec les r\u00e8gles internationales d\u2019utilisation de l\u2019espace a\u00e9rien, sans violer les fronti\u00e8res d\u2019autres \u00c9tats, ce qui est confirm\u00e9 par les moyens de contr\u00f4le objectif\u00bb, poursuit-il.<\/p>\n<p>                                    <a class=\"fig-a11y-skip a11y-hidden\" href=\"#fig-a11y-skip-main-inarticle\"><br \/>\n        Passer la publicit\u00e9<br \/>\n    <\/a><\/p>\n<p class=\"fig-paragraph\">\u00abPendant le vol, les avions russes ne se sont pas \u00e9cart\u00e9s de la route a\u00e9rienne convenue et n\u2019ont pas viol\u00e9 l\u2019espace a\u00e9rien estonien\u00bb, affirme le minist\u00e8re. Il pr\u00e9cise que les avions ont survol\u00e9 \u00ables eaux neutres de la mer Baltique \u00e0 une distance de plus de trois kilom\u00e8tres de l\u2019\u00eele de Vaindloo\u00bb dans le Golfe de Finlande.<\/p>\n<p>\u00abAudace sans pr\u00e9c\u00e9dent\u00bb<\/p>\n<p class=\"fig-paragraph\">Le pays balte a fait \u00e9tat vendredi d\u2019une violation \u00abd\u2019une audace sans pr\u00e9c\u00e9dent\u00bb de son espace a\u00e9rien par trois appareils russes et annonc\u00e9 qu\u2019il allait demander \u00e0 l\u2019Otan, dont il est membre, d\u2019activer l\u2019Article 4 du trait\u00e9 fondateur de l\u2019alliance qui pr\u00e9voit des consultations entre alli\u00e9s en cas de menace sur l\u2019un d\u2019entre eux.<\/p>\n<p class=\"fig-paragraph\">Cet incident s\u2019inscrit dans une p\u00e9riode de fortes tensions entre la Russie et les pays de l\u2019Otan.<\/p>\n<p class=\"fig-paragraph\">La semaine derni\u00e8re, une vingtaine de drones russes \u00e9taient entr\u00e9s dans l\u2019espace a\u00e9rien polonais, dont trois avaient \u00e9t\u00e9 abattus par des avions polonais et des F-35 n\u00e9erlandais, une premi\u00e8re pour l\u2019Otan depuis sa cr\u00e9ation en 1949. Quelques jours plus tard, la Roumanie d\u00e9non\u00e7ait \u00e0 son tour la violation de son espace a\u00e9rien par un drone russe.<\/p>\n","protected":false},"excerpt":{"rendered":"\u00abPendant le vol, les avions russes ne se sont pas \u00e9cart\u00e9s de la route a\u00e9rienne convenue et n\u2019ont&hellip;\n","protected":false},"author":2,"featured_media":403472,"comment_status":"","ping_status":"","sticky":false,"template":"","format":"standard","meta":{"footnotes":""},"categories":[5],"tags":[1111,47,11,1109,1112,118,1108,107,1106,1107,1011,27,1110,1114,14,12,1113,316,28],"class_list":{"0":"post-403471","1":"post","2":"type-post","3":"status-publish","4":"format-standard","5":"has-post-thumbnail","7":"category-international","8":"tag-actu","9":"tag-actualite","10":"tag-actualites","11":"tag-breves","12":"tag-depeches","13":"tag-faits-divers","14":"tag-fil","15":"tag-fil-info","16":"tag-flash","17":"tag-flash-actu","18":"tag-fr","19":"tag-france","20":"tag-informations","21":"tag-infos","22":"tag-international","23":"tag-news","24":"tag-nouvelles","25":"tag-politique","26":"tag-world"},"share_on_mastodon":{"url":"https:\/\/pubeurope.com\/@fr\/115233529910442699","error":""},"_links":{"self":[{"href":"https:\/\/www.europesays.com\/fr\/wp-json\/wp\/v2\/posts\/403471","targetHints":{"allow":["GET"]}}],"collection":[{"href":"https:\/\/www.europesays.com\/fr\/wp-json\/wp\/v2\/posts"}],"about":[{"href":"https:\/\/www.europesays.com\/fr\/wp-json\/wp\/v2\/types\/post"}],"author":[{"embeddable":true,"href":"https:\/\/www.europesays.com\/fr\/wp-json\/wp\/v2\/users\/2"}],"replies":[{"embeddable":true,"href":"https:\/\/www.europesays.com\/fr\/wp-json\/wp\/v2\/comments?post=403471"}],"version-history":[{"count":0,"href":"https:\/\/www.europesays.com\/fr\/wp-json\/wp\/v2\/posts\/403471\/revisions"}],"wp:featuredmedia":[{"embeddable":true,"href":"https:\/\/www.europesays.com\/fr\/wp-json\/wp\/v2\/media\/403472"}],"wp:attachment":[{"href":"https:\/\/www.europesays.com\/fr\/wp-json\/wp\/v2\/media?parent=403471"}],"wp:term":[{"taxonomy":"category","embeddable":true,"href":"https:\/\/www.europesays.com\/fr\/wp-json\/wp\/v2\/categories?post=403471"},{"taxonomy":"post_tag","embeddable":true,"href":"https:\/\/www.europesays.com\/fr\/wp-json\/wp\/v2\/tags?post=403471"}],"curies":[{"name":"wp","href":"https:\/\/api.w.org\/{rel}","templated":true}]}}