{"id":403478,"date":"2025-09-19T23:25:14","date_gmt":"2025-09-19T23:25:14","guid":{"rendered":"https:\/\/www.europesays.com\/fr\/403478\/"},"modified":"2025-09-19T23:25:14","modified_gmt":"2025-09-19T23:25:14","slug":"le-red-star-prend-provisoirement-la-tete-et-met-la-pression-sur-saint-etienne","status":"publish","type":"post","link":"https:\/\/www.europesays.com\/fr\/403478\/","title":{"rendered":"le Red Star prend provisoirement la t\u00eate et met la pression sur Saint-Etienne"},"content":{"rendered":"<p>Ce vendredi, le Red Star a provisoirement la t\u00eate de la Ligue 2 apr\u00e8s son succ\u00e8s face \u00e0 Nancy.<\/p>\n<p class=\"fig-paragraph\">Le Red Star a pris provisoirement la t\u00eate de la Ligue 2 en s&rsquo;imposant 1-0 \u00e0 Nancy, r\u00e9duit \u00e0 10, vendredi lors des premiers matches de\u00a0<a href=\"https:\/\/www.lefigaro.fr\/sports\/football\/ligue-2\/calendrier-resultats\" target=\"_blank\" rel=\"nofollow noopener\" data-gtm-custom-categorie=\"navigation\" data-gtm-custom-action=\"crossclick\" data-gtm-custom-label=\"Contextuel\" data-gtm-event=\"customEventSPE\">la 6e journ\u00e9e<\/a>, o\u00f9 aucune \u00e9quipe ne s&rsquo;est impos\u00e9e \u00e0 domicile. Lors d&rsquo;un choc entre deux anciens pensionnaires de Ligue 1, Saint-Etienne tentera samedi \u00e0 domicile face \u00e0 Reims (8e) de reprendre les commandes du classement.<\/p>\n<p class=\"fig-paragraph\">\u00c0 Nancy, les Audoniens ont encha\u00een\u00e9 un quatri\u00e8me succ\u00e8s cons\u00e9cutif et mis la pression sur les Verts. Mais les Franciliens ont longtemps \u00e9t\u00e9 tenus en \u00e9chec par les Lorrains, pourtant en inf\u00e9riorit\u00e9 num\u00e9rique apr\u00e8s l&rsquo;exclusion de leur gardien Enzo Basilio, coupable d&rsquo;avoir sorti un ballon de la main en dehors de sa surface. Jovany Ikanga a finalement lib\u00e9r\u00e9 le Red Star \u00e0 la 80e minute.<\/p>\n<p>                                    <a class=\"fig-a11y-skip a11y-hidden\" href=\"#fig-a11y-skip-main-inarticle\"><br \/>\n        Passer la publicit\u00e9<br \/>\n    <\/a><\/p>\n<p>Pau fait vivre l\u2019enfer \u00e0 Boulogne-sur-Mer<\/p>\n<p class=\"fig-paragraph\">Troisi\u00e8me au classement, Pau a fait vivre une soir\u00e9e cauchemardesque \u00e0 Boulogne-sur-Mer, corrig\u00e9 3-0 sur sa pelouse. Antonin Bobichon a inscrit un doubl\u00e9 pour les Palois qui ont bien r\u00e9agi apr\u00e8s leur d\u00e9route \u00e0 domicile face au Red Star. Les co\u00e9quipiers de Jonas Martin encaissent en revanche une cinqui\u00e8me d\u00e9faite et restent englu\u00e9s \u00e0 l&rsquo;avant-derni\u00e8re place.<\/p>\n<p class=\"fig-paragraph\">Gr\u00e2ce \u00e0 son succ\u00e8s 3-0 \u00e0 Laval, Amiens remontre \u00e0 la 5e place et met fin \u00e0 une s\u00e9rie de trois matches sans succ\u00e8s. Dominateurs en Mayenne, les Picards ont \u00e9t\u00e9 bien aid\u00e9s par le malheureux Th\u00e9o Pellenard, qui a tromp\u00e9 par deux fois son propre gardien (35e, 59e), avant un troisi\u00e8me but sign\u00e9 du capitaine de l&rsquo;ASC, Victor Lobry (84e).<\/p>\n<p class=\"fig-paragraph\">Clermont (6e) suit Amiens au classement gr\u00e2ce \u00e0 sa victoire 1-0 \u00e0 Rodez (10e). L&rsquo;ancien Rennais Adrien Hunou a donn\u00e9 la victoire aux Auvergnats (59e). Annecy, qui est all\u00e9 gagner le derby \u00e0 Grenoble (3-1), int\u00e8gre le top 10 (7e), rel\u00e9guant son rival \u00e0 la place de barragiste (16e).<\/p>\n<p class=\"fig-paragraph\">Dans un match o\u00f9 les deux \u00e9quipes ont \u00e9t\u00e9 r\u00e9duites \u00e0 10, le promu Le Mans a arrach\u00e9 le point du nul (2-2) sur la pelouse de Dunkerque gr\u00e2ce \u00e0 un but d&rsquo;Erwan Colas (78e). Les Manceaux s&rsquo;\u00e9loignent un peu de la zone rouge (15e), \u00e0 un point de leurs adversaires du soir (13e). Samedi, outre Saint-Etienne-Reims (20h), Troyes (4e) re\u00e7oit Guingamp (11e) \u00e0 14h alors que dans le m\u00eame temps Montpellier (14e) accueille la lanterne rouge Bastia.<\/p>\n","protected":false},"excerpt":{"rendered":"Ce vendredi, le Red Star a provisoirement la t\u00eate de la Ligue 2 apr\u00e8s son succ\u00e8s face \u00e0&hellip;\n","protected":false},"author":2,"featured_media":403479,"comment_status":"","ping_status":"","sticky":false,"template":"","format":"standard","meta":{"footnotes":""},"categories":[9653],"tags":[1111,11,461,2430,1777,674,1011,27,446,12,5416,25,4001],"class_list":{"0":"post-403478","1":"post","2":"type-post","3":"status-publish","4":"format-standard","5":"has-post-thumbnail","7":"category-saint-etienne","8":"tag-actu","9":"tag-actualites","10":"tag-asse","11":"tag-auvergne-rhone-alpes","12":"tag-eu","13":"tag-europe","14":"tag-fr","15":"tag-france","16":"tag-ligue-2","17":"tag-news","18":"tag-red-star","19":"tag-republique-francaise","20":"tag-saint-etienne"},"share_on_mastodon":{"url":"https:\/\/pubeurope.com\/@fr\/115233549456500384","error":""},"_links":{"self":[{"href":"https:\/\/www.europesays.com\/fr\/wp-json\/wp\/v2\/posts\/403478","targetHints":{"allow":["GET"]}}],"collection":[{"href":"https:\/\/www.europesays.com\/fr\/wp-json\/wp\/v2\/posts"}],"about":[{"href":"https:\/\/www.europesays.com\/fr\/wp-json\/wp\/v2\/types\/post"}],"author":[{"embeddable":true,"href":"https:\/\/www.europesays.com\/fr\/wp-json\/wp\/v2\/users\/2"}],"replies":[{"embeddable":true,"href":"https:\/\/www.europesays.com\/fr\/wp-json\/wp\/v2\/comments?post=403478"}],"version-history":[{"count":0,"href":"https:\/\/www.europesays.com\/fr\/wp-json\/wp\/v2\/posts\/403478\/revisions"}],"wp:featuredmedia":[{"embeddable":true,"href":"https:\/\/www.europesays.com\/fr\/wp-json\/wp\/v2\/media\/403479"}],"wp:attachment":[{"href":"https:\/\/www.europesays.com\/fr\/wp-json\/wp\/v2\/media?parent=403478"}],"wp:term":[{"taxonomy":"category","embeddable":true,"href":"https:\/\/www.europesays.com\/fr\/wp-json\/wp\/v2\/categories?post=403478"},{"taxonomy":"post_tag","embeddable":true,"href":"https:\/\/www.europesays.com\/fr\/wp-json\/wp\/v2\/tags?post=403478"}],"curies":[{"name":"wp","href":"https:\/\/api.w.org\/{rel}","templated":true}]}}