{"id":403488,"date":"2025-09-19T23:31:10","date_gmt":"2025-09-19T23:31:10","guid":{"rendered":"https:\/\/www.europesays.com\/fr\/403488\/"},"modified":"2025-09-19T23:31:10","modified_gmt":"2025-09-19T23:31:10","slug":"previsions-du-samedi-20-septembre-2025","status":"publish","type":"post","link":"https:\/\/www.europesays.com\/fr\/403488\/","title":{"rendered":"pr\u00e9visions du samedi 20 septembre 2025"},"content":{"rendered":"<p>C&rsquo;est un soleil \u00e9clatant qui va briller aujourd&rsquo;hui sur Montpellier. Les valeurs seront comprises entre 18 et 25\u00b0C. Il fera 22\u00b0C en moyenne le matin. Un vent de nord-est soufflera l\u00e9g\u00e8rement, avec 13 km\/h. Les temp\u00e9ratures s&rsquo;\u00e9chelonneront entre 22 et 25\u00b0C pendant l&rsquo;apr\u00e8s-midi. Des \u00e9claircies sont attendues : on passera une soir\u00e9e cl\u00e9mente. Il va faire en moyenne 21\u00b0C. C&rsquo;est un ciel clair que conna\u00eetra la nuit de samedi \u00e0 dimanche.<\/p>\n<p>Les nuages en pr\u00e9vision demain, \u00e0 Montpellier, et un ciel encore gris. Une diminution du mercure est \u00e0 pr\u00e9voir. Les valeurs afficheront entre 16 et 22\u00b0C. Un vent de nord-est rafra\u00eechira l\u00e9g\u00e8rement l&rsquo;atmosph\u00e8re. Le matin, le soleil sera dissimul\u00e9 derri\u00e8re des nuages. Mauvais temps : on annonce des pluies \u00e9parses. Des averses sont attendues demain apr\u00e8s-midi. La ville se retrouvera de temps \u00e0 autre sous la pluie. Les temp\u00e9ratures seront de 19\u00b0C au plus bas et de 22\u00b0C au plus haut. La soir\u00e9e se d\u00e9roulera sous un ciel mitig\u00e9, rythm\u00e9e par de petites averses. Les temp\u00e9ratures seront de 18\u00b0C.<\/p>\n<p>Une am\u00e9lioration est \u00e0 pr\u00e9voir les jours suivants. Pr\u00e9voyez 21\u00b0C en moyenne qui accompagneront des journ\u00e9es ensoleill\u00e9es.<\/p>\n<p><\/p>\n","protected":false},"excerpt":{"rendered":"C&rsquo;est un soleil \u00e9clatant qui va briller aujourd&rsquo;hui sur Montpellier. Les valeurs seront comprises entre 18 et 25\u00b0C.&hellip;\n","protected":false},"author":2,"featured_media":403489,"comment_status":"","ping_status":"","sticky":false,"template":"","format":"standard","meta":{"footnotes":""},"categories":[9599],"tags":[1111,11,1777,674,1011,27,7089,2681,2208,12,2680,2119,25],"class_list":{"0":"post-403488","1":"post","2":"type-post","3":"status-publish","4":"format-standard","5":"has-post-thumbnail","7":"category-montpellier","8":"tag-actu","9":"tag-actualites","10":"tag-eu","11":"tag-europe","12":"tag-fr","13":"tag-france","14":"tag-herault","15":"tag-languedoc-roussillon","16":"tag-montpellier","17":"tag-news","18":"tag-occitanie","19":"tag-previsions-meteo","20":"tag-republique-francaise"},"share_on_mastodon":{"url":"https:\/\/pubeurope.com\/@fr\/115233573026262671","error":""},"_links":{"self":[{"href":"https:\/\/www.europesays.com\/fr\/wp-json\/wp\/v2\/posts\/403488","targetHints":{"allow":["GET"]}}],"collection":[{"href":"https:\/\/www.europesays.com\/fr\/wp-json\/wp\/v2\/posts"}],"about":[{"href":"https:\/\/www.europesays.com\/fr\/wp-json\/wp\/v2\/types\/post"}],"author":[{"embeddable":true,"href":"https:\/\/www.europesays.com\/fr\/wp-json\/wp\/v2\/users\/2"}],"replies":[{"embeddable":true,"href":"https:\/\/www.europesays.com\/fr\/wp-json\/wp\/v2\/comments?post=403488"}],"version-history":[{"count":0,"href":"https:\/\/www.europesays.com\/fr\/wp-json\/wp\/v2\/posts\/403488\/revisions"}],"wp:featuredmedia":[{"embeddable":true,"href":"https:\/\/www.europesays.com\/fr\/wp-json\/wp\/v2\/media\/403489"}],"wp:attachment":[{"href":"https:\/\/www.europesays.com\/fr\/wp-json\/wp\/v2\/media?parent=403488"}],"wp:term":[{"taxonomy":"category","embeddable":true,"href":"https:\/\/www.europesays.com\/fr\/wp-json\/wp\/v2\/categories?post=403488"},{"taxonomy":"post_tag","embeddable":true,"href":"https:\/\/www.europesays.com\/fr\/wp-json\/wp\/v2\/tags?post=403488"}],"curies":[{"name":"wp","href":"https:\/\/api.w.org\/{rel}","templated":true}]}}