{"id":40350,"date":"2025-04-21T01:59:17","date_gmt":"2025-04-21T01:59:17","guid":{"rendered":"https:\/\/www.europesays.com\/fr\/40350\/"},"modified":"2025-04-21T01:59:17","modified_gmt":"2025-04-21T01:59:17","slug":"clichy-un-ado-de-14-ans-agresse-a-coups-de-couteau-lors-dune-rixe","status":"publish","type":"post","link":"https:\/\/www.europesays.com\/fr\/40350\/","title":{"rendered":"Clichy\u00a0: un ado de 14 ans agress\u00e9 \u00e0 coups de couteau lors d\u2019une rixe"},"content":{"rendered":"<p class=\"paragraph text_align_left\">On ignore encore le motif exact de son agression mais celle-ci ne serait pas li\u00e9e \u00e0 une quelconque histoire de stups ou de guerre de bandes. Un jeune de 14 ans, inconnu des services de police, a re\u00e7u <a href=\"https:\/\/www.leparisien.fr\/yvelines-78\/versailles-deux-jeunes-blesses-dans-une-rixe-au-couteau-26-03-2025-BU67SW36MJCPJOS5RUC2ZP53XY.php\" target=\"_blank\" rel=\"noopener\">des coups de couteau au cours d\u2019une rixe<\/a> survenue, dans la nuit de samedi \u00e0 ce dimanche 20 avril, dans les rues de Clichy (Hauts-de-Seine).<\/p>\n<p class=\"paragraph text_align_left\">Il \u00e9tait pr\u00e8s d\u2019une heure du matin quand l\u2019agression a \u00e9t\u00e9 signal\u00e9e \u00e0 la police municipale par plusieurs t\u00e9moins directs de la sc\u00e8ne. Des t\u00e9moins qui \u00e9taient toujours sur place, \u00e0 l\u2019angle du boulevard Victor-Hugo et de la rue de Belfort, quand l\u2019\u00e9quipage de police est arriv\u00e9, \u00e0 la diff\u00e9rence des protagonistes de la rixe, tous \u00e9vapor\u00e9s.<\/p>\n<p> \u00ab Une plaie au niveau du cr\u00e2ne et deux blessures par arme blanche \u00bb<\/p>\n<p class=\"paragraph text_align_left\">Seule restait, allong\u00e9e au sol, la victime de cette soudaine bagarre. \u00ab Il s\u2019agit d\u2019un adolescent de 14 ans qui pr\u00e9sentait une plaie au niveau du cr\u00e2ne et deux blessures par arme blanche, pr\u00e9cise une source polici\u00e8re. Une au niveau des c\u00f4tes et l\u2019autre en bas du dos. \u00bb<\/p>\n<p class=\"paragraph text_align_left\">Pris en charge par les sapeurs-pompiers, l\u2019adolescent, dont les jours ne sont pas en danger, a \u00e9t\u00e9 transport\u00e9 \u00e0 l\u2019h\u00f4pital Louis Mourier. Des interpellations devraient tr\u00e8s vite intervenir dans cette affaire confi\u00e9e aux policiers du commissariat de Clichy, notamment apr\u00e8s l\u2019examen des bandes de vid\u00e9osurveillance de la ville qui, selon nos informations, \u00e9taient toujours en cours ce dimanche. <\/p>\n<p class=\"paragraph text_align_left\">Selon les r\u00e9cits des t\u00e9moins, une petite dizaine de jeunes individus, dont au moins quatre filles, auraient particip\u00e9 \u00e0 cette sauvage agression.<\/p>\n","protected":false},"excerpt":{"rendered":"On ignore encore le motif exact de son agression mais celle-ci ne serait pas li\u00e9e \u00e0 une quelconque&hellip;\n","protected":false},"author":2,"featured_media":40351,"comment_status":"","ping_status":"","sticky":false,"template":"","format":"standard","meta":{"footnotes":""},"categories":[1888],"tags":[11,1777,674,118,1011,27,3314,1944,12,626,25],"class_list":{"0":"post-40350","1":"post","2":"type-post","3":"status-publish","4":"format-standard","5":"has-post-thumbnail","7":"category-paris","8":"tag-actualites","9":"tag-eu","10":"tag-europe","11":"tag-faits-divers","12":"tag-fr","13":"tag-france","14":"tag-hauts-de-seine","15":"tag-ma-ville","16":"tag-news","17":"tag-paris","18":"tag-republique-francaise"},"share_on_mastodon":{"url":"https:\/\/pubeurope.com\/@fr\/114373483744383017","error":""},"_links":{"self":[{"href":"https:\/\/www.europesays.com\/fr\/wp-json\/wp\/v2\/posts\/40350","targetHints":{"allow":["GET"]}}],"collection":[{"href":"https:\/\/www.europesays.com\/fr\/wp-json\/wp\/v2\/posts"}],"about":[{"href":"https:\/\/www.europesays.com\/fr\/wp-json\/wp\/v2\/types\/post"}],"author":[{"embeddable":true,"href":"https:\/\/www.europesays.com\/fr\/wp-json\/wp\/v2\/users\/2"}],"replies":[{"embeddable":true,"href":"https:\/\/www.europesays.com\/fr\/wp-json\/wp\/v2\/comments?post=40350"}],"version-history":[{"count":0,"href":"https:\/\/www.europesays.com\/fr\/wp-json\/wp\/v2\/posts\/40350\/revisions"}],"wp:featuredmedia":[{"embeddable":true,"href":"https:\/\/www.europesays.com\/fr\/wp-json\/wp\/v2\/media\/40351"}],"wp:attachment":[{"href":"https:\/\/www.europesays.com\/fr\/wp-json\/wp\/v2\/media?parent=40350"}],"wp:term":[{"taxonomy":"category","embeddable":true,"href":"https:\/\/www.europesays.com\/fr\/wp-json\/wp\/v2\/categories?post=40350"},{"taxonomy":"post_tag","embeddable":true,"href":"https:\/\/www.europesays.com\/fr\/wp-json\/wp\/v2\/tags?post=40350"}],"curies":[{"name":"wp","href":"https:\/\/api.w.org\/{rel}","templated":true}]}}