{"id":403504,"date":"2025-09-19T23:41:10","date_gmt":"2025-09-19T23:41:10","guid":{"rendered":"https:\/\/www.europesays.com\/fr\/403504\/"},"modified":"2025-09-19T23:41:10","modified_gmt":"2025-09-19T23:41:10","slug":"strasbourg-le-scandale-emegha-continue","status":"publish","type":"post","link":"https:\/\/www.europesays.com\/fr\/403504\/","title":{"rendered":"Strasbourg : le scandale Emegha continue"},"content":{"rendered":"<p>La situation a atteint son paroxysme lorsque des groupes de supporters ont d\u00e9ploy\u00e9 des banderoles hostiles visant les deux hommes, d\u00e9clenchant une r\u00e9action virulente de Keller lors d&rsquo;une conf\u00e9rence de presse d&rsquo;urgence jeudi.\n<\/p>\n<p>Cette col\u00e8re d\u00e9coule de l&rsquo;influence croissante de BlueCo, propri\u00e9taire de Chelsea, qui a rachet\u00e9 Strasbourg en 2023. Depuis, une partie des supporters a exprim\u00e9 une vive opposition, accusant \u00e0 plusieurs reprises la direction de transformer leur club en un projet satellite de Stamford Bridge. L&rsquo;annonce officielle du contrat de sept ans d&rsquo;Emegha avec Chelsea, \u00e0 compter de 2026, a jet\u00e9 de l&rsquo;huile sur le feu. Bien que l&rsquo;attaquant n\u00e9erlandais reste en France pour une saison suppl\u00e9mentaire, les ultras l&rsquo;ont point\u00e9 du doigt, tout comme Keller, les qualifiant tous deux de \u00ab tra\u00eetres \u00bb \u00e0 la cause.\n<\/p>\n<p>La saga Emegha n&rsquo;est que le dernier chapitre d&rsquo;une longue bataille. Les supporters \u00e9taient d\u00e9j\u00e0 furieux lorsqu&rsquo;Ish\u00e9 Samuels-Smith est revenu \u00e0 Chelsea seulement 34 jours apr\u00e8s avoir sign\u00e9 pour Strasbourg, pour un montant apparemment dix fois sup\u00e9rieur \u00e0 sa valeur. Puis est arriv\u00e9 le transfert controvers\u00e9 du jeune Mamadou Sarr, qui avait rejoint Chelsea \u00e0 l&rsquo;essai pendant la Coupe du Monde des Clubs. Pour les plus assidus, chaque cas a \u00e9t\u00e9 un rappel brutal de ce qu&rsquo;ils consid\u00e8rent comme une surench\u00e8re de BlueCo. Et pour beaucoup, le transfert d&rsquo;Emegha a \u00e9t\u00e9 la goutte d&rsquo;eau qui a fait d\u00e9border le vase.\n<\/p>\n<p>Keller insiste sur le fait que l&rsquo;accord avec Chelsea \u00e9tait la meilleure solution possible pour tous. Il affirme qu&rsquo;Emegha a suscit\u00e9 un vif int\u00e9r\u00eat de la part des grands clubs europ\u00e9ens et souligne que Strasbourg aurait eu du mal \u00e0 le conserver sans le soutien de BlueCo.\n<\/p>\n<p>\u00ab Nous avons pu le recruter (Emegha) gr\u00e2ce \u00e0 BlueCo il y a deux ans\u00a0; de nombreux grands clubs nous ont contact\u00e9s cet \u00e9t\u00e9 \u00bb, a-t-il d\u00e9clar\u00e9. \u00ab\u00a0Notre priorit\u00e9 est de conserver notre attaquant et meneur. Nous avons trouv\u00e9 le meilleur \u00e9quilibre avec cet accord, qui nous permet de conserver le joueur, puis de le laisser partir pour Chelsea dans un an.\u00a0\u00bb Il a ajout\u00e9 : \u00ab Il s&rsquo;est pass\u00e9 quelque chose que je n&rsquo;aurais pas pu imaginer. J&rsquo;ai vu une minorit\u00e9 de personnes en tribune Ouest attaquer l&rsquo;institution, le projet et notre capitaine. C&rsquo;est inacceptable\u00a0; ce ne sont pas nos valeurs. Attaquer notre capitaine n&rsquo;est pas juste. Les supporters nous soutiennent. Nous communiquions beaucoup, y compris en National League. Mais cela a chang\u00e9 ces deux derni\u00e8res ann\u00e9es\u00a0; c&rsquo;est triste. Et ce qui s&rsquo;est pass\u00e9 dimanche ne respecte plus les r\u00e8gles de notre club\u00a0; nous ne l&rsquo;acceptons pas. \u00bb\n<\/p>\n<p>Malgr\u00e9 la temp\u00eate, Emegha lui-m\u00eame a promis de rester concentr\u00e9 sur sa mission. Le joueur de 22\u00a0ans, nomm\u00e9 capitaine cette saison apr\u00e8s sa saison exceptionnelle, a d\u00e9j\u00e0 inscrit trois buts en Ligue\u00a01 cette saison et assure ne pas se laisser distraire par les rumeurs concernant Stamford Bridge. Il sera de retour sur le terrain contre le Paris FC dimanche.<\/p>\n","protected":false},"excerpt":{"rendered":"La situation a atteint son paroxysme lorsque des groupes de supporters ont d\u00e9ploy\u00e9 des banderoles hostiles visant les&hellip;\n","protected":false},"author":2,"featured_media":403505,"comment_status":"","ping_status":"","sticky":false,"template":"","format":"standard","meta":{"footnotes":""},"categories":[2820],"tags":[1111,11,11871,1777,674,1011,27,775,3225,53488,1434,12,70,25,640,28401],"class_list":{"0":"post-403504","1":"post","2":"type-post","3":"status-publish","4":"format-standard","5":"has-post-thumbnail","7":"category-strasbourg","8":"tag-actu","9":"tag-actualites","10":"tag-chelsea","11":"tag-eu","12":"tag-europe","13":"tag-fr","14":"tag-france","15":"tag-grand-est","16":"tag-manchester-united","17":"tag-manchester-united-vs-chelsea","18":"tag-mercato","19":"tag-news","20":"tag-premier-league","21":"tag-republique-francaise","22":"tag-strasbourg","23":"tag-transfers"},"share_on_mastodon":{"url":"https:\/\/pubeurope.com\/@fr\/115233612459474484","error":""},"_links":{"self":[{"href":"https:\/\/www.europesays.com\/fr\/wp-json\/wp\/v2\/posts\/403504","targetHints":{"allow":["GET"]}}],"collection":[{"href":"https:\/\/www.europesays.com\/fr\/wp-json\/wp\/v2\/posts"}],"about":[{"href":"https:\/\/www.europesays.com\/fr\/wp-json\/wp\/v2\/types\/post"}],"author":[{"embeddable":true,"href":"https:\/\/www.europesays.com\/fr\/wp-json\/wp\/v2\/users\/2"}],"replies":[{"embeddable":true,"href":"https:\/\/www.europesays.com\/fr\/wp-json\/wp\/v2\/comments?post=403504"}],"version-history":[{"count":0,"href":"https:\/\/www.europesays.com\/fr\/wp-json\/wp\/v2\/posts\/403504\/revisions"}],"wp:featuredmedia":[{"embeddable":true,"href":"https:\/\/www.europesays.com\/fr\/wp-json\/wp\/v2\/media\/403505"}],"wp:attachment":[{"href":"https:\/\/www.europesays.com\/fr\/wp-json\/wp\/v2\/media?parent=403504"}],"wp:term":[{"taxonomy":"category","embeddable":true,"href":"https:\/\/www.europesays.com\/fr\/wp-json\/wp\/v2\/categories?post=403504"},{"taxonomy":"post_tag","embeddable":true,"href":"https:\/\/www.europesays.com\/fr\/wp-json\/wp\/v2\/tags?post=403504"}],"curies":[{"name":"wp","href":"https:\/\/api.w.org\/{rel}","templated":true}]}}