{"id":403508,"date":"2025-09-19T23:43:21","date_gmt":"2025-09-19T23:43:21","guid":{"rendered":"https:\/\/www.europesays.com\/fr\/403508\/"},"modified":"2025-09-19T23:43:21","modified_gmt":"2025-09-19T23:43:21","slug":"une-barre-metallique-tombe-sur-la-penetrante-grasse-cannes-huit-vehicules-en-crevaison","status":"publish","type":"post","link":"https:\/\/www.europesays.com\/fr\/403508\/","title":{"rendered":"Une barre m\u00e9tallique tombe sur la p\u00e9n\u00e9trante Grasse-Cannes: huit v\u00e9hicules en crevaison"},"content":{"rendered":"<p>Sans doute la perte d\u2019un camion. Toujours est-il qu\u2019une<strong> barre m\u00e9tallique<\/strong> soudain tomb\u00e9e sur la chauss\u00e9e a provoqu\u00e9 de sacr\u00e9es perturbations ce vendredi soir sur la <strong>p\u00e9n\u00e9trante Grasse-Cannes<\/strong>, au niveau de <strong>Mougins<\/strong> (avant la sortie de Sophia-Antipolis).<\/p>\n<p><strong>Oblig\u00e9s de stationner sur la voie<\/strong><\/p>\n<p>En effet, <strong>huit voitures et une moto<\/strong> ont crev\u00e9 en raison de cet obstacle pour le moins inattendu, et ont \u00e9t\u00e9 oblig\u00e9s de stationner sur la voie.<\/p>\n<p>Une <strong>d\u00e9panneuse<\/strong> est actuellement sollicit\u00e9e pour les enlever, alors sur la police municipale assure un p\u00e9rim\u00e8tre de s\u00e9curit\u00e9. Prudence au volant sur ce secteur .<\/p>\n","protected":false},"excerpt":{"rendered":"Sans doute la perte d\u2019un camion. Toujours est-il qu\u2019une barre m\u00e9tallique soudain tomb\u00e9e sur la chauss\u00e9e a provoqu\u00e9&hellip;\n","protected":false},"author":2,"featured_media":403509,"comment_status":"","ping_status":"","sticky":false,"template":"","format":"standard","meta":{"footnotes":""},"categories":[2819],"tags":[1111,11,1777,674,1011,27,803,1757,12,2401,882,25],"class_list":{"0":"post-403508","1":"post","2":"type-post","3":"status-publish","4":"format-standard","5":"has-post-thumbnail","7":"category-nice","8":"tag-actu","9":"tag-actualites","10":"tag-eu","11":"tag-europe","12":"tag-fr","13":"tag-france","14":"tag-info-trafic","15":"tag-insolite","16":"tag-news","17":"tag-nice","18":"tag-provence-alpes-cote-dazur","19":"tag-republique-francaise"},"share_on_mastodon":{"url":"https:\/\/pubeurope.com\/@fr\/115233620242961830","error":""},"_links":{"self":[{"href":"https:\/\/www.europesays.com\/fr\/wp-json\/wp\/v2\/posts\/403508","targetHints":{"allow":["GET"]}}],"collection":[{"href":"https:\/\/www.europesays.com\/fr\/wp-json\/wp\/v2\/posts"}],"about":[{"href":"https:\/\/www.europesays.com\/fr\/wp-json\/wp\/v2\/types\/post"}],"author":[{"embeddable":true,"href":"https:\/\/www.europesays.com\/fr\/wp-json\/wp\/v2\/users\/2"}],"replies":[{"embeddable":true,"href":"https:\/\/www.europesays.com\/fr\/wp-json\/wp\/v2\/comments?post=403508"}],"version-history":[{"count":0,"href":"https:\/\/www.europesays.com\/fr\/wp-json\/wp\/v2\/posts\/403508\/revisions"}],"wp:featuredmedia":[{"embeddable":true,"href":"https:\/\/www.europesays.com\/fr\/wp-json\/wp\/v2\/media\/403509"}],"wp:attachment":[{"href":"https:\/\/www.europesays.com\/fr\/wp-json\/wp\/v2\/media?parent=403508"}],"wp:term":[{"taxonomy":"category","embeddable":true,"href":"https:\/\/www.europesays.com\/fr\/wp-json\/wp\/v2\/categories?post=403508"},{"taxonomy":"post_tag","embeddable":true,"href":"https:\/\/www.europesays.com\/fr\/wp-json\/wp\/v2\/tags?post=403508"}],"curies":[{"name":"wp","href":"https:\/\/api.w.org\/{rel}","templated":true}]}}