{"id":403516,"date":"2025-09-19T23:47:17","date_gmt":"2025-09-19T23:47:17","guid":{"rendered":"https:\/\/www.europesays.com\/fr\/403516\/"},"modified":"2025-09-19T23:47:17","modified_gmt":"2025-09-19T23:47:17","slug":"a-bordeaux-une-creche-ouverte-aux-3-versants-de-la-fonction-publique-ouvre-ses-portes-a-lhopital","status":"publish","type":"post","link":"https:\/\/www.europesays.com\/fr\/403516\/","title":{"rendered":"A Bordeaux, une cr\u00e8che ouverte aux 3 versants de la fonction publique ouvre ses portes \u00e0 l\u2019h\u00f4pital"},"content":{"rendered":"<p>D\u00e9j\u00e0 dot\u00e9 de trois cr\u00e8ches repr\u00e9sentant une capacit\u00e9 d\u2019accueil totale de 60\u00a0berceaux, le CHU de \u00adBordeaux (265\u00a0300\u00a0hab.) a ouvert, le 1er\u00a0septembre, une quatri\u00e8me structure. La particularit\u00e9 de cette derni\u00e8re est d\u2019\u00eatre accessible aux agents de la FPT et de la FPE.<\/p>\n<p>La commune de \u00adBordeaux, Bordeaux m\u00e9tropole (28\u00a0communes, 843\u00a0700\u00a0hab.), l\u2019ARS puis, dans un second temps, l\u2019Ecole nationale de la magistrature comptent parmi les partenaires du CHU dans ce projet.<\/p>\n<p>50\u00a0berceaux pr\u00e9vus d\u00e9but 2026<\/p>\n<p>\u00ab Nous sommes d\u2019abord partis des besoins du CHU, 25\u00a0berceaux, puis avons identifi\u00e9 le lieu qui pourrait accueillir la cr\u00e8che, en l\u2019occurrence, le site de Saint-Andr\u00e9, en c\u0153ur de ville  . Une fois identifi\u00e9e la parcelle patrimoniale pouvant accueillir la cr\u00e8che, un appel d\u2019offres remport\u00e9 par la Maison bleue a \u00e9t\u00e9 lanc\u00e9, pour une capacit\u00e9 d\u2019accueil qui devrait atteindre 50\u00a0berceaux en d\u00e9but d\u2019ann\u00e9e\u00a02026. Puis, nous avons demand\u00e9 \u00e0 nos partenaires de se positionner sur le nombre de places dont ils avaient besoin\u00a0\u00bb, d\u00e9crit Yorick Pichault-Lacoste, directeur des travaux, incendie, maintenance et \u00e9nergie au CHU.<\/p>\n<ul>\n<li>Le mode de financement des cr\u00e8ches \u00e0 nouveau sur la sellette<\/li>\n<\/ul>\n<p>Sur les &#8230;<\/p>\n<p class=\"blocCut__title\">\n\t\t\t\t\t\t\t\t\t[70% reste \u00e0 lire]\n\t\t\t\t\t\t\t<\/p>\n<p class=\"blocCut__title--type2\">Article r\u00e9serv\u00e9 aux abonn\u00e9s<\/p>\n<p class=\"blocCut__title--type3\">Gazette des Communes<\/p>\n<p class=\"blocCut__title--type2\">VOUS N&rsquo;\u00eaTES PAS ABONN\u00e9 ?<\/p>\n<p class=\"blocCut__title--type4\">D\u00e9couvrez nos formules et acc\u00e9dez aux articles en illimit\u00e9<\/p>\n<p>\t\t\t\t\t\t\t\t<a href=\"https:\/\/www.abonnement.infopro-digital.com\/la-gazette-des-communes\/formule\/1111\/CTA-P\" target=\"_blank\" class=\"btn__full buttonTypeA buttonTypeA--1\" rel=\"nofollow noopener\">Je m\u2019abonne<\/a><\/p>\n","protected":false},"excerpt":{"rendered":"D\u00e9j\u00e0 dot\u00e9 de trois cr\u00e8ches repr\u00e9sentant une capacit\u00e9 d\u2019accueil totale de 60\u00a0berceaux, le CHU de \u00adBordeaux (265\u00a0300\u00a0hab.) a&hellip;\n","protected":false},"author":2,"featured_media":403517,"comment_status":"","ping_status":"","sticky":false,"template":"","format":"standard","meta":{"footnotes":""},"categories":[2817],"tags":[1111,47,28653,11,28652,2349,1997,28651,1777,674,1274,1011,27,53489,12,2219,10585,1306,25],"class_list":{"0":"post-403516","1":"post","2":"type-post","3":"status-publish","4":"format-standard","5":"has-post-thumbnail","7":"category-bordeaux","8":"tag-actu","9":"tag-actualite","10":"tag-actualite-club-rh","11":"tag-actualites","12":"tag-actualites-rh","13":"tag-articles-reserves","14":"tag-bordeaux","15":"tag-club-rh","16":"tag-eu","17":"tag-europe","18":"tag-fonction-publique","19":"tag-fr","20":"tag-france","21":"tag-gginibriere","22":"tag-news","23":"tag-nouvelle-aquitaine","24":"tag-petite-enfance","25":"tag-regions","26":"tag-republique-francaise"},"share_on_mastodon":{"url":"https:\/\/pubeurope.com\/@fr\/115233635948755161","error":""},"_links":{"self":[{"href":"https:\/\/www.europesays.com\/fr\/wp-json\/wp\/v2\/posts\/403516","targetHints":{"allow":["GET"]}}],"collection":[{"href":"https:\/\/www.europesays.com\/fr\/wp-json\/wp\/v2\/posts"}],"about":[{"href":"https:\/\/www.europesays.com\/fr\/wp-json\/wp\/v2\/types\/post"}],"author":[{"embeddable":true,"href":"https:\/\/www.europesays.com\/fr\/wp-json\/wp\/v2\/users\/2"}],"replies":[{"embeddable":true,"href":"https:\/\/www.europesays.com\/fr\/wp-json\/wp\/v2\/comments?post=403516"}],"version-history":[{"count":0,"href":"https:\/\/www.europesays.com\/fr\/wp-json\/wp\/v2\/posts\/403516\/revisions"}],"wp:featuredmedia":[{"embeddable":true,"href":"https:\/\/www.europesays.com\/fr\/wp-json\/wp\/v2\/media\/403517"}],"wp:attachment":[{"href":"https:\/\/www.europesays.com\/fr\/wp-json\/wp\/v2\/media?parent=403516"}],"wp:term":[{"taxonomy":"category","embeddable":true,"href":"https:\/\/www.europesays.com\/fr\/wp-json\/wp\/v2\/categories?post=403516"},{"taxonomy":"post_tag","embeddable":true,"href":"https:\/\/www.europesays.com\/fr\/wp-json\/wp\/v2\/tags?post=403516"}],"curies":[{"name":"wp","href":"https:\/\/api.w.org\/{rel}","templated":true}]}}