{"id":403520,"date":"2025-09-19T23:49:11","date_gmt":"2025-09-19T23:49:11","guid":{"rendered":"https:\/\/www.europesays.com\/fr\/403520\/"},"modified":"2025-09-19T23:49:11","modified_gmt":"2025-09-19T23:49:11","slug":"previsions-du-samedi-20-septembre-2025-3","status":"publish","type":"post","link":"https:\/\/www.europesays.com\/fr\/403520\/","title":{"rendered":"pr\u00e9visions du samedi 20 septembre 2025"},"content":{"rendered":"<p>\u00c0 Toulouse, les maximales pourront atteindre 30\u00b0C dans la journ\u00e9e alors que les minimales seront de 18\u00b0C. Un vent de sud-est est attendu : il soufflera \u00e0 21 km\/h. Le ciel va s&rsquo;\u00e9claircir dans la matin\u00e9e. Les valeurs avoisineront les 24\u00b0C. Un beau soleil est pr\u00e9vu l&rsquo;apr\u00e8s-midi. Les temp\u00e9ratures vont enregistrer une augmentation de plusieurs degr\u00e9s. La ville va subir une vague d&rsquo;importantes chaleurs avec des temp\u00e9ratures qui rejoindront parfois les 30\u00b0C. Les valeurs s&rsquo;\u00e9chelonneront de 26 \u00e0 30\u00b0C. Des pluies \u00e9parses tomberont dans la soir\u00e9e. C&rsquo;est un ciel clair que conna\u00eetra la nuit de samedi \u00e0 dimanche.<\/p>\n<p>Demain, les temp\u00e9ratures vont chuter de plusieurs degr\u00e9s \u00e0 Toulouse. Les valeurs s&rsquo;\u00e9chelonneront entre 14 et 19\u00b0C. Un petit vent de nord-ouest sera ressenti par les habitants. De petites averses rythmeront cette matin\u00e9e. Le thermom\u00e8tre affichera 18\u00b0C en moyenne. Il faudra emporter son parapluie demain apr\u00e8s-midi pour \u00e9viter la bruine l\u00e9g\u00e8re. Les valeurs afficheront entre 14 et 16\u00b0C. Demain soir, on verra l&rsquo;arriv\u00e9e de nuages. Des pluies \u00e9parses vont tomber sur la ville. Il va faire 14\u00b0C en moyenne.<\/p>\n<p>Le temps des jours qui suivent va changer progressivement. Apr\u00e8s des conditions m\u00e9t\u00e9orologiques stables lundi, la situation changera mardi.<\/p>\n<p><\/p>\n","protected":false},"excerpt":{"rendered":"\u00c0 Toulouse, les maximales pourront atteindre 30\u00b0C dans la journ\u00e9e alors que les minimales seront de 18\u00b0C. Un&hellip;\n","protected":false},"author":2,"featured_media":403521,"comment_status":"","ping_status":"","sticky":false,"template":"","format":"standard","meta":{"footnotes":""},"categories":[2816],"tags":[1111,11,1777,674,1011,27,2722,2721,12,2680,2119,25,2312],"class_list":{"0":"post-403520","1":"post","2":"type-post","3":"status-publish","4":"format-standard","5":"has-post-thumbnail","7":"category-toulouse","8":"tag-actu","9":"tag-actualites","10":"tag-eu","11":"tag-europe","12":"tag-fr","13":"tag-france","14":"tag-haute-garonne","15":"tag-midi-pyrenees","16":"tag-news","17":"tag-occitanie","18":"tag-previsions-meteo","19":"tag-republique-francaise","20":"tag-toulouse"},"share_on_mastodon":{"url":"https:\/\/pubeurope.com\/@fr\/115233643938784013","error":""},"_links":{"self":[{"href":"https:\/\/www.europesays.com\/fr\/wp-json\/wp\/v2\/posts\/403520","targetHints":{"allow":["GET"]}}],"collection":[{"href":"https:\/\/www.europesays.com\/fr\/wp-json\/wp\/v2\/posts"}],"about":[{"href":"https:\/\/www.europesays.com\/fr\/wp-json\/wp\/v2\/types\/post"}],"author":[{"embeddable":true,"href":"https:\/\/www.europesays.com\/fr\/wp-json\/wp\/v2\/users\/2"}],"replies":[{"embeddable":true,"href":"https:\/\/www.europesays.com\/fr\/wp-json\/wp\/v2\/comments?post=403520"}],"version-history":[{"count":0,"href":"https:\/\/www.europesays.com\/fr\/wp-json\/wp\/v2\/posts\/403520\/revisions"}],"wp:featuredmedia":[{"embeddable":true,"href":"https:\/\/www.europesays.com\/fr\/wp-json\/wp\/v2\/media\/403521"}],"wp:attachment":[{"href":"https:\/\/www.europesays.com\/fr\/wp-json\/wp\/v2\/media?parent=403520"}],"wp:term":[{"taxonomy":"category","embeddable":true,"href":"https:\/\/www.europesays.com\/fr\/wp-json\/wp\/v2\/categories?post=403520"},{"taxonomy":"post_tag","embeddable":true,"href":"https:\/\/www.europesays.com\/fr\/wp-json\/wp\/v2\/tags?post=403520"}],"curies":[{"name":"wp","href":"https:\/\/api.w.org\/{rel}","templated":true}]}}