{"id":403524,"date":"2025-09-19T23:52:13","date_gmt":"2025-09-19T23:52:13","guid":{"rendered":"https:\/\/www.europesays.com\/fr\/403524\/"},"modified":"2025-09-19T23:52:13","modified_gmt":"2025-09-19T23:52:13","slug":"previsions-du-samedi-20-septembre-2025-4","status":"publish","type":"post","link":"https:\/\/www.europesays.com\/fr\/403524\/","title":{"rendered":"pr\u00e9visions du samedi 20 septembre 2025"},"content":{"rendered":"<p>Le soleil aura du mal \u00e0 percer au milieu des nuages qui perdureront sur Lille dans la journ\u00e9e. Les temp\u00e9ratures seront de 17\u00b0C au minimum et de 23\u00b0C au plus haut. Un vent de sud-ouest soufflera un peu, avec 16 km\/h. Le ciel va progressivement se voiler durant la matin\u00e9e avec l&rsquo;arriv\u00e9e de nuages. Des pluies \u00e9parses tomberont. Il fera 21\u00b0C en moyenne. L&rsquo;apr\u00e8s-midi, les valeurs afficheront entre 18 et 22\u00b0C. Il est possible qu&rsquo;il y ait de l\u00e9g\u00e8res averses le soir. Les temp\u00e9ratures seront de 19\u00b0C. On pr\u00e9voit une nuit claire entre samedi et dimanche.<\/p>\n<p>Une chute des temp\u00e9ratures est \u00e0 pr\u00e9voir \u00e0 Lille, demain. Les valeurs s&rsquo;\u00e9chelonneront entre 11 et 16\u00b0C. Un l\u00e9ger vent de nord-est sera ressenti par les habitants. Le ciel sera relativement lumineux, avec quelques \u00e9claircies le matin. Les temp\u00e9ratures seront de 14\u00b0C. Le soleil manquera demain apr\u00e8s-midi, car le ciel sera couvert par des nuages. Il va pleuvoir. Les temp\u00e9ratures s&rsquo;\u00e9chelonneront de 14 \u00e0 16\u00b0C. Demain soir, toujours des nuages dans le ciel qui emp\u00eachent le soleil d&rsquo;appara\u00eetre. Il va faire environ 13\u00b0C.<\/p>\n<p>Pour les jours suivants, la m\u00e9t\u00e9o ne bougera pas. On pr\u00e9voit des journ\u00e9es ensoleill\u00e9es, accompagn\u00e9es par des temp\u00e9ratures dans les 17\u00b0C en moyenne.<\/p>\n<p><\/p>\n","protected":false},"excerpt":{"rendered":"Le soleil aura du mal \u00e0 percer au milieu des nuages qui perdureront sur Lille dans la journ\u00e9e.&hellip;\n","protected":false},"author":2,"featured_media":403525,"comment_status":"","ping_status":"","sticky":false,"template":"","format":"standard","meta":{"footnotes":""},"categories":[2815],"tags":[1111,11,1777,674,1011,27,811,1307,12,1308,1309,2119,25],"class_list":{"0":"post-403524","1":"post","2":"type-post","3":"status-publish","4":"format-standard","5":"has-post-thumbnail","7":"category-lille","8":"tag-actu","9":"tag-actualites","10":"tag-eu","11":"tag-europe","12":"tag-fr","13":"tag-france","14":"tag-hauts-de-france","15":"tag-lille","16":"tag-news","17":"tag-nord","18":"tag-nord-pas-de-calais","19":"tag-previsions-meteo","20":"tag-republique-francaise"},"share_on_mastodon":{"url":"https:\/\/pubeurope.com\/@fr\/115233655569347933","error":""},"_links":{"self":[{"href":"https:\/\/www.europesays.com\/fr\/wp-json\/wp\/v2\/posts\/403524","targetHints":{"allow":["GET"]}}],"collection":[{"href":"https:\/\/www.europesays.com\/fr\/wp-json\/wp\/v2\/posts"}],"about":[{"href":"https:\/\/www.europesays.com\/fr\/wp-json\/wp\/v2\/types\/post"}],"author":[{"embeddable":true,"href":"https:\/\/www.europesays.com\/fr\/wp-json\/wp\/v2\/users\/2"}],"replies":[{"embeddable":true,"href":"https:\/\/www.europesays.com\/fr\/wp-json\/wp\/v2\/comments?post=403524"}],"version-history":[{"count":0,"href":"https:\/\/www.europesays.com\/fr\/wp-json\/wp\/v2\/posts\/403524\/revisions"}],"wp:featuredmedia":[{"embeddable":true,"href":"https:\/\/www.europesays.com\/fr\/wp-json\/wp\/v2\/media\/403525"}],"wp:attachment":[{"href":"https:\/\/www.europesays.com\/fr\/wp-json\/wp\/v2\/media?parent=403524"}],"wp:term":[{"taxonomy":"category","embeddable":true,"href":"https:\/\/www.europesays.com\/fr\/wp-json\/wp\/v2\/categories?post=403524"},{"taxonomy":"post_tag","embeddable":true,"href":"https:\/\/www.europesays.com\/fr\/wp-json\/wp\/v2\/tags?post=403524"}],"curies":[{"name":"wp","href":"https:\/\/api.w.org\/{rel}","templated":true}]}}