{"id":403526,"date":"2025-09-19T23:53:10","date_gmt":"2025-09-19T23:53:10","guid":{"rendered":"https:\/\/www.europesays.com\/fr\/403526\/"},"modified":"2025-09-19T23:53:10","modified_gmt":"2025-09-19T23:53:10","slug":"previsions-du-samedi-20-septembre-2025-5","status":"publish","type":"post","link":"https:\/\/www.europesays.com\/fr\/403526\/","title":{"rendered":"pr\u00e9visions du samedi 20 septembre 2025"},"content":{"rendered":"<p>Aujourd&rsquo;hui, un grand soleil brillera sur Marseille. Les temp\u00e9ratures seront de 21\u00b0C au plus bas et de 25\u00b0C au plus haut. Un vent de sud-est soufflera doucement. Il va faire environ 24\u00b0C, le matin. Les valeurs seront comprises entre 24\u00b0C et 25\u00b0C dans l&rsquo;apr\u00e8s-midi. Le ciel va quelque peu se d\u00e9gager dans la soir\u00e9e avec des \u00e9claircies. Pendant que vous dormirez, dans la nuit de samedi \u00e0 dimanche, le ciel sera clair.<\/p>\n<p>Demain, une baisse des temp\u00e9ratures est attendue \u00e0 Marseille. Les valeurs afficheront entre 19 et 24\u00b0C. Une modeste brise de sud-est sera ressentie par les habitants. La matin\u00e9e qui s&rsquo;annonce, promet d&rsquo;\u00eatre superbe et ensoleill\u00e9e ! Les valeurs s&rsquo;\u00e9chelonneront entre 21 et 24\u00b0C. Le ciel va s&rsquo;\u00e9claircir dans l&rsquo;apr\u00e8s-midi. Les maximales atteindront les 24\u00b0C tandis que les minimales seront de 23\u00b0C. Le temps sera mitig\u00e9 dans la soir\u00e9e avec de petites averses. Le mercure affichera 21\u00b0C en moyenne.<\/p>\n<p>La m\u00e9t\u00e9o restera stable les jours \u00e0 venir. Une m\u00e9t\u00e9o ensoleill\u00e9e, pour des temp\u00e9ratures de 21\u00b0C en moyenne, est pr\u00e9vue.<\/p>\n<p><\/p>\n","protected":false},"excerpt":{"rendered":"Aujourd&rsquo;hui, un grand soleil brillera sur Marseille. Les temp\u00e9ratures seront de 21\u00b0C au plus bas et de 25\u00b0C&hellip;\n","protected":false},"author":2,"featured_media":403527,"comment_status":"","ping_status":"","sticky":false,"template":"","format":"standard","meta":{"footnotes":""},"categories":[2814],"tags":[1111,11,885,1777,674,1011,27,884,12,883,2119,882,25],"class_list":{"0":"post-403526","1":"post","2":"type-post","3":"status-publish","4":"format-standard","5":"has-post-thumbnail","7":"category-marseille","8":"tag-actu","9":"tag-actualites","10":"tag-bouches-du-rhone","11":"tag-eu","12":"tag-europe","13":"tag-fr","14":"tag-france","15":"tag-marseille","16":"tag-news","17":"tag-paca","18":"tag-previsions-meteo","19":"tag-provence-alpes-cote-dazur","20":"tag-republique-francaise"},"share_on_mastodon":{"url":"https:\/\/pubeurope.com\/@fr\/115233659512738089","error":""},"_links":{"self":[{"href":"https:\/\/www.europesays.com\/fr\/wp-json\/wp\/v2\/posts\/403526","targetHints":{"allow":["GET"]}}],"collection":[{"href":"https:\/\/www.europesays.com\/fr\/wp-json\/wp\/v2\/posts"}],"about":[{"href":"https:\/\/www.europesays.com\/fr\/wp-json\/wp\/v2\/types\/post"}],"author":[{"embeddable":true,"href":"https:\/\/www.europesays.com\/fr\/wp-json\/wp\/v2\/users\/2"}],"replies":[{"embeddable":true,"href":"https:\/\/www.europesays.com\/fr\/wp-json\/wp\/v2\/comments?post=403526"}],"version-history":[{"count":0,"href":"https:\/\/www.europesays.com\/fr\/wp-json\/wp\/v2\/posts\/403526\/revisions"}],"wp:featuredmedia":[{"embeddable":true,"href":"https:\/\/www.europesays.com\/fr\/wp-json\/wp\/v2\/media\/403527"}],"wp:attachment":[{"href":"https:\/\/www.europesays.com\/fr\/wp-json\/wp\/v2\/media?parent=403526"}],"wp:term":[{"taxonomy":"category","embeddable":true,"href":"https:\/\/www.europesays.com\/fr\/wp-json\/wp\/v2\/categories?post=403526"},{"taxonomy":"post_tag","embeddable":true,"href":"https:\/\/www.europesays.com\/fr\/wp-json\/wp\/v2\/tags?post=403526"}],"curies":[{"name":"wp","href":"https:\/\/api.w.org\/{rel}","templated":true}]}}