{"id":403532,"date":"2025-09-19T23:56:12","date_gmt":"2025-09-19T23:56:12","guid":{"rendered":"https:\/\/www.europesays.com\/fr\/403532\/"},"modified":"2025-09-19T23:56:12","modified_gmt":"2025-09-19T23:56:12","slug":"previsions-du-samedi-20-septembre-2025-6","status":"publish","type":"post","link":"https:\/\/www.europesays.com\/fr\/403532\/","title":{"rendered":"pr\u00e9visions du samedi 20 septembre 2025"},"content":{"rendered":"<p>La journ\u00e9e qui s&rsquo;annonce \u00e0 Lyon, promet d&rsquo;\u00eatre superbe et ensoleill\u00e9e ! Les temp\u00e9ratures seront comprises entre 17 et 31\u00b0C. Un vent de sud rafra\u00eechira l\u00e9g\u00e8rement l&rsquo;atmosph\u00e8re. La ville va subir, le matin, une vague de grosses chaleurs avec des valeurs qui atteindront parfois les 30\u00b0C. Le mercure affichera 24\u00b0C en moyenne. Les temp\u00e9ratures vont monter pendant l&rsquo;apr\u00e8s-midi de plusieurs degr\u00e9s. La ville va souffrir d&rsquo;importantes chaleurs avec des temp\u00e9ratures qui pourraient grimper jusqu&rsquo;\u00e0 31\u00b0C. Les valeurs s&rsquo;\u00e9chelonneront entre 27\u00b0C et 31\u00b0C. On annonce une embellie pour cette soir\u00e9e. Les temp\u00e9ratures tourneront autour des 24\u00b0C. Un ciel limpide est \u00e0 pr\u00e9voir dans la nuit entre samedi et dimanche.<\/p>\n<p>Le soleil appara\u00eet l\u00e9g\u00e8rement demain. Ces \u00e9claircies devraient faire plaisir aux habitants de Lyon. Une chute des temp\u00e9ratures est attendue. Les valeurs afficheront entre 13 et 28\u00b0C. Un petit vent de sud sera ressenti par les habitants. Le matin, on anticipe des valeurs d&rsquo;environ 20\u00b0C. Les temp\u00e9ratures iront de 14 \u00e0 28\u00b0C sur l&rsquo;ensemble de l&rsquo;apr\u00e8s-midi. La soir\u00e9e sera marqu\u00e9e par de la pluie. Les valeurs avoisineront les 13\u00b0C.<\/p>\n<p>Une am\u00e9lioration est pr\u00e9vue mardi, tandis que la journ\u00e9e de lundi aura \u00e9t\u00e9 pluvieuse.<\/p>\n<p><\/p>\n","protected":false},"excerpt":{"rendered":"La journ\u00e9e qui s&rsquo;annonce \u00e0 Lyon, promet d&rsquo;\u00eatre superbe et ensoleill\u00e9e ! Les temp\u00e9ratures seront comprises entre 17&hellip;\n","protected":false},"author":2,"featured_media":403533,"comment_status":"","ping_status":"","sticky":false,"template":"","format":"standard","meta":{"footnotes":""},"categories":[1889],"tags":[1111,11,2430,1777,674,1011,27,2428,12,2119,25,2429,2431],"class_list":{"0":"post-403532","1":"post","2":"type-post","3":"status-publish","4":"format-standard","5":"has-post-thumbnail","7":"category-lyon","8":"tag-actu","9":"tag-actualites","10":"tag-auvergne-rhone-alpes","11":"tag-eu","12":"tag-europe","13":"tag-fr","14":"tag-france","15":"tag-lyon","16":"tag-news","17":"tag-previsions-meteo","18":"tag-republique-francaise","19":"tag-rhone","20":"tag-rhone-alpes"},"share_on_mastodon":{"url":"https:\/\/pubeurope.com\/@fr\/115233671288636769","error":""},"_links":{"self":[{"href":"https:\/\/www.europesays.com\/fr\/wp-json\/wp\/v2\/posts\/403532","targetHints":{"allow":["GET"]}}],"collection":[{"href":"https:\/\/www.europesays.com\/fr\/wp-json\/wp\/v2\/posts"}],"about":[{"href":"https:\/\/www.europesays.com\/fr\/wp-json\/wp\/v2\/types\/post"}],"author":[{"embeddable":true,"href":"https:\/\/www.europesays.com\/fr\/wp-json\/wp\/v2\/users\/2"}],"replies":[{"embeddable":true,"href":"https:\/\/www.europesays.com\/fr\/wp-json\/wp\/v2\/comments?post=403532"}],"version-history":[{"count":0,"href":"https:\/\/www.europesays.com\/fr\/wp-json\/wp\/v2\/posts\/403532\/revisions"}],"wp:featuredmedia":[{"embeddable":true,"href":"https:\/\/www.europesays.com\/fr\/wp-json\/wp\/v2\/media\/403533"}],"wp:attachment":[{"href":"https:\/\/www.europesays.com\/fr\/wp-json\/wp\/v2\/media?parent=403532"}],"wp:term":[{"taxonomy":"category","embeddable":true,"href":"https:\/\/www.europesays.com\/fr\/wp-json\/wp\/v2\/categories?post=403532"},{"taxonomy":"post_tag","embeddable":true,"href":"https:\/\/www.europesays.com\/fr\/wp-json\/wp\/v2\/tags?post=403532"}],"curies":[{"name":"wp","href":"https:\/\/api.w.org\/{rel}","templated":true}]}}