{"id":40354,"date":"2025-04-21T02:01:08","date_gmt":"2025-04-21T02:01:08","guid":{"rendered":"https:\/\/www.europesays.com\/fr\/40354\/"},"modified":"2025-04-21T02:01:08","modified_gmt":"2025-04-21T02:01:08","slug":"fox-news-situe-la-ville-de-kiev-en-russie-lukraine-exige-des-excuses-atlantico","status":"publish","type":"post","link":"https:\/\/www.europesays.com\/fr\/40354\/","title":{"rendered":"Fox News situe la ville de Kiev en Russie, l\u2019Ukraine exige des excuses &#8211; Atlantico"},"content":{"rendered":"<ol>\n<li><a href=\"https:\/\/news.google.com\/rss\/articles\/CBMi0AFBVV95cUxNM3FCWGwtQ2xRQ0hZVTdMRG9kdlBBZUg0NzdKb1NxSXVvUHVFdzJKcXRvMkRTZF9JTGZwWHdjMldoeWxHN0tfelA2ejBMektfUWJ2QUFONWF5X2F6UmEwZU9HZWI2RE9oX2l6VU1NeUpZYTVkUUtLejhfV21GQUo5QTZPckwzWGFWbHpNWDJnWDZlU1lNeFlzTWhlSWJWZDFfMm02aUF6Y3Z2cUx6RWhZV0RJRV9RVUY0OGFacGctR2ZwRHdUNVUzbjlHZVZ2RENW?oc=5\" target=\"_blank\" rel=\"nofollow noopener\">Fox News situe la ville de Kiev en Russie, l\u2019Ukraine exige des excuses<\/a>&nbsp;&nbsp;Atlantico<\/li>\n<li><a href=\"https:\/\/news.google.com\/rss\/articles\/CBMigAJBVV95cUxPQXRreE1BNE1wUkd5cW9pRFdIN2NkUkpUVDVrTHZRSnU5bk1OY3VTU0J5dnZHc0dhdXJ0T1Q1aHRsRjkzcWdYWTA2UVNiWDh0Uk16cG9LQWttVDdDVVJvUElsMWNRV3ZvLXpzY0hFVnZ5UUtYUXJUZGJBNUxoRFFQZElzc29naDRZWDhSWTFnYktya2cyUXZuclNJSHRyVnkxcXdlaGRobzZIcGRRMG5rQ09HVHZMcWFwRmgwY1VNeFhqblVjWXo0cWRENUxpTHZERzEtNDltU1I1U2lZTHZyMEgyd2RBMmx3N2tNaUFYeExqT190c3dRcTFiTzY2bDlS?oc=5\" target=\"_blank\" rel=\"nofollow noopener\">Guerre en Ukraine : l\u2019\u00e9norme bourde de Fox News, qui situe Kiev en Russie lors d\u2019un direct et provoque la col\u00e8re des Ukrainiens<\/a>&nbsp;&nbsp;ladepeche.fr<\/li>\n<li><a href=\"https:\/\/news.google.com\/rss\/articles\/CBMiuAFBVV95cUxQQmpUMk5ocjREbDBVaFNpNjM5cDA4S2wzUklVOFRsbl9IUnIxcEtOM2hQVjZNWEVRM2J1VlFYRmpsOENPNVJTaGNVaHh2Q0kycXlJRWhVb0pGTGhkRDZ0cVhQQzFpbF91N2hBOHBLbnVtTFdZalVBMkdXYUJVU1pyVllUV2w4M3cwRUVDYXQ3RHBHNFlYMHplbFBkRmg5Nm1PWS1sNlRRWUx4UDY0SWY4R1RBSVRhR1Nf?oc=5\" target=\"_blank\" rel=\"nofollow noopener\">L\u2019Ukraine demande des excuses \u00e0 Fox News pour avoir situ\u00e9 Kiev en Russie<\/a>&nbsp;&nbsp;Le Soir<\/li>\n<li><a href=\"https:\/\/news.google.com\/rss\/articles\/CBMilwJBVV95cUxQTzFFX1FNYVA3OXpLRGNCWUNPcmt2NHgzcnQwdklkOFBIN2laS2lnS0FtVmJ3WmVaUFRzdi1wZUpIYnBVcVJYc1VZQWtMOUx5T0NmR1plTTVLaVNGcUk2aWNDbHJTV0VITEdGTTJJZWZPaXRuMFlVSWFid1ZOMnVvdHF3R1Bld3JmaXduR2Frd1FBRUljNE5hVXIxdU5wdmZWeWZrYjVFWXN5MWtiVUtoZFVrdFBieGtFaHlJOUUxT29rczQzcVQ5MG9wX1Q2ZE1GSTBnblhvOU1fYzR2bUZFd29wa0dncVhIck9qQmp4bTU4NHNfX3ktaGNxZWpkaXpYalVLbHVIZEptdG55WS1Ta2lrYlNRS28?oc=5\" target=\"_blank\" rel=\"nofollow noopener\">Guerre en Ukraine: une bourde de la cha\u00eene am\u00e9ricaine Fox News cr\u00e9e l&rsquo;\u00e9moi en Ukraine<\/a>&nbsp;&nbsp;La Libre.be<\/li>\n<li><a href=\"https:\/\/news.google.com\/rss\/articles\/CBMigAJBVV95cUxOYUNJR3RtTGZRaHZXY2VzTDFnRk9YSzBscjJvM2ZBcWZVc3Y2SVhkckhCVklPdHRpMkxUb2FWVEd2VzNlZE5SRHBRUlNCM2JuWThWTEszWlg1cTdfZDQ0b1A4WFBtVHBvWGE2dmFaWE1Ic3V6cFJKbndMUThkcjEyMWxsbUZkSDFRSUtKZ1hZdzloZkRENUNKREhGRnRHdVF6T3ZrU0NjM3VfVHU5bjhscGNQVFM2eUV1aDI4SVN5aHgxMzN4YllRM3FnZlkwT3B2bm44TkVaalZVaFZLeWtlRURBT3lWRXFHMm1Lc2htRW5MeTc3d1JIcUhqVl85aFdh?oc=5\" target=\"_blank\" rel=\"nofollow noopener\">Invasion de l?Ukraine &#8211; L&rsquo;Ukraine demande des excuses \u00e0 Fox News pour avoir situ\u00e9 Kiev en Russie<\/a>&nbsp;&nbsp;DHnet<\/li>\n<\/ol>\n","protected":false},"excerpt":{"rendered":"Fox News situe la ville de Kiev en Russie, l\u2019Ukraine exige des excuses&nbsp;&nbsp;Atlantico Guerre en Ukraine : l\u2019\u00e9norme&hellip;\n","protected":false},"author":2,"featured_media":40355,"comment_status":"","ping_status":"","sticky":false,"template":"","format":"standard","meta":{"footnotes":""},"categories":[1591],"tags":[11,12446,75,12444,1887,12445,131,9877,2957,11229,1916,12,1885,1886,132,252,220,135],"class_list":{"0":"post-40354","1":"post","2":"type-post","3":"status-publish","4":"format-standard","5":"has-post-thumbnail","7":"category-russie","8":"tag-actualites","9":"tag-chaine-de-television","10":"tag-donald-trump","11":"tag-erreur","12":"tag-federation-de-russie","13":"tag-fox-news","14":"tag-guerre-en-ukraine","15":"tag-journalisme","16":"tag-journaliste","17":"tag-kiev","18":"tag-moscou","19":"tag-news","20":"tag-russia","21":"tag-russian-federation","22":"tag-russie","23":"tag-television","24":"tag-ukraine","25":"tag-vladimir-poutine"},"share_on_mastodon":{"url":"https:\/\/pubeurope.com\/@fr\/114373491812229428","error":""},"_links":{"self":[{"href":"https:\/\/www.europesays.com\/fr\/wp-json\/wp\/v2\/posts\/40354","targetHints":{"allow":["GET"]}}],"collection":[{"href":"https:\/\/www.europesays.com\/fr\/wp-json\/wp\/v2\/posts"}],"about":[{"href":"https:\/\/www.europesays.com\/fr\/wp-json\/wp\/v2\/types\/post"}],"author":[{"embeddable":true,"href":"https:\/\/www.europesays.com\/fr\/wp-json\/wp\/v2\/users\/2"}],"replies":[{"embeddable":true,"href":"https:\/\/www.europesays.com\/fr\/wp-json\/wp\/v2\/comments?post=40354"}],"version-history":[{"count":0,"href":"https:\/\/www.europesays.com\/fr\/wp-json\/wp\/v2\/posts\/40354\/revisions"}],"wp:featuredmedia":[{"embeddable":true,"href":"https:\/\/www.europesays.com\/fr\/wp-json\/wp\/v2\/media\/40355"}],"wp:attachment":[{"href":"https:\/\/www.europesays.com\/fr\/wp-json\/wp\/v2\/media?parent=40354"}],"wp:term":[{"taxonomy":"category","embeddable":true,"href":"https:\/\/www.europesays.com\/fr\/wp-json\/wp\/v2\/categories?post=40354"},{"taxonomy":"post_tag","embeddable":true,"href":"https:\/\/www.europesays.com\/fr\/wp-json\/wp\/v2\/tags?post=40354"}],"curies":[{"name":"wp","href":"https:\/\/api.w.org\/{rel}","templated":true}]}}