{"id":403544,"date":"2025-09-20T00:03:10","date_gmt":"2025-09-20T00:03:10","guid":{"rendered":"https:\/\/www.europesays.com\/fr\/403544\/"},"modified":"2025-09-20T00:03:10","modified_gmt":"2025-09-20T00:03:10","slug":"malgre-linterception-de-ses-avions-par-lotan-la-russie-nie-avoir-viole-lespace-aerien-estonien","status":"publish","type":"post","link":"https:\/\/www.europesays.com\/fr\/403544\/","title":{"rendered":"Malgr\u00e9 l\u2019interception de ses avions par l\u2019Otan, la Russie nie avoir viol\u00e9 l\u2019espace a\u00e9rien estonien"},"content":{"rendered":"<p>Samedi matin, la Russie a fermement rejet\u00e9 samedi les accusations de Tallinn selon lesquelles <a href=\"https:\/\/www.20minutes.fr\/monde\/ukraine\/4174114-20250919-guerre-ukraine-combat-russes-interceptes-ciel-otan-fermeture-robinet-gaz\" class=\"c-link c-link--is-underlined\" rel=\"nofollow noopener\" target=\"_blank\">trois de ses avions militaires auraient p\u00e9n\u00e9tr\u00e9 l\u2019espace a\u00e9rien estonien<\/a>, apr\u00e8s que des chasseurs de l\u2019Otan ont intercept\u00e9 les appareils vendredi.<\/p>\n<p>Dans un communiqu\u00e9 publi\u00e9 sur Telegram, le minist\u00e8re russe de la D\u00e9fense assure que, vendredi 19\u00a0septembre, trois chasseurs MiG-31 \u00ab\u00a0ont effectu\u00e9 un vol pr\u00e9vu\u00a0\u00bb reliant la Car\u00e9lie, dans le nord-ouest de la <a href=\"https:\/\/www.20minutes.fr\/monde\/russie\/\" class=\"c-link c-link--is-underlined\" rel=\"nofollow noopener\" target=\"_blank\">Russie<\/a>, \u00e0 un a\u00e9rodrome de Kaliningrad, enclave <a href=\"https:\/\/www.20minutes.fr\/dossier\/russe\" class=\"c-link c-link--is-underlined\" rel=\"nofollow noopener\" target=\"_blank\">russe<\/a> bord\u00e9e par la Pologne et la <a href=\"https:\/\/www.20minutes.fr\/dossier\/lituanie\" class=\"c-link c-link--is-underlined\" rel=\"nofollow noopener\" target=\"_blank\">Lituanie<\/a>.<\/p>\n<\/p>\n<p>Des vols \u00ab\u00a0en stricte conformit\u00e9\u00a0\u00bb<\/p>\n<p>\u00ab\u00a0Le vol s\u2019est d\u00e9roul\u00e9 en stricte conformit\u00e9 avec les r\u00e8gles internationales d\u2019utilisation de l\u2019espace a\u00e9rien, sans violer les fronti\u00e8res d\u2019autres \u00c9tats, ce qui est confirm\u00e9 par les moyens de contr\u00f4le objectif\u00a0\u00bb, a d\u00e9clar\u00e9 le minist\u00e8re. Moscou pr\u00e9cise que les avions ont survol\u00e9 \u00ab\u00a0les eaux neutres de la mer Baltique\u00a0\u00bb, \u00e0 plus de trois kilom\u00e8tres de l\u2019\u00eele estonienne de Vaindloo, dans le Golfe de <a href=\"https:\/\/www.20minutes.fr\/dossier\/finlande\" class=\"c-link c-link--is-underlined\" rel=\"nofollow noopener\" target=\"_blank\">Finlande<\/a>.<\/p>\n<p><a href=\"https:\/\/www.20minutes.fr\/monde\/ukraine\/\" class=\"c-link c-btn c-btn--primary\" rel=\"nofollow noopener\" target=\"_blank\">Plus d&rsquo;articles sur la guerre en Ukraine<\/a><\/p>\n<p>Vendredi, l\u2019Estonie avait d\u00e9nonc\u00e9 une intrusion \u00ab\u00a0d\u2019une audace sans pr\u00e9c\u00e9dent\u00a0\u00bb et annonc\u00e9 vouloir demander \u00e0 l\u2019<a href=\"https:\/\/www.20minutes.fr\/monde\/otan\/\" class=\"c-link c-link--is-underlined\" rel=\"nofollow noopener\" target=\"_blank\">Otan<\/a> d\u2019activer l\u2019Article\u00a04 de son trait\u00e9 fondateur, qui pr\u00e9voit des consultations entre alli\u00e9s lorsqu\u2019un membre se sent menac\u00e9. La semaine derni\u00e8re, une vingtaine de drones russes avaient franchi l\u2019espace a\u00e9rien polonais, dont trois ont \u00e9t\u00e9 abattus par des avions polonais et des F-35 n\u00e9erlandais, une premi\u00e8re pour l\u2019Otan depuis sa cr\u00e9ation en\u00a01949. Peu apr\u00e8s, la <a href=\"https:\/\/www.20minutes.fr\/dossier\/roumanie\" class=\"c-link c-link--is-underlined\" rel=\"nofollow noopener\" target=\"_blank\">Roumanie<\/a> a elle aussi accus\u00e9 <a href=\"https:\/\/www.20minutes.fr\/monde\/moscou\/\" class=\"c-link c-link--is-underlined\" rel=\"nofollow noopener\" target=\"_blank\">Moscou<\/a> de la violation de son espace a\u00e9rien par un drone.<\/p>\n","protected":false},"excerpt":{"rendered":"Samedi matin, la Russie a fermement rejet\u00e9 samedi les accusations de Tallinn selon lesquelles trois de ses avions&hellip;\n","protected":false},"author":2,"featured_media":403545,"comment_status":"","ping_status":"","sticky":false,"template":"","format":"standard","meta":{"footnotes":""},"categories":[1591],"tags":[47,11,554,1909,1887,74,1916,12,136,2437,4868,1885,1886,132],"class_list":{"0":"post-403544","1":"post","2":"type-post","3":"status-publish","4":"format-standard","5":"has-post-thumbnail","7":"category-russie","8":"tag-actualite","9":"tag-actualites","10":"tag-defense","11":"tag-estonie","12":"tag-federation-de-russie","13":"tag-monde","14":"tag-moscou","15":"tag-news","16":"tag-otan","17":"tag-pologne","18":"tag-roumanie","19":"tag-russia","20":"tag-russian-federation","21":"tag-russie"},"share_on_mastodon":{"url":"https:\/\/pubeurope.com\/@fr\/115233698883137980","error":""},"_links":{"self":[{"href":"https:\/\/www.europesays.com\/fr\/wp-json\/wp\/v2\/posts\/403544","targetHints":{"allow":["GET"]}}],"collection":[{"href":"https:\/\/www.europesays.com\/fr\/wp-json\/wp\/v2\/posts"}],"about":[{"href":"https:\/\/www.europesays.com\/fr\/wp-json\/wp\/v2\/types\/post"}],"author":[{"embeddable":true,"href":"https:\/\/www.europesays.com\/fr\/wp-json\/wp\/v2\/users\/2"}],"replies":[{"embeddable":true,"href":"https:\/\/www.europesays.com\/fr\/wp-json\/wp\/v2\/comments?post=403544"}],"version-history":[{"count":0,"href":"https:\/\/www.europesays.com\/fr\/wp-json\/wp\/v2\/posts\/403544\/revisions"}],"wp:featuredmedia":[{"embeddable":true,"href":"https:\/\/www.europesays.com\/fr\/wp-json\/wp\/v2\/media\/403545"}],"wp:attachment":[{"href":"https:\/\/www.europesays.com\/fr\/wp-json\/wp\/v2\/media?parent=403544"}],"wp:term":[{"taxonomy":"category","embeddable":true,"href":"https:\/\/www.europesays.com\/fr\/wp-json\/wp\/v2\/categories?post=403544"},{"taxonomy":"post_tag","embeddable":true,"href":"https:\/\/www.europesays.com\/fr\/wp-json\/wp\/v2\/tags?post=403544"}],"curies":[{"name":"wp","href":"https:\/\/api.w.org\/{rel}","templated":true}]}}