{"id":403568,"date":"2025-09-20T00:19:20","date_gmt":"2025-09-20T00:19:20","guid":{"rendered":"https:\/\/www.europesays.com\/fr\/403568\/"},"modified":"2025-09-20T00:19:20","modified_gmt":"2025-09-20T00:19:20","slug":"les-5-faits-marquants-du-test-et-ce-quil-faut-retenir-%f0%9f%9a%80","status":"publish","type":"post","link":"https:\/\/www.europesays.com\/fr\/403568\/","title":{"rendered":"Les 5 faits marquants du test et ce qu\u2019il faut retenir \ud83d\ude80"},"content":{"rendered":"<p><img decoding=\"async\" src=\"https:\/\/www.europesays.com\/fr\/wp-content\/uploads\/2025\/09\/68c845c0cca06a3ac33d396c_GnG_1263330_HiRes.jpeg\" alt=\"Cinq faits marquants lors du test MotoGP de Misano\"\/><\/p>\n<p>Le circuit de Misano a servi de th\u00e9\u00e2tre \u00e0 un test MotoGP dense en \u00e9motions et riche en enseignements pour la suite de la saison. Les \u00e9quipes et les pilotes, ragaillardis ou parfois diminu\u00e9s par un week-end de Grand Prix intense, ont profit\u00e9 de la journ\u00e9e d\u2019essais pour repousser les limites de la performance et pr\u00e9parer l\u2019avenir. Retour sur les \u00e9v\u00e9nements cl\u00e9s de cette journ\u00e9e exceptionnelle, structur\u00e9s en quatre grandes th\u00e9matiques, pour tout comprendre de ce test capital et de ses impacts sur la grille MotoGP. \ud83c\udfc1<\/p>\n<p>Pedro Acosta, la r\u00e9v\u00e9lation tonitruante \ud83d\udca5<\/p>\n<p>Pedro Acosta, rookie sensation de chez <a href=\"https:\/\/www.ktm.com\/fr-fr.html\" target=\"_blank\" rel=\"nofollow noopener\">KTM<\/a>, a fait forte impression en affichant un rythme ph\u00e9nom\u00e9nal durant cette journ\u00e9e d&rsquo;essais \u00e0 Misano. D\u00e8s la seconde session, il s&#8217;empare du meilleur temps avec un tour boucl\u00e9 en 1&rsquo;30\u00a0\u00bb374, battant son propre record ainsi que celui du week-end pr\u00e9c\u00e9dent. Ce chrono confirme non seulement la comp\u00e9titivit\u00e9 de la KTM mais aussi la maturit\u00e9 d\u2019Acosta, d\u00e9sormais consid\u00e9r\u00e9 comme l\u2019un des plus grands espoirs du plateau MotoGP.<\/p>\n<p>Cet exploit est d\u2019autant plus remarquable que la veille, une m\u00e9saventure m\u00e9canique avait priv\u00e9 Acosta de la course en raison d\u2019une cha\u00eene d\u00e9faillante. Ce souci, rapidement corrig\u00e9 par l\u2019\u00e9curie KTM, n\u2019a pas emp\u00each\u00e9 le jeune Espagnol de briller, rel\u00e9guant ses concurrents \u00e0 plus de trois dixi\u00e8mes de seconde derri\u00e8re lui. Un signal fort envoy\u00e9 \u00e0 la concurrence et un message positif pour les fans KTM qui voient en Acosta un pr\u00e9tendant cr\u00e9dible au titre dans un avenir tr\u00e8s proche. Outre Acosta, le top cinq du jour fut compl\u00e9t\u00e9 par Alex Marquez (Gresini Ducati), Marco Bezzecchi (Aprilia), Raul Fernandez (Trackhouse Aprilia) et Franco Morbidelli (VR46 Ducati), confirmant la densit\u00e9 de la concurrence et l\u2019homog\u00e9n\u00e9it\u00e9 du plateau.<\/p>\n<p>Des tests techniques d\u00e9cisifs : entre innovation et risque technique \ud83d\udee0\ufe0f<\/p>\n<p>Misano fut un v\u00e9ritable laboratoire technologique pour les \u00e9quipes. <a href=\"https:\/\/www.aprilia.com\/fr_FR\/\" target=\"_blank\" rel=\"nofollow noopener\">Aprilia<\/a>, par exemple, a permis \u00e0 Marco Bezzecchi de tester un tout nouveau ch\u00e2ssis, d\u00e9montrant la volont\u00e9 des constructeurs d\u2019innover en permanence et d\u2019anticiper les prochaines \u00e9volutions r\u00e9glementaires. Pendant ce temps, son co\u00e9quipier Jorge Martin r\u00e9alisait plusieurs essais ergonomiques, modifiant notamment la position de ses guidons et am\u00e9liorant consid\u00e9rablement ses sensations. Martin d\u00e9clarait m\u00eame avoir accompli \u00ab\u00a0un \u00e9norme pas en avant en termes de performance\u00a0\u00bb, ce qui laisse augurer des week-ends encore plus comp\u00e9titifs pour Aprilia.<\/p>\n<p>C\u00f4t\u00e9 risques, la journ\u00e9e fut \u00e9maill\u00e9e de plusieurs chutes, dont celle de Jorge Martin dans le dernier virage du circuit, mais \u00e9galement celles de Pecco Bagnaia (Ducati) et Fabio Quartararo (Yamaha). Heureusement, aucune de ces chutes n\u2019a eu de cons\u00e9quences graves, mais elles rappellent la fronti\u00e8re t\u00e9nue entre qu\u00eate de performance et prise de risques dans un championnat aussi relev\u00e9.<\/p>\n<p>Le V4 Yamaha divise et intrigue : quelles perspectives pour 2025-2026? \ud83c\udfcd\ufe0f<\/p>\n<p>L\u2019attention \u00e9tait particuli\u00e8rement port\u00e9e sur <a href=\"https:\/\/www.yamaha-motor.eu\/fr\/fr\/motorcycles\/\" target=\"_blank\" rel=\"nofollow noopener\">Yamaha<\/a>, qui faisait rouler son prototype V4 tant attendu. Fabio Quartararo, pilote embl\u00e9matique de la marque japonaise, a livr\u00e9 des premi\u00e8res impressions mitig\u00e9es. Selon lui, cette nouvelle machine ne surpasserait pas, pour l\u2019instant, le mod\u00e8le quatre-cylindres en ligne actuel\u00a0: il pointe un l\u00e9ger d\u00e9ficit global sans gu\u00e8re de points forts marquants. Cette opinion contraste avec celle de Jack Miller, qui s\u2019est montr\u00e9 plus confiant et a soulign\u00e9 que le potentiel du prototype \u00e9tait encore en phase de d\u00e9veloppement initial.<\/p>\n<p>Jack Miller s\u2019exprimait ainsi : \u00ab\u00a0Je crois qu\u2019il y a plus d\u2019avantages et d\u2019inconv\u00e9nients. Ce n\u2019est qu\u2019une premi\u00e8re version, et ce ne sera pas la moto que l\u2019on retrouvera \u00e0 Valencia lors du test d\u2019apr\u00e8s-saison. C\u00f4t\u00e9 ch\u00e2ssis et autres \u00e9l\u00e9ments, beaucoup de choses vont \u00e9voluer. Pour une premi\u00e8re, nous sommes d\u00e9j\u00e0 dans la bonne direction.\u00a0\u00bb<\/p>\n<p>Cette diversit\u00e9 de points de vue met en lumi\u00e8re les d\u00e9fis majeurs qui attendent Yamaha dans sa qu\u00eate de reconqu\u00eate des sommets MotoGP. Le d\u00e9veloppement du V4 devra encore franchir plusieurs \u00e9tapes avant de rivaliser avec les r\u00e9f\u00e9rences du plateau, mais la volont\u00e9 d\u2019innovation est bien pr\u00e9sente.<\/p>\n<p>Strat\u00e9gies et absences: l\u2019impact sur la hi\u00e9rarchie \ud83c\udfe5<\/p>\n<p>Au sein de la hi\u00e9rarchie MotoGP, ces tests furent \u00e9galement l\u2019occasion de mener des exp\u00e9riences strat\u00e9giques, particuli\u00e8rement chez Ducati avec Marc Marquez. Le pilote espagnol, actuel leader du championnat, a multipli\u00e9 les comparatifs d\u2019a\u00e9rodynamique et test\u00e9 diff\u00e9rentes configurations de bras oscillant sur sa machine. Il qualifie cette journ\u00e9e de \u00ab\u00a0pr\u00e9paration au test de Valencia\u00a0\u00bb avec la volont\u00e9 d\u2019optimiser le prototype Ducati en vue des saisons 2025 et 2026. Un effort d\u2019anticipation qui t\u00e9moigne de la rigueur et de la pr\u00e9paration minutieuse de la marque italienne face \u00e0 une concurrence toujours plus agressive.<\/p>\n<p>Toutefois, tous les protagonistes n\u2019\u00e9taient pas au rendez-vous. Joan Mir (Honda), encore affect\u00e9 par une lourde chute survenue lors du week-end, ainsi qu\u2019Ai Ogura (Trackhouse Aprilia), victime d\u2019une blessure \u00e0 la main et au talon gauche apr\u00e8s une cabriole impressionnante, ont pr\u00e9f\u00e9r\u00e9 se concentrer sur leur r\u00e9tablissement plut\u00f4t que de risquer une aggravation de leur \u00e9tat de sant\u00e9. Leur absence a quelque peu modifi\u00e9 la dynamique des essais, offrant aux \u00e9quipes pr\u00e9sentes sur la piste un terrain propice \u00e0 l\u2019exp\u00e9rimentation mais r\u00e9duisant la profondeur de l\u2019analyse comparative.<\/p>\n<p><img decoding=\"async\" src=\"https:\/\/www.europesays.com\/fr\/wp-content\/uploads\/2025\/09\/68c845c1cca06a3ac33d39ec_image-5.png\" alt=\"Cinq faits marquants lors du test MotoGP de Misano\"\/><\/p>\n<p>Ce qu\u2019il faut retenir pour la suite de la saison et au-del\u00e0 \ud83c\udf1f<\/p>\n<p>Le test de Misano s\u2019inscrit comme un moment charni\u00e8re dans la saison MotoGP 2024. Les enseignements tir\u00e9s de cette session t\u00e9moignent de la volont\u00e9 collective du paddock de progresser, d\u2019innover et surtout, de ne jamais se reposer sur ses acquis. Pedro Acosta a confirm\u00e9 son potentiel hors norme, tandis que Yamaha et Ducati continuent de fa\u00e7onner les machines du futur, chacune \u00e0 sa mani\u00e8re. Les essais techniques, accompagn\u00e9s de quelques incidents, rappellent que la recherche de performance est jalonn\u00e9e de risques, mais qu\u2019elle demeure le moteur essentiel du sport.<\/p>\n<p>Enfin, les absences pour blessures rappellent la fragilit\u00e9 de l\u2019\u00e9quilibre entre performance et s\u00e9curit\u00e9. La MotoGP \u00e9volue en permanence et c\u2019est cette capacit\u00e9 \u00e0 se r\u00e9inventer, \u00e0 relever les d\u00e9fis technologiques et humains, qui rend ce championnat absolument unique.<\/p>\n<p>Alors que la saison s\u2019intensifie, toutes les \u00e9quipes puisent dans les enseignements de ces tests pour ajuster leur trajectoire et viser l\u2019excellence. Chaque tour, chaque am\u00e9lioration peut faire la diff\u00e9rence. Restez passionn\u00e9s, car en MotoGP, l\u2019histoire s\u2019\u00e9crit \u00e0 chaque instant\u2026 et tout reste possible au prochain virage ! \ud83c\udfc6<\/p>\n<p>Dans l\u2019esprit de l\u2019audace technique vue \u00e0 Misano, imaginez piloter une <strong>Porsche 911<\/strong> via une solution de <a href=\"https:\/\/www.joinsteer.com\" target=\"_blank\" rel=\"nofollow noopener\">leasing flexible avec Joinsteer<\/a> : performance d\u2019exception, libert\u00e9 et s\u00e9curit\u00e9. De quoi faire vibrer tout passionn\u00e9\u2026 sur circuit comme sur route.<\/p>\n","protected":false},"excerpt":{"rendered":"Le circuit de Misano a servi de th\u00e9\u00e2tre \u00e0 un test MotoGP dense en \u00e9motions et riche en&hellip;\n","protected":false},"author":2,"featured_media":403569,"comment_status":"","ping_status":"","sticky":false,"template":"","format":"standard","meta":{"footnotes":""},"categories":[1413],"tags":[1011,27,1457,1456,60],"class_list":{"0":"post-403568","1":"post","2":"type-post","3":"status-publish","4":"format-standard","5":"has-post-thumbnail","7":"category-moto","8":"tag-fr","9":"tag-france","10":"tag-moto","11":"tag-motocycle","12":"tag-sports"},"share_on_mastodon":{"url":"https:\/\/pubeurope.com\/@fr\/115233762108120717","error":""},"_links":{"self":[{"href":"https:\/\/www.europesays.com\/fr\/wp-json\/wp\/v2\/posts\/403568","targetHints":{"allow":["GET"]}}],"collection":[{"href":"https:\/\/www.europesays.com\/fr\/wp-json\/wp\/v2\/posts"}],"about":[{"href":"https:\/\/www.europesays.com\/fr\/wp-json\/wp\/v2\/types\/post"}],"author":[{"embeddable":true,"href":"https:\/\/www.europesays.com\/fr\/wp-json\/wp\/v2\/users\/2"}],"replies":[{"embeddable":true,"href":"https:\/\/www.europesays.com\/fr\/wp-json\/wp\/v2\/comments?post=403568"}],"version-history":[{"count":0,"href":"https:\/\/www.europesays.com\/fr\/wp-json\/wp\/v2\/posts\/403568\/revisions"}],"wp:featuredmedia":[{"embeddable":true,"href":"https:\/\/www.europesays.com\/fr\/wp-json\/wp\/v2\/media\/403569"}],"wp:attachment":[{"href":"https:\/\/www.europesays.com\/fr\/wp-json\/wp\/v2\/media?parent=403568"}],"wp:term":[{"taxonomy":"category","embeddable":true,"href":"https:\/\/www.europesays.com\/fr\/wp-json\/wp\/v2\/categories?post=403568"},{"taxonomy":"post_tag","embeddable":true,"href":"https:\/\/www.europesays.com\/fr\/wp-json\/wp\/v2\/tags?post=403568"}],"curies":[{"name":"wp","href":"https:\/\/api.w.org\/{rel}","templated":true}]}}