{"id":403594,"date":"2025-09-20T00:32:12","date_gmt":"2025-09-20T00:32:12","guid":{"rendered":"https:\/\/www.europesays.com\/fr\/403594\/"},"modified":"2025-09-20T00:32:12","modified_gmt":"2025-09-20T00:32:12","slug":"cafouillages-lors-du-lancement-des-ray-ban-meta-display-que-sest-il-reellement-passe","status":"publish","type":"post","link":"https:\/\/www.europesays.com\/fr\/403594\/","title":{"rendered":"Cafouillages lors du lancement des Ray-Ban Meta Display : que s\u2019est-il r\u00e9ellement pass\u00e9 ?"},"content":{"rendered":"<p class=\"ed__a-p ed__bdy__l\"><img loading=\"lazy\" decoding=\"async\" src=\"data:image\/svg+xml,%3Csvg xmlns='http:\/\/www.w3.org\/2000\/svg'%3E%3C\/svg%3E\" draggable=\"false\" width=\"2133\" height=\"1200\" class=\"ed__title-xxs\" alt=\"Les nouvelles Ray-Ban Meta Display int\u00e8grent un affichage transparent.\" style=\"background-color: #f2f2f2; aspect-ratio:2133\/1200;\"\/><\/p>\n<p>Les nouvelles Ray-Ban Meta Display int\u00e8grent un affichage transparent.<\/p>\n<p>\u00a9 Meta<\/p>\n<\/p>\n<p class=\"ed__a-p ed__bdy__l\">Cette semaine, Meta a pr\u00e9sent\u00e9 ses <a href=\"https:\/\/www.lesnumeriques.com\/accessoire-pour-smartphone\/ray-ban-display-ray-ban-gen-2-et-oakley-vanguard-meta-devoile-d-un-coup-trois-lunettes-connectees-n242577.html\" title=\"Ray-Ban Display, Ray-Ban (Gen\u00a02) et Oakley Vanguard\u00a0: Meta d\u00e9voile d&#039;un coup trois lunettes connect\u00e9es\" rel=\"nofollow noopener\" target=\"_blank\">Ray-Ban Meta Display<\/a>, une nouvelle version de ses lunettes intelligentes int\u00e9grant un affichage. Ce format semble prometteur, avec une image transparente projet\u00e9e sur le verre c\u00f4t\u00e9 droit. L\u2019image est en couleur, avec une d\u00e9finition de 600 x 600 pixels, de quoi afficher du texte et m\u00eame regarder des vid\u00e9os.<\/p>\n<p>            Publicit\u00e9, votre contenu continue ci-dessous<\/p>\n<p>        Publicit\u00e9<\/p>\n<p>Deux pannes en plein live<\/p>\n<p class=\"ed__a-p ed__bdy__l\">Malheureusement, plusieurs couacs ont eu lieu lors des d\u00e9monstrations. Un chef devait cuisiner une recette en suivant les indications donn\u00e9es par l\u2019assistant intelligent, Meta AI. Or, lorsqu\u2019il a demand\u00e9 \u00e0 ses lunettes par quoi commencer, l\u2019IA a plant\u00e9. \u00c0 un autre moment, Mark Zuckerberg a tent\u00e9 de montrer le fonctionnement des appels vid\u00e9o. Cette fois, les lunettes ont refus\u00e9 de r\u00e9pondre \u00e0 un appel entrant sur WhatsApp. Il a mis les probl\u00e8mes sur le compte du Wi-Fi.<\/p>\n<p class=\"ed__a-p ed__bdy__l\">Toutefois, Andrew Bosworth s\u2019est depuis exprim\u00e9 <a href=\"https:\/\/www.instagram.com\/stories\/highlights\/18004370228639241\/?hl=en\" target=\"_blank\" rel=\"nofollow noopener\">sur Instagram<\/a>, o\u00f9 il a d\u00e9voil\u00e9 ce qui s\u2019\u00e9tait r\u00e9ellement pass\u00e9 lors d\u2019une s\u00e9rie de questions-r\u00e9ponses. Pour l\u2019incident en cuisine, le directeur technique de Meta a expliqu\u00e9 que, pour \u00e9viter tout probl\u00e8me, ils avaient isol\u00e9 les lunettes en les faisant se connecter directement au serveur de d\u00e9veloppement. Une pr\u00e9caution sage, et qui a bien fonctionn\u00e9 pendant les r\u00e9p\u00e9titions.<\/p>\n<p class=\"ed__a-p ed__bdy__l\">Tout se serait bien pass\u00e9 s\u2019ils n\u2019avaient pas oubli\u00e9 un petit d\u00e9tail : cette modification \u00e9tait appliqu\u00e9e \u00e0 tous les r\u00e9seaux Wi-Fi du b\u00e2timent. Lorsque le chef a dit \u201chey Meta, start Live AI\u201d pour activer l\u2019IA de ses lunettes, toutes les lunettes intelligentes dans la salle se sont activ\u00e9es, saturant le serveur.<\/p>\n<p class=\"ed__a-p ed__bdy__l\"><img loading=\"lazy\" decoding=\"async\" src=\"data:image\/svg+xml,%3Csvg xmlns='http:\/\/www.w3.org\/2000\/svg'%3E%3C\/svg%3E\" draggable=\"false\" width=\"1612\" height=\"1352\" class=\"ed__title-xxs\" alt=\"Petit malaise en cuisine lorsque Meta AI \u00e9tait un peu perdu.\" style=\"background-color: #f2f2f2; aspect-ratio:1612\/1352;\"\/><\/p>\n<p>Petit malaise en cuisine lorsque Meta AI \u00e9tait un peu perdu.<\/p>\n<p>\u00a9 Meta<\/p>\n<\/p>\n<p>Un bug impr\u00e9vu lors des appels vid\u00e9o<\/p>\n<p class=\"ed__a-p ed__bdy__l\">Pour l\u2019autre panne, o\u00f9 il \u00e9tait impossible de r\u00e9pondre \u00e0 un appel entrant, il s\u2019agissait en r\u00e9alit\u00e9 d\u2019une erreur dans le syst\u00e8me des lunettes. L\u2019\u00e9cran s\u2019est \u00e9teint pile au moment o\u00f9 celles-ci recevaient la notification d\u2019un appel entrant, activant bug que les d\u00e9veloppeurs n\u2019avaient jamais rencontr\u00e9 auparavant. Le timing ne pouvait pas \u00eatre plus malheureux, mais Andrew Bosworth affirme que le probl\u00e8me a d\u00e9j\u00e0 \u00e9t\u00e9 corrig\u00e9.<\/p>\n<p class=\"ed__a-p ed__bdy__l\">Malgr\u00e9 ces cafouillages, il consid\u00e8re que le lancement s\u2019est globalement bien d\u00e9roul\u00e9, ajoutant que le public pardonnera ces dysfonctionnements.<\/p>\n<p>Un bracelet neuronal qui fonctionne aussi pour gauchers<\/p>\n<p class=\"ed__a-p ed__bdy__l\"><img loading=\"lazy\" decoding=\"async\" src=\"data:image\/svg+xml,%3Csvg xmlns='http:\/\/www.w3.org\/2000\/svg'%3E%3C\/svg%3E\" draggable=\"false\" width=\"1920\" height=\"1200\" class=\"ed__title-xxs\" alt=\"Que les gauchers se rassurent, ils pourront aussi utiliser le bracelet neuronal.\" style=\"background-color: #f2f2f2; aspect-ratio:1920\/1200;\"\/><\/p>\n<p>Que les gauchers se rassurent, ils pourront aussi utiliser le bracelet neuronal.<\/p>\n<p>\u00a9 Meta<\/p>\n<\/p>\n<p class=\"ed__a-p ed__bdy__l\">Il a \u00e9galement donn\u00e9 quelques informations suppl\u00e9mentaires sur les lunettes. Il sera possible de les \u00e9quiper de verres correcteurs, mais ils seront limit\u00e9s pour l\u2019instant \u00e0 une correction entre +4 et -4. L\u2019explication est que le guide d\u2019ondes utilis\u00e9 pour l\u2019affichage n\u00e9cessite que les verres soient parfaitement plats.<br \/>Par ailleurs, le bracelet neuronal permettant de commander les Ray-Ban Meta Display fonctionne aussi bien pour gauchers que pour droitiers. Les lunettes vous demanderont simplement sur quel poignet vous portez le bracelet.<\/p>\n<p>            Publicit\u00e9, votre contenu continue ci-dessous<\/p>\n<p>        Publicit\u00e9<\/p>\n<p class=\"ed__a-p ed__bdy__l\">Les Num\u00e9riques s\u2019installe \u00e0 Beaugrenelle Paris pour <a href=\"https:\/\/www.lesnumeriques.com\/evenement\/les-jours-les-plus-tech-2025.html\" rel=\"nofollow noopener\" target=\"_blank\">Les Jours Les Plus Tech<\/a> : d\u00e9monstrations de produits, conseils d\u2019usage ou d\u2019achat, \u00e9changes avec nos journalistes\u2026D\u00e9couvrez le <a href=\"https:\/\/www.lesnumeriques.com\/evenement\/les-jours-les-plus-tech-2025.html\" rel=\"nofollow noopener\" target=\"_blank\">programme complet<\/a>.<\/p>\n<p>                                            <script async src=\"\/\/www.instagram.com\/embed.js\"><\/script><\/p>\n","protected":false},"excerpt":{"rendered":"Les nouvelles Ray-Ban Meta Display int\u00e8grent un affichage transparent. \u00a9 Meta Cette semaine, Meta a pr\u00e9sent\u00e9 ses Ray-Ban&hellip;\n","protected":false},"author":2,"featured_media":403595,"comment_status":"","ping_status":"","sticky":false,"template":"","format":"standard","meta":{"footnotes":""},"categories":[7],"tags":[1011,27,43,40,41,39,42,44],"class_list":{"0":"post-403594","1":"post","2":"type-post","3":"status-publish","4":"format-standard","5":"has-post-thumbnail","7":"category-sciences-et-technologies","8":"tag-fr","9":"tag-france","10":"tag-science","11":"tag-science-and-technology","12":"tag-sciences","13":"tag-sciences-et-technologies","14":"tag-technologies","15":"tag-technology"},"share_on_mastodon":{"url":"https:\/\/pubeurope.com\/@fr\/115233813029220784","error":""},"_links":{"self":[{"href":"https:\/\/www.europesays.com\/fr\/wp-json\/wp\/v2\/posts\/403594","targetHints":{"allow":["GET"]}}],"collection":[{"href":"https:\/\/www.europesays.com\/fr\/wp-json\/wp\/v2\/posts"}],"about":[{"href":"https:\/\/www.europesays.com\/fr\/wp-json\/wp\/v2\/types\/post"}],"author":[{"embeddable":true,"href":"https:\/\/www.europesays.com\/fr\/wp-json\/wp\/v2\/users\/2"}],"replies":[{"embeddable":true,"href":"https:\/\/www.europesays.com\/fr\/wp-json\/wp\/v2\/comments?post=403594"}],"version-history":[{"count":0,"href":"https:\/\/www.europesays.com\/fr\/wp-json\/wp\/v2\/posts\/403594\/revisions"}],"wp:featuredmedia":[{"embeddable":true,"href":"https:\/\/www.europesays.com\/fr\/wp-json\/wp\/v2\/media\/403595"}],"wp:attachment":[{"href":"https:\/\/www.europesays.com\/fr\/wp-json\/wp\/v2\/media?parent=403594"}],"wp:term":[{"taxonomy":"category","embeddable":true,"href":"https:\/\/www.europesays.com\/fr\/wp-json\/wp\/v2\/categories?post=403594"},{"taxonomy":"post_tag","embeddable":true,"href":"https:\/\/www.europesays.com\/fr\/wp-json\/wp\/v2\/tags?post=403594"}],"curies":[{"name":"wp","href":"https:\/\/api.w.org\/{rel}","templated":true}]}}