{"id":403600,"date":"2025-09-20T00:35:10","date_gmt":"2025-09-20T00:35:10","guid":{"rendered":"https:\/\/www.europesays.com\/fr\/403600\/"},"modified":"2025-09-20T00:35:10","modified_gmt":"2025-09-20T00:35:10","slug":"les-frais-de-representation-danne-hidalgo-font-enrager-salaries-et-entrepreneurs","status":"publish","type":"post","link":"https:\/\/www.europesays.com\/fr\/403600\/","title":{"rendered":"les \u00abfrais de repr\u00e9sentation\u00bb d\u2019Anne Hidalgo font enrager salari\u00e9s et entrepreneurs"},"content":{"rendered":"<p><strong>D\u00c9CRYPTAGE &#8211; <\/strong>Les frais de garde-robe de la maire de Paris, pr\u00e9vus dans le cadre de son mandat, laissent pantois les professionnels qui paient, eux, leurs costumes de leur poche. Un traitement de faveur qui interroge.<\/p>\n<p class=\"fig-paragraph\">84.200 euros de v\u00eatements de luxe financ\u00e9s par la Ville entre 2020 et 2024, dont des pi\u00e8ces Dior et Burberry, au nom des \u00abfrais de repr\u00e9sentation\u00bb d\u2019Anne Hidalgo. Les frais de garde-robe de la maire de Paris, r\u00e9v\u00e9l\u00e9s mercredi par l\u2019association Transparence Citoyenne et\u00a0<a href=\"http:\/\/www.lefigaro.fr\/actualite-france\/frais-de-representation-d-anne-hidalgo-le-grand-deballage-20250917\" data-fig-type=\"Article\" data-gtm-custom-categorie=\"navigation\" data-gtm-custom-action=\"crossclick\" data-gtm-custom-label=\"Contextuel\" data-gtm-event=\"customEventSPE\" data-fig-domain=\"LEFIGARO\" target=\"_blank\" rel=\"noopener\">d\u00e9taill\u00e9s dans nos pages<\/a>, passent mal aupr\u00e8s des Fran\u00e7ais. Chez les entrepreneurs, salari\u00e9s et professions lib\u00e9rales, s\u2019y ajoute un certain malaise\u00a0: \u00abPourquoi Mme Hidalgo se fait-elle rembourser des manteaux de luxe \u00e0 3067\u202feuros avec l\u2019argent de nos imp\u00f4ts tandis que l\u2019administration fiscale refuse l\u2019inclusion d\u2019un costume ou tailleur en frais professionnels?\u00bb, fulmine Philippe Prigent, avocat au barreau de Paris, contact\u00e9 par Le Figaro. Dans le secteur priv\u00e9, en effet, impossible de faire passer une tenue de travail en\u00a0<a href=\"https:\/\/www.lefigaro.fr\/impots\/2019\/01\/09\/05003-20190109ARTFIG00410-cette-csg-non-deductible-payee-deux-fois-par-les-francais.php\" data-fig-type=\"Article\" data-gtm-custom-categorie=\"navigation\" data-gtm-custom-action=\"crossclick\" data-gtm-custom-label=\"Contextuel\" data-gtm-event=\"customEventSPE\" data-fig-domain=\"LEFIGARO\" target=\"_blank\" rel=\"noopener\">charge d\u00e9ductible<\/a>, sauf s\u2019il s\u2019agit d\u2019un \u00e9quipement sp\u00e9cifique, comme une blouse, ou un casque. Pour certains, la question se pose\u00a0: l\u2019\u00e9dile socialiste b\u00e9n\u00e9ficie-t-elle d\u2019un privil\u00e8ge injustifi\u00e9\u00a0?<\/p>\n<p class=\"fig-premium-paywall__infos\">\n        Cet article est r\u00e9serv\u00e9 aux abonn\u00e9s.        Il vous reste 86% \u00e0 d\u00e9couvrir.\n    <\/p>\n<p>                <img  data- alt=\"Le Figaro\" class=\"fig-img--complete fig-img\"\/><\/p>\n<p class=\"fig-premium-paywall__title\">Vous avez envie de lire la suite ?<\/p>\n<p class=\"fig-premium-paywall__subtitle\">D\u00e9bloquez tous les articles imm\u00e9diatement.<\/p>\n<p class=\"fig-premium-paywall__connect\">\n                D\u00e9j\u00e0 abonn\u00e9\u00a0?                <a class=\"fig-premium-paywall__connect-link\" href=\"https:\/\/connect.lefigaro.fr\/login?client=horizon_web&amp;type=main&amp;redirect_uri=https%3A%2F%2Fwww.lefigaro.fr%2Fconjoncture%2Fa-t-elle-besoin-d-un-manteau-burberry-pour-exercer-son-mandat-les-frais-de-representation-d-anne-hidalgo-font-enrager-salaries-et-entrepreneurs-20250919\" data-js-gtm=\"{&quot;customCategorie&quot;: &quot;conversion&quot;, &quot;customAction&quot;: &quot;before_Landing_Connexion_paywall_auto&quot;, &quot;customLabel&quot;: &quot;bGVmaWdhcm8uZnJfXzFmMDk1ODg0LTIyMDEtNmM4YS1iM2E1LTE1YTFhOTZhZTFhMV9fQXJ0aWNsZQ==_\u00abA-t-elle besoin d\u2019un manteau Burberry pour exercer son mandat?\u00bb: les \u00abfrais de repr\u00e9sentation\u00bb d\u2019Anne Hidalgo font enrager salari\u00e9s et entrepreneurs_1000&quot;, &quot;customIDSPE&quot;: &quot;bGVmaWdhcm8uZnJfXzFmMDk1ODg0LTIyMDEtNmM4YS1iM2E1LTE1YTFhOTZhZTFhMV9fQXJ0aWNsZQ==&quot;, &quot;event&quot;: &quot;customEventSPE&quot;}\" target=\"_blank\" rel=\"noopener\"><br \/>\n                    Connectez-vous<br \/>\n                <\/a>\n            <\/p>\n","protected":false},"excerpt":{"rendered":"D\u00c9CRYPTAGE &#8211; Les frais de garde-robe de la maire de Paris, pr\u00e9vus dans le cadre de son mandat,&hellip;\n","protected":false},"author":2,"featured_media":403601,"comment_status":"","ping_status":"","sticky":false,"template":"","format":"standard","meta":{"footnotes":""},"categories":[4],"tags":[11,2618,1011,27,303,12,626,25],"class_list":{"0":"post-403600","1":"post","2":"type-post","3":"status-publish","4":"format-standard","5":"has-post-thumbnail","7":"category-france","8":"tag-actualites","9":"tag-anne-hidalgo","10":"tag-fr","11":"tag-france","12":"tag-justice","13":"tag-news","14":"tag-paris","15":"tag-republique-francaise"},"share_on_mastodon":{"url":"https:\/\/pubeurope.com\/@fr\/115233825272569514","error":""},"_links":{"self":[{"href":"https:\/\/www.europesays.com\/fr\/wp-json\/wp\/v2\/posts\/403600","targetHints":{"allow":["GET"]}}],"collection":[{"href":"https:\/\/www.europesays.com\/fr\/wp-json\/wp\/v2\/posts"}],"about":[{"href":"https:\/\/www.europesays.com\/fr\/wp-json\/wp\/v2\/types\/post"}],"author":[{"embeddable":true,"href":"https:\/\/www.europesays.com\/fr\/wp-json\/wp\/v2\/users\/2"}],"replies":[{"embeddable":true,"href":"https:\/\/www.europesays.com\/fr\/wp-json\/wp\/v2\/comments?post=403600"}],"version-history":[{"count":0,"href":"https:\/\/www.europesays.com\/fr\/wp-json\/wp\/v2\/posts\/403600\/revisions"}],"wp:featuredmedia":[{"embeddable":true,"href":"https:\/\/www.europesays.com\/fr\/wp-json\/wp\/v2\/media\/403601"}],"wp:attachment":[{"href":"https:\/\/www.europesays.com\/fr\/wp-json\/wp\/v2\/media?parent=403600"}],"wp:term":[{"taxonomy":"category","embeddable":true,"href":"https:\/\/www.europesays.com\/fr\/wp-json\/wp\/v2\/categories?post=403600"},{"taxonomy":"post_tag","embeddable":true,"href":"https:\/\/www.europesays.com\/fr\/wp-json\/wp\/v2\/tags?post=403600"}],"curies":[{"name":"wp","href":"https:\/\/api.w.org\/{rel}","templated":true}]}}