{"id":40362,"date":"2025-04-21T02:05:12","date_gmt":"2025-04-21T02:05:12","guid":{"rendered":"https:\/\/www.europesays.com\/fr\/40362\/"},"modified":"2025-04-21T02:05:12","modified_gmt":"2025-04-21T02:05:12","slug":"la-police-abat-un-homme-qui-lagressait-avec-du-gaz-irritant","status":"publish","type":"post","link":"https:\/\/www.europesays.com\/fr\/40362\/","title":{"rendered":"La police abat un homme qui l\u2019agressait avec du gaz irritant"},"content":{"rendered":"<p>Une intervention des forces s\u2019est termin\u00e9e tragiquement dimanche en <a href=\"https:\/\/www.20minutes.fr\/dossier\/allemagne\" target=\"_blank\" class=\"color-ultramarine c-link\" rel=\"noopener\">Allemagne<\/a>. Un policier a abattu un homme qui agressait sa patrouille avec du gaz irritant, apr\u00e8s avoir menac\u00e9 plusieurs personnes avec un couteau dans un contexte d\u2019altercation devant une <a href=\"https:\/\/www.20minutes.fr\/dossier\/boite_de_nuit\" target=\"_blank\" class=\"color-ultramarine c-link\" rel=\"noopener\">bo\u00eete de nuit<\/a> d\u2019Oldenbourg, dans le nord-ouest du pays.<\/p>\n<p>Une enqu\u00eate a \u00e9t\u00e9 ouverte contre l\u2019agent de 27 ans qui a tir\u00e9 \u00e0 plusieurs reprises sur l\u2019homme de 21 ans, d\u00e9c\u00e9d\u00e9 des suites de ses blessures \u00e0 l\u2019h\u00f4pital. \u00ab\u00a0Pour des raisons de neutralit\u00e9\u00a0\u00bb, c\u2019est la police d\u2019une autre ville de la r\u00e9gion qui m\u00e8ne l\u2019enqu\u00eate sous la direction du parquet d\u2019Oldenbourg, a pr\u00e9cis\u00e9 la police.<\/p>\n<p>Plusieurs personnes bless\u00e9es l\u00e9g\u00e8rement<\/p>\n<p>L\u2019intervention a eu lieu en fin de nuit de samedi \u00e0 dimanche apr\u00e8s que l\u2019<a href=\"https:\/\/www.20minutes.fr\/dossier\/agression\" target=\"_blank\" class=\"color-ultramarine c-link\" rel=\"noopener\">agresseur<\/a> pr\u00e9sum\u00e9 \u00ab\u00a0a bless\u00e9 et menac\u00e9 plusieurs personnes\u00a0\u00bb, a affirm\u00e9 la police.<\/p>\n<\/p>\n<p>\u00ab\u00a0Apr\u00e8s s\u2019\u00eatre vu refuser l\u2019entr\u00e9e\u00a0\u00bb d\u2019une bo\u00eete de nuit, l\u2019agresseur pr\u00e9sum\u00e9 \u00ab\u00a0a pulv\u00e9ris\u00e9 un gaz irritant en direction de deux employ\u00e9s du service de s\u00e9curit\u00e9\u00a0\u00bb, occasionnant des \u00ab\u00a0blessures l\u00e9g\u00e8res\u00a0\u00bb \u00e0 plusieurs personnes. \u00ab\u00a0Certaines personnes ont commenc\u00e9 \u00e0 le poursuivre mais ont abandonn\u00e9 lorsqu\u2019il les a menac\u00e9es avec un couteau\u00a0\u00bb, a encore d\u00e9crit la police.<\/p>\n<p><a href=\"https:\/\/www.20minutes.fr\/dossier\/allemagne\" target=\"_blank\" class=\"c-link c-btn c-btn--primary\" rel=\"noopener\">Nos articles sur l&rsquo;Allemagne<\/a><\/p>\n<p>Apr\u00e8s avoir fui l\u2019arriv\u00e9e d\u2019un premier groupe de policiers, le jeune homme est tomb\u00e9 sur une autre patrouille. Il s\u2019est alors \u00ab\u00a0dirig\u00e9 de mani\u00e8re mena\u00e7ante vers les policiers\u00a0\u00bb en \u00ab\u00a0pulv\u00e9risant du gaz irritant dans leur direction\u00a0\u00bb, ce qui a amen\u00e9 le policier \u00e0 \u00ab\u00a0faire usage de son arme\u00a0\u00bb, toujours selon la m\u00eame source.<\/p>\n","protected":false},"excerpt":{"rendered":"Une intervention des forces s\u2019est termin\u00e9e tragiquement dimanche en Allemagne. Un policier a abattu un homme qui agressait&hellip;\n","protected":false},"author":2,"featured_media":40363,"comment_status":"","ping_status":"","sticky":false,"template":"","format":"standard","meta":{"footnotes":""},"categories":[1587],"tags":[47,11,1120,672,6627,1804,1805,1803,1777,674,118,1801,74,12,1802,133,809],"class_list":{"0":"post-40362","1":"post","2":"type-post","3":"status-publish","4":"format-standard","5":"has-post-thumbnail","7":"category-allemagne","8":"tag-actualite","9":"tag-actualites","10":"tag-agression","11":"tag-allemagne","12":"tag-boite-de-nuit","13":"tag-bundesrepublik-deutschland","14":"tag-de","15":"tag-deutschland","16":"tag-eu","17":"tag-europe","18":"tag-faits-divers","19":"tag-germany","20":"tag-monde","21":"tag-news","22":"tag-republique-federale-dallemagne","23":"tag-video","24":"tag-violence"},"share_on_mastodon":{"url":"https:\/\/pubeurope.com\/@fr\/114373507443733489","error":""},"_links":{"self":[{"href":"https:\/\/www.europesays.com\/fr\/wp-json\/wp\/v2\/posts\/40362","targetHints":{"allow":["GET"]}}],"collection":[{"href":"https:\/\/www.europesays.com\/fr\/wp-json\/wp\/v2\/posts"}],"about":[{"href":"https:\/\/www.europesays.com\/fr\/wp-json\/wp\/v2\/types\/post"}],"author":[{"embeddable":true,"href":"https:\/\/www.europesays.com\/fr\/wp-json\/wp\/v2\/users\/2"}],"replies":[{"embeddable":true,"href":"https:\/\/www.europesays.com\/fr\/wp-json\/wp\/v2\/comments?post=40362"}],"version-history":[{"count":0,"href":"https:\/\/www.europesays.com\/fr\/wp-json\/wp\/v2\/posts\/40362\/revisions"}],"wp:featuredmedia":[{"embeddable":true,"href":"https:\/\/www.europesays.com\/fr\/wp-json\/wp\/v2\/media\/40363"}],"wp:attachment":[{"href":"https:\/\/www.europesays.com\/fr\/wp-json\/wp\/v2\/media?parent=40362"}],"wp:term":[{"taxonomy":"category","embeddable":true,"href":"https:\/\/www.europesays.com\/fr\/wp-json\/wp\/v2\/categories?post=40362"},{"taxonomy":"post_tag","embeddable":true,"href":"https:\/\/www.europesays.com\/fr\/wp-json\/wp\/v2\/tags?post=40362"}],"curies":[{"name":"wp","href":"https:\/\/api.w.org\/{rel}","templated":true}]}}