{"id":403627,"date":"2025-09-20T00:52:20","date_gmt":"2025-09-20T00:52:20","guid":{"rendered":"https:\/\/www.europesays.com\/fr\/403627\/"},"modified":"2025-09-20T00:52:20","modified_gmt":"2025-09-20T00:52:20","slug":"le-parlement-de-bretagne-recupere-six-grands-tableaux-a-rennes","status":"publish","type":"post","link":"https:\/\/www.europesays.com\/fr\/403627\/","title":{"rendered":"Le Parlement de Bretagne r\u00e9cup\u00e8re six grands tableaux \u00e0 Rennes"},"content":{"rendered":"<p>L\u2019immense tapisserie, repr\u00e9sentant la mort du conn\u00e9table du Guesclin, a \u00e9t\u00e9 \u00e9pargn\u00e9e par <a href=\"https:\/\/rennes.maville.com\/actu\/actudet_-il-y-a-30-ans-le-parlement-brulait-dans-la-nuit-de-rennes-notre-enquete-a-lire-voir-et-ecouter-_7-6152043_actu.Htm\" target=\"_blank\" rel=\"noopener\">l\u2019incendie de 1994 qui a ravag\u00e9 le Parlement de Bretagne<\/a> \u00e0 Rennes (Ille-et-Vilaine). Elle tr\u00f4ne toujours en majest\u00e9 \u00e0 l\u2019une des extr\u00e9mit\u00e9s de la Grand\u2019Chambre, la salle la plus charg\u00e9e en symboles et en d\u00e9coration.<\/p>\n<p>Tout aussi impressionnant est <a href=\"https:\/\/rennes.maville.com\/sortir\/infos_-rennes.-le-carton-du-mariage-d-anne-de-bretagne-devoile_52674-3320290_actu.Htm\" target=\"_blank\" rel=\"noopener\">le mariage d\u2019Anne de Bretagne au roi de France Charles VIII<\/a> qui lui fait face. Mais, diff\u00e9rence notoire\u00a0: cette \u0153uvre, qui a repris sa place au fond de la salle en 2017, n\u2019est pas une tapisserie mais un \u00ab\u00a0carton\u00a0\u00bb, autrement dit une peinture r\u00e9alis\u00e9e au XIXe\u00a0si\u00e8cle et qui a servi de mod\u00e8le pour la fabrication de la tapisserie.<\/p>\n<p>Cette derni\u00e8re, sauv\u00e9e de l\u2019incendie de 1994, n\u2019a pas surv\u00e9cu \u00e0 un deuxi\u00e8me sinistre qui a d\u00e9truit, trois ans plus tard, l\u2019atelier de r\u00e9gion parisienne, charg\u00e9 de sa restauration. Idem pour les six grands tableaux, de retour vendredi dans la Grand\u2019Chambre.<\/p>\n<p>Les tapisseries originales ont disparu dans les flammes en 1997. Apr\u00e8s enqu\u00eate, leurs \u00ab\u00a0cartons\u00a0\u00bb ont \u00e9t\u00e9 retrouv\u00e9s, roul\u00e9s ou pli\u00e9s, dans la cave de la pr\u00e9fecture, les r\u00e9serves du mus\u00e9e des Beaux-Arts ou les combles de la mairie de Rennes.<\/p>\n<p>L\u2019histoire en grande pompe<\/p>\n<p>Les six tableaux de cinq\u00a0m\u00e8tres de haut et d\u2019une largeur variable (entre 2, 50\u00a0m et 3\u00a0m) tr\u00f4nent sur les murs lat\u00e9raux de la Grand\u2019Chambre\u00a0: trois d\u2019un c\u00f4t\u00e9, trois de l\u2019autre. Peints au XIXe\u00a0si\u00e8cle, dans un style acad\u00e9mique, par \u00c9douard Toudouze et Auguste Gorguet, ils racontent l\u2019histoire de la Bretagne, en illustrant des sc\u00e8nes plus ou moins l\u00e9gendaires.<\/p>\n<p>Sur l\u2019un des \u00ab\u00a0cartons\u00a0\u00bb, qui s\u2019\u00e9l\u00e8vent jusqu\u2019au plafond de la salle, Jules C\u00e9sar et son arm\u00e9e combattent les V\u00e9n\u00e8tes en Bretagne. \u00c0 c\u00f4t\u00e9, Jeanne d\u2019Arc rencontre le comte de Richemont, duc de Bretagne.<\/p>\n<p>En face, le visiteur reconna\u00eet la barbe et le couvre-chef d\u2019Henri IV qui fait son entr\u00e9e dans Rennes\u2026 <strong>\u00ab\u00a0On dirait presque de la bande dessin\u00e9e, <\/strong>sourit Guillaume Kazerouni, responsable des collections d\u2019art ancien au mus\u00e9e des Beaux-Arts de Rennes. <strong>L\u2019histoire est relat\u00e9e en grande pompe, en prenant quelques libert\u00e9s, afin de la rendre accessible au plus grand nombre.\u00a0\u00bb<\/strong><\/p>\n<p>Les six \u00ab\u00a0cartons\u00a0\u00bb, sauv\u00e9s de l\u2019oubli, ont d\u00fb \u00eatre restaur\u00e9s avant de pouvoir \u00eatre expos\u00e9s. Le financement (environ 20\u00a0000\u00a0\u20ac pour chacun) a \u00e9t\u00e9 possible gr\u00e2ce \u00e0 la mobilisation de m\u00e9c\u00e8nes.<\/p>\n<p>Mais, pourquoi ne pas avoir r\u00e9alis\u00e9 de nouvelles tapisseries \u00e0 partir de ces mod\u00e8les\u00a0? <strong>\u00ab\u00a0Ce n\u2019\u00e9tait pas int\u00e9ressant, <\/strong>estime Guillaume Kazerouni. <strong>Au lieu de r\u00e9aliser des copies contemporaines de vieilles \u0153uvres qui n\u2019existent plus, mieux vaut profiter de ces magnifiques cartons originaux\u00a0!\u00a0\u00bb<\/strong><\/p>\n<p><strong>Ces samedi et dimanche, <\/strong>de 9\u00a0h\u00a030 \u00e0 12\u00a0h\u00a030 et de 13\u00a0h\u00a030 \u00e0 18\u00a0h, visites gratuites du Parlement de Bretagne, dans le cadre des Journ\u00e9es europ\u00e9ennes du patrimoine.<\/p>\n<p>\u00a0<\/p>\n","protected":false},"excerpt":{"rendered":"L\u2019immense tapisserie, repr\u00e9sentant la mort du conn\u00e9table du Guesclin, a \u00e9t\u00e9 \u00e9pargn\u00e9e par l\u2019incendie de 1994 qui a&hellip;\n","protected":false},"author":2,"featured_media":403628,"comment_status":"","ping_status":"","sticky":false,"template":"","format":"standard","meta":{"footnotes":""},"categories":[2821],"tags":[1111,11,829,1777,674,1011,27,4058,12,1050,11230,584,25,11542],"class_list":{"0":"post-403627","1":"post","2":"type-post","3":"status-publish","4":"format-standard","5":"has-post-thumbnail","7":"category-rennes","8":"tag-actu","9":"tag-actualites","10":"tag-bretagne","11":"tag-eu","12":"tag-europe","13":"tag-fr","14":"tag-france","15":"tag-grands","16":"tag-news","17":"tag-parlement","18":"tag-recupere","19":"tag-rennes","20":"tag-republique-francaise","21":"tag-tableaux"},"share_on_mastodon":{"url":"https:\/\/pubeurope.com\/@fr\/115233891541081123","error":""},"_links":{"self":[{"href":"https:\/\/www.europesays.com\/fr\/wp-json\/wp\/v2\/posts\/403627","targetHints":{"allow":["GET"]}}],"collection":[{"href":"https:\/\/www.europesays.com\/fr\/wp-json\/wp\/v2\/posts"}],"about":[{"href":"https:\/\/www.europesays.com\/fr\/wp-json\/wp\/v2\/types\/post"}],"author":[{"embeddable":true,"href":"https:\/\/www.europesays.com\/fr\/wp-json\/wp\/v2\/users\/2"}],"replies":[{"embeddable":true,"href":"https:\/\/www.europesays.com\/fr\/wp-json\/wp\/v2\/comments?post=403627"}],"version-history":[{"count":0,"href":"https:\/\/www.europesays.com\/fr\/wp-json\/wp\/v2\/posts\/403627\/revisions"}],"wp:featuredmedia":[{"embeddable":true,"href":"https:\/\/www.europesays.com\/fr\/wp-json\/wp\/v2\/media\/403628"}],"wp:attachment":[{"href":"https:\/\/www.europesays.com\/fr\/wp-json\/wp\/v2\/media?parent=403627"}],"wp:term":[{"taxonomy":"category","embeddable":true,"href":"https:\/\/www.europesays.com\/fr\/wp-json\/wp\/v2\/categories?post=403627"},{"taxonomy":"post_tag","embeddable":true,"href":"https:\/\/www.europesays.com\/fr\/wp-json\/wp\/v2\/tags?post=403627"}],"curies":[{"name":"wp","href":"https:\/\/api.w.org\/{rel}","templated":true}]}}