{"id":403636,"date":"2025-09-20T00:57:20","date_gmt":"2025-09-20T00:57:20","guid":{"rendered":"https:\/\/www.europesays.com\/fr\/403636\/"},"modified":"2025-09-20T00:57:20","modified_gmt":"2025-09-20T00:57:20","slug":"running-ronan-huguet-vers-une-quatrieme-victoire-sur-les-foulees-du-pont-sport","status":"publish","type":"post","link":"https:\/\/www.europesays.com\/fr\/403636\/","title":{"rendered":"Running. Ronan Huguet vers une quatri\u00e8me victoire\u00a0sur les Foul\u00e9es du pont\u00a0? . Sport"},"content":{"rendered":"<p>Rendez-vous incontournable des amateurs de courses \u00e0 pied, depuis sa cr\u00e9ation en 2017, les Foul\u00e9es du pont, organis\u00e9es par le D\u00e9partement de Loire-Atlantique et la ville de Saint-Br\u00e9vin-les-Pins, sont de retour ce dimanche 21\u00a0septembre 2025.<\/p>\n<p>\u00a0C\u2019est l\u2019une des courses les plus populaires du d\u00e9partement et ouverte \u00e0 tous,assure Vincent Maudet, grand coordinateur de ce rendez-vous. Pour preuve, un tiers des participants sont licenci\u00e9s\u2026 Courir sur le pont de Saint-Nazaire reste exceptionnel. M\u00eame si la course peut para\u00eetre difficile, avec une pente \u00e0 gravir avoisinant les 6\u00a0% pour atteindre le tablier.\u00a0<\/p>\n<p>Lire aussi\u00a0: <a href=\"https:\/\/saint-nazaire.maville.com\/sport\/detail_-il-va-courir-sur-le-pont-de-saint-nazaire...-comme-un-jour-de-boulot-_8-6979433_actu.Htm\" target=\"_blank\" rel=\"noopener\">Il va courir sur le pont de Saint-Nazaire\u2026 comme un jour de boulot<\/a><\/p>\n<p>Pour cette huiti\u00e8me \u00e9dition, l\u2019AC Littoral 44, en charge de la logistique, n\u2019a pas chang\u00e9 une formule qui \u00ab\u00a0coure\u00a0\u00bb. En effet, le 5\u00a0km, pour lequel des places sont encore disponibles (les 500\u00a0dossards devraient \u00eatre atteints), s\u2019\u00e9lancera \u00e0 9\u00a0h\u00a030, quand le 10\u00a0km, qui lui affiche complet depuis quinze jours (2\u00a0001\u00a0inscrits), d\u00e9butera \u00e0 10\u00a0h\u00a015. Les plus jeunes auront aussi leur parcours, avec 250 inscrits au d\u00e9part des trois \u00e9preuves pour les 7-13 ans.<\/p>\n<p>\u00c9milie Duffy sans concurrence\u00a0?<\/p>\n<p>Si la formule ne change pas, l\u2019\u00e9v\u00e9nement a quand m\u00eame gagn\u00e9 en qualit\u00e9, avec l\u2019installation cette ann\u00e9e d\u2019un \u00e9cran g\u00e9ant sur la ligne d\u2019arriv\u00e9e. Il permettra au plus grand nombre de suivre les d\u00e9bats.<\/p>\n<p>D\u2019un point de vue sportif, en revanche, on pourrait bien voir des t\u00eates connues jouer les premiers r\u00f4les. Ronan Huguet (ESO 44), <a href=\"https:\/\/nantes.maville.com\/sport\/detail_-running.-la-passe-de-trois-pour-ronan-huguet-sur-les-foulees-nazairiennes-_52719-6517777_actu.Htm\" target=\"_blank\" rel=\"noopener\">d\u00e9j\u00e0 vainqueur \u00e0 trois reprises sur le 10\u00a0km<\/a>, est le favori logique pour atteindre la barre des 50\u00a0% de succ\u00e8s sur l\u2019\u00e9preuve. Il devra tout de m\u00eame se m\u00e9fier de son partenaire de club, L\u00e9o Bizeul, ainsi que l\u2019inusable David Bernier (Slac, 32\u00a0ans). Chez les femmes, les lauriers devraient revenir \u00e0 \u00c9milie Dauffy. La licenci\u00e9e du Saint-Nazaire OS reste sur un succ\u00e8s, le 13\u00a0septembre dernier, au trail Tour de Bri\u00e8re.<\/p>\n<p><strong>Lire aussi\u00a0:<\/strong> <a href=\"https:\/\/nantes.maville.com\/sport\/detail_-en-moins-de-24-h-le-semi-marathon-de-nantes-affiche-deja-complet-_52716-6977835_actu.Htm\" target=\"_blank\" rel=\"noopener\">En moins de 24 h, le semi-marathon de Nantes affiche d\u00e9j\u00e0 complet\u00a0!<\/a><\/p>\n<p>Sur le 5\u00a0km, en revanche, l\u2019issue devrait \u00eatre plus incertaine. Beno\u00eet Tasset (ESCO 44), Pierre Riou (Stade nantais) et Maxence Cahoreau (Nantes EC) vont s\u00fbrement se livrer une belle explication. Quand Charline Quercy et Lola Gautier, les deux partenaires du PGAC, livreront bataille avec Morgane Bouec (ESCO 44), pour couper la ligne en premi\u00e8re.<\/p>\n<p>Le programme des Foul\u00e9es du pont, dimanche<\/p>\n<p><strong>9\u00a0h\u00a030\u00a0:<\/strong> d\u00e9part du 5\u00a0km, place Bougainville, \u00e0 Saint-Br\u00e9vin&#8211;Pins.<\/p>\n<p><strong>10\u00a0h\u00a015\u00a0:<\/strong> d\u00e9part du 10\u00a0km.<\/p>\n<p><strong>10\u00a0h\u00a0:<\/strong> Galopades des foul\u00e9es (800\u00a0m, 1, 6\u00a0km, 2, 4\u00a0km).<\/p>\n<p>\u00a0<\/p>\n","protected":false},"excerpt":{"rendered":"Rendez-vous incontournable des amateurs de courses \u00e0 pied, depuis sa cr\u00e9ation en 2017, les Foul\u00e9es du pont, organis\u00e9es&hellip;\n","protected":false},"author":2,"featured_media":403637,"comment_status":"","ping_status":"","sticky":false,"template":"","format":"standard","meta":{"footnotes":""},"categories":[2818],"tags":[1111,11,3809,1465,1777,674,63,1011,27,1792,1922,766,12,2636,25,479,517,1470],"class_list":{"0":"post-403636","1":"post","2":"type-post","3":"status-publish","4":"format-standard","5":"has-post-thumbnail","7":"category-nantes","8":"tag-actu","9":"tag-actualites","10":"tag-ball","11":"tag-basket","12":"tag-eu","13":"tag-europe","14":"tag-football","15":"tag-fr","16":"tag-france","17":"tag-handball","18":"tag-info","19":"tag-nantes","20":"tag-news","21":"tag-pays-de-la-loire","22":"tag-republique-francaise","23":"tag-rugby","24":"tag-sport","25":"tag-volley"},"share_on_mastodon":{"url":"https:\/\/pubeurope.com\/@fr\/115233911072525382","error":""},"_links":{"self":[{"href":"https:\/\/www.europesays.com\/fr\/wp-json\/wp\/v2\/posts\/403636","targetHints":{"allow":["GET"]}}],"collection":[{"href":"https:\/\/www.europesays.com\/fr\/wp-json\/wp\/v2\/posts"}],"about":[{"href":"https:\/\/www.europesays.com\/fr\/wp-json\/wp\/v2\/types\/post"}],"author":[{"embeddable":true,"href":"https:\/\/www.europesays.com\/fr\/wp-json\/wp\/v2\/users\/2"}],"replies":[{"embeddable":true,"href":"https:\/\/www.europesays.com\/fr\/wp-json\/wp\/v2\/comments?post=403636"}],"version-history":[{"count":0,"href":"https:\/\/www.europesays.com\/fr\/wp-json\/wp\/v2\/posts\/403636\/revisions"}],"wp:featuredmedia":[{"embeddable":true,"href":"https:\/\/www.europesays.com\/fr\/wp-json\/wp\/v2\/media\/403637"}],"wp:attachment":[{"href":"https:\/\/www.europesays.com\/fr\/wp-json\/wp\/v2\/media?parent=403636"}],"wp:term":[{"taxonomy":"category","embeddable":true,"href":"https:\/\/www.europesays.com\/fr\/wp-json\/wp\/v2\/categories?post=403636"},{"taxonomy":"post_tag","embeddable":true,"href":"https:\/\/www.europesays.com\/fr\/wp-json\/wp\/v2\/tags?post=403636"}],"curies":[{"name":"wp","href":"https:\/\/api.w.org\/{rel}","templated":true}]}}