{"id":40364,"date":"2025-04-21T02:06:21","date_gmt":"2025-04-21T02:06:21","guid":{"rendered":"https:\/\/www.europesays.com\/fr\/40364\/"},"modified":"2025-04-21T02:06:21","modified_gmt":"2025-04-21T02:06:21","slug":"liana-gyurjyan-armenie-vice-championne-deurope-dhalterophilie-des-87-kg-a-chisnau-moldavie-larmenie-gagne-1-medaille-dor-5-dargent-et-2-de-bronze-nouvelle","status":"publish","type":"post","link":"https:\/\/www.europesays.com\/fr\/40364\/","title":{"rendered":"Liana Gyurjyan (Arm\u00e9nie), vice-championne d&rsquo;Europe d\u2019halt\u00e9rophilie des 87 kg \u00e0 Chisnau (Moldavie). L\u2019Arm\u00e9nie gagne 1 m\u00e9daille d\u2019or, 5 d\u2019argent et 2 de bronze &#8211; Nouvelles d&rsquo;Arm\u00e9nie en Ligne"},"content":{"rendered":"<p>Liana Gyurjyan a remport\u00e9 la 6e m\u00e9daille d\u2019argent de l\u2019Arm\u00e9nie aux Championnats d\u2019Europe d\u2019halt\u00e9rophilie \u00e0 Chisinau, la capitale de la Moldavie.<\/p>\n<p>Dans la comp\u00e9tition f\u00e9minine des 87 kg, Liana Gyurjyan a remport\u00e9 le titre de vice-championne d\u2019Europe avec un r\u00e9sultat total soulev\u00e9 de 246 kg.<\/p>\n<p><img loading=\"lazy\" decoding=\"async\" class=\"alignnone size-full wp-image-277772\" src=\"https:\/\/www.europesays.com\/fr\/wp-content\/uploads\/2025\/04\/557D.jpg\" alt=\"\" width=\"1580\" height=\"1080\"\/><\/p>\n<p>Tatev Hakobyan, le deuxi\u00e8me repr\u00e9sentant de l\u2019Arm\u00e9nie dans cette cat\u00e9gorie de poids, est 4\u00e8me avec un r\u00e9sultat total de 232 kg.<\/p>\n<p><img loading=\"lazy\" decoding=\"async\" class=\"alignnone size-full wp-image-277771\" src=\"https:\/\/www.europesays.com\/fr\/wp-content\/uploads\/2025\/04\/557C-1.jpg\" alt=\"\" width=\"1596\" height=\"1080\"\/><\/p>\n<p>Liana Gyurjyan a r\u00e9ussi avec succ\u00e8s les 3 approches \u00e0 l\u2019arrach\u00e9 : 100 kg, 104 kg et 106 kg. Elle est 4\u00e8me dans cet exercice. Tatev Hakobyan a \u00e9galement r\u00e9ussi d\u00e8s les premiers essais et a soulev\u00e9 102 kg, 106 kg et 110 kg. Tatev Hakobyan a remport\u00e9 une petite m\u00e9daille d\u2019argent lors de cet exercice.<\/p>\n<p><img loading=\"lazy\" decoding=\"async\" class=\"alignnone size-full wp-image-277769\" src=\"https:\/\/www.europesays.com\/fr\/wp-content\/uploads\/2025\/04\/557A.jpg\" alt=\"\" width=\"1596\" height=\"1080\"\/><\/p>\n<p>\u00c0 l\u2019\u00e9paul\u00e9-jet\u00e9, Liana Gyurjyan a soulev\u00e9 126 kg, puis 135 kg et 140 kg. Dans cet exercice, elle a remport\u00e9 une petite m\u00e9daille d\u2019argent.<\/p>\n<p><img loading=\"lazy\" decoding=\"async\" class=\"alignnone size-full wp-image-277770\" src=\"https:\/\/www.europesays.com\/fr\/wp-content\/uploads\/2025\/04\/557B-1.jpg\" alt=\"\" width=\"1576\" height=\"1080\"\/><\/p>\n<p>Tatev Hakobyan a soulev\u00e9 122 kg dans le premier essai, mais les arbitres ne l\u2019ont pas compt\u00e9. Elle a soulev\u00e9 122 kg dans le deuxi\u00e8me essai. Pour le troisi\u00e8me, l\u2019entra\u00eeneur Artashes Nersisyan a ordonn\u00e9 130 kg, que Tatev Hakobyan a soulev\u00e9, mais cette fois les arbitres ne l\u2019ont pas compt\u00e9 non plus. Elle prit la 9\u00e8me place dans cet exercice.<\/p>\n<p><img loading=\"lazy\" decoding=\"async\" class=\"alignnone size-full wp-image-277768\" src=\"https:\/\/www.europesays.com\/fr\/wp-content\/uploads\/2025\/04\/557-1.jpg\" alt=\"\" width=\"1576\" height=\"1080\"\/><\/p>\n<p>Le titre a \u00e9t\u00e9 remport\u00e9 par la Norv\u00e9gienne Solfrid Coanda, qui a soulev\u00e9 267 kg (122+145) au total des deux mouvements.<\/p>\n<p><img loading=\"lazy\" decoding=\"async\" class=\"alignnone size-full wp-image-277765\" src=\"https:\/\/www.europesays.com\/fr\/wp-content\/uploads\/2025\/04\/158045.jpg\" alt=\"\" width=\"700\" height=\"474\"\/><\/p>\n<p>Aux Championnats d\u2019Europe, l\u2019\u00e9quipe d\u2019Arm\u00e9nie a d\u00e9j\u00e0 remport\u00e9 8 m\u00e9dailles : 1 d\u2019or, 5 d\u2019argent et 2 de bronze.<\/p>\n<p>Le m\u00e9daill\u00e9 d\u2019or est Garik Karapetyan (411 kg, 185 + 226), les m\u00e9dailles d\u2019argent ont \u00e9t\u00e9 remport\u00e9es par Alexandra Grigoryan (202, 85+117), Gor Sahakyan (338, 153+185), Rafik Harutyunyan (343 kg, 158+185), Anna Amroyan (231 kg, 100+131) et Simon Martirosyan. (406kg, 180+225).<\/p>\n<p>Les m\u00e9daill\u00e9s de bronze furent remport\u00e9es par Garnik Cholakyan (275 kg, 124+151) et Davit Hovhannisyan (376 kg, 173+203).<\/p>\n<p>\u00a0<\/p>\n<p>Krikor Amirzayan<\/p>\n<p>\u00a0<\/p>\n","protected":false},"excerpt":{"rendered":"Liana Gyurjyan a remport\u00e9 la 6e m\u00e9daille d\u2019argent de l\u2019Arm\u00e9nie aux Championnats d\u2019Europe d\u2019halt\u00e9rophilie \u00e0 Chisinau, la capitale&hellip;\n","protected":false},"author":2,"featured_media":40365,"comment_status":"","ping_status":"","sticky":false,"template":"","format":"standard","meta":{"footnotes":""},"categories":[1586],"tags":[11,5950,1777,674,1011,27,12448,12,25],"class_list":{"0":"post-40364","1":"post","2":"type-post","3":"status-publish","4":"format-standard","5":"has-post-thumbnail","7":"category-europe","8":"tag-actualites","9":"tag-armenie","10":"tag-eu","11":"tag-europe","12":"tag-fr","13":"tag-france","14":"tag-halterophilie","15":"tag-news","16":"tag-republique-francaise"},"share_on_mastodon":{"url":"https:\/\/pubeurope.com\/@fr\/114373511406282297","error":""},"_links":{"self":[{"href":"https:\/\/www.europesays.com\/fr\/wp-json\/wp\/v2\/posts\/40364","targetHints":{"allow":["GET"]}}],"collection":[{"href":"https:\/\/www.europesays.com\/fr\/wp-json\/wp\/v2\/posts"}],"about":[{"href":"https:\/\/www.europesays.com\/fr\/wp-json\/wp\/v2\/types\/post"}],"author":[{"embeddable":true,"href":"https:\/\/www.europesays.com\/fr\/wp-json\/wp\/v2\/users\/2"}],"replies":[{"embeddable":true,"href":"https:\/\/www.europesays.com\/fr\/wp-json\/wp\/v2\/comments?post=40364"}],"version-history":[{"count":0,"href":"https:\/\/www.europesays.com\/fr\/wp-json\/wp\/v2\/posts\/40364\/revisions"}],"wp:featuredmedia":[{"embeddable":true,"href":"https:\/\/www.europesays.com\/fr\/wp-json\/wp\/v2\/media\/40365"}],"wp:attachment":[{"href":"https:\/\/www.europesays.com\/fr\/wp-json\/wp\/v2\/media?parent=40364"}],"wp:term":[{"taxonomy":"category","embeddable":true,"href":"https:\/\/www.europesays.com\/fr\/wp-json\/wp\/v2\/categories?post=40364"},{"taxonomy":"post_tag","embeddable":true,"href":"https:\/\/www.europesays.com\/fr\/wp-json\/wp\/v2\/tags?post=40364"}],"curies":[{"name":"wp","href":"https:\/\/api.w.org\/{rel}","templated":true}]}}