{"id":403655,"date":"2025-09-20T01:10:11","date_gmt":"2025-09-20T01:10:11","guid":{"rendered":"https:\/\/www.europesays.com\/fr\/403655\/"},"modified":"2025-09-20T01:10:11","modified_gmt":"2025-09-20T01:10:11","slug":"mazzetta-heureux-daffronter-lyon-a-nouveau-dans-cette-competition-video","status":"publish","type":"post","link":"https:\/\/www.europesays.com\/fr\/403655\/","title":{"rendered":"Mazzetta : \u00ab\u00a0Heureux d&rsquo;affronter Lyon \u00e0 nouveau dans cette comp\u00e9tition\u00a0\u00bb vid\u00e9o"},"content":{"rendered":"<p>\n                                            Massimiliano Mazzetta, directeur adjoint de la Juventus, \u00e9tait pr\u00e9sent ce vendredi au tirage au sort de la Ligue des champions f\u00e9minine. Dans ce nouveau format, la Vieille Dame retrouvera Lyon en phase r\u00e9guli\u00e8re. Pas une premi\u00e8re, puisque les deux \u00e9quipes ont d\u00e9j\u00e0 livr\u00e9 des combats souvent tr\u00e8s disput\u00e9s par le pass\u00e9, dans la plus prestigieuse des comp\u00e9titions du football de clubs.\n                                    <\/p>\n<p>Vid\u00e9o suivante dans 5 secondes<\/p>\n","protected":false},"excerpt":{"rendered":"Massimiliano Mazzetta, directeur adjoint de la Juventus, \u00e9tait pr\u00e9sent ce vendredi au tirage au sort de la Ligue&hellip;\n","protected":false},"author":2,"featured_media":403656,"comment_status":"","ping_status":"","sticky":false,"template":"","format":"standard","meta":{"footnotes":""},"categories":[1889],"tags":[1111,11,2430,1777,674,63,1011,27,23456,53512,2428,12,40658,53511,36065,25,52873,53510],"class_list":{"0":"post-403655","1":"post","2":"type-post","3":"status-publish","4":"format-standard","5":"has-post-thumbnail","7":"category-lyon","8":"tag-actu","9":"tag-actualites","10":"tag-auvergne-rhone-alpes","11":"tag-eu","12":"tag-europe","13":"tag-football","14":"tag-fr","15":"tag-france","16":"tag-french","17":"tag-juventus-women","18":"tag-lyon","19":"tag-news","20":"tag-news-football","21":"tag-olympique-lyon-women","22":"tag-preview","23":"tag-republique-francaise","24":"tag-uefa-champions-league-europe","25":"tag-uefa-womens-champions-league"},"share_on_mastodon":{"url":"https:\/\/pubeurope.com\/@fr\/115233962233776842","error":""},"_links":{"self":[{"href":"https:\/\/www.europesays.com\/fr\/wp-json\/wp\/v2\/posts\/403655","targetHints":{"allow":["GET"]}}],"collection":[{"href":"https:\/\/www.europesays.com\/fr\/wp-json\/wp\/v2\/posts"}],"about":[{"href":"https:\/\/www.europesays.com\/fr\/wp-json\/wp\/v2\/types\/post"}],"author":[{"embeddable":true,"href":"https:\/\/www.europesays.com\/fr\/wp-json\/wp\/v2\/users\/2"}],"replies":[{"embeddable":true,"href":"https:\/\/www.europesays.com\/fr\/wp-json\/wp\/v2\/comments?post=403655"}],"version-history":[{"count":0,"href":"https:\/\/www.europesays.com\/fr\/wp-json\/wp\/v2\/posts\/403655\/revisions"}],"wp:featuredmedia":[{"embeddable":true,"href":"https:\/\/www.europesays.com\/fr\/wp-json\/wp\/v2\/media\/403656"}],"wp:attachment":[{"href":"https:\/\/www.europesays.com\/fr\/wp-json\/wp\/v2\/media?parent=403655"}],"wp:term":[{"taxonomy":"category","embeddable":true,"href":"https:\/\/www.europesays.com\/fr\/wp-json\/wp\/v2\/categories?post=403655"},{"taxonomy":"post_tag","embeddable":true,"href":"https:\/\/www.europesays.com\/fr\/wp-json\/wp\/v2\/tags?post=403655"}],"curies":[{"name":"wp","href":"https:\/\/api.w.org\/{rel}","templated":true}]}}