{"id":403661,"date":"2025-09-20T01:14:12","date_gmt":"2025-09-20T01:14:12","guid":{"rendered":"https:\/\/www.europesays.com\/fr\/403661\/"},"modified":"2025-09-20T01:14:12","modified_gmt":"2025-09-20T01:14:12","slug":"les-images-des-tours-de-notre-dame-de-paris-rouvertes-au-public-apres-cinq-ans-de-restauration","status":"publish","type":"post","link":"https:\/\/www.europesays.com\/fr\/403661\/","title":{"rendered":"Les images des tours de Notre-Dame de Paris, rouvertes au public, apr\u00e8s cinq ans de restauration"},"content":{"rendered":"<p class=\"mb-4 text-lg md:leading-8 break-words\">NOTRE-DAME &#8211; L\u2019une des plus belles vues de Paris. Apr\u00e8s cinq ans de fermeture et de travaux de restauration, <a href=\"https:\/\/fr.news.yahoo.com\/dame-paris-date-r%C3%A9ouverture-prix-170920527.html\" data-ylk=\"slk:les tours de Notre-Dame;elm:context_link;itc:0;sec:content-canvas;outcm:mb_qualified_link;_E:mb_qualified_link;ct:story;\" class=\"link  yahoo-link\" target=\"_blank\" rel=\"noopener\">les tours de Notre-Dame<\/a> r\u00e9ouvriront leurs portes au public samedi 20\u00a0septembre \u00e0 l\u2019occasion des Journ\u00e9es du patrimoine. Avant \u00e7a, elles ont \u00e9t\u00e9 inaugur\u00e9es par le pr\u00e9sident <a href=\"https:\/\/fr.news.yahoo.com\/r%C3%A9ouverture-dame-paris-pari-r%C3%A9ussi-053017405.html\" data-ylk=\"slk:Emmanuel Macron;elm:context_link;itc:0;sec:content-canvas;outcm:mb_qualified_link;_E:mb_qualified_link;ct:story;\" class=\"link  yahoo-link\" target=\"_blank\" rel=\"noopener\">Emmanuel Macron<\/a> ce vendredi <strong>comme vous pouvez le voir dans la vid\u00e9o en t\u00eate d\u2019article<\/strong>.<\/p>\n<p class=\"mb-4 text-lg md:leading-8 break-words\">Suspendu apr\u00e8s l\u2019incendie du 15\u00a0avril\u00a02019, le parcours de la visite des tours a \u00e9t\u00e9 totalement r\u00e9organis\u00e9 et repens\u00e9 pour en faire \u00ab\u00a0une exp\u00e9rience inspirante\u00a0\u00bb, selon Marie Lavandier, pr\u00e9sidente du Centre des monuments nationaux (CMN).<\/p>\n<p class=\"mb-4 text-lg md:leading-8 break-words\"><a href=\"https:\/\/fr.news.yahoo.com\/cath%C3%A9drale-dame-paris-route-battre-065136407.html\" data-ylk=\"slk:La cath\u00e9drale Notre-Dame de Paris en route pour battre son record de fr\u00e9quentation;elm:context_link;itc:0;sec:content-canvas;outcm:mb_qualified_link;_E:mb_qualified_link;ct:story;\" class=\"link  yahoo-link\" target=\"_blank\" rel=\"noopener\"> La cath\u00e9drale Notre-Dame de Paris en route pour battre son record de fr\u00e9quentation <\/a><\/p>\n<p class=\"mb-4 text-lg md:leading-8 break-words\">En amont de la r\u00e9ouverture, certains m\u00e9dias, notamment BFMTV et RMC ou encore <a href=\"https:\/\/www.la-croix.com\/culture\/notre-dame-de-paris-immersion-dans-les-tours-au-cour-de-la-cathedrale-de-bois-20250918\" rel=\"nofollow noopener\" target=\"_blank\" data-ylk=\"slk:La Croix;elm:context_link;itc:0;sec:content-canvas\" class=\"link \">La Croix<\/a>, ont eu acc\u00e8s aux entrailles des tours. Comme on le voit sur les images capt\u00e9es par ces m\u00e9dias, le circuit, de 45 minutes environ, d\u00e9bute par la tour sud avec une mont\u00e9e dans le beffroi, auparavant invisible, gr\u00e2ce \u00e0 la construction d\u2019un grand escalier en ch\u00eane massif. Compos\u00e9 de 424\u00a0marches, celui a la particularit\u00e9 de permettre aux visiteurs de monter et descendre sans se croiser.<\/p>\n<p class=\"mb-4 text-lg md:leading-8 break-words\">Le visiteur acc\u00e8de ensuite aux terrasses qui culminent \u00e0 69 m\u00e8tres, puis d\u00e9couvre les deux principales cloches de la cath\u00e9drale, de 13\u00a0tonnes, suspendues \u00e0 60\u00a0m\u00e8tres au-dessus du sol.<\/p>\n<p class=\"mb-4 text-lg md:leading-8 break-words\">Le parcours passe ensuite par la Cour des citernes, qui s\u00e9pare les deux tours et permet de jeter un \u0153il \u00e0 la \u00ab\u00a0for\u00eat\u00a0\u00bb, la charpente reconstruite apr\u00e8s avoir \u00e9t\u00e9 d\u00e9vast\u00e9e par les flammes. La descente se fait par la tour nord.<\/p>\n<p>552\u00a0millions d\u2019euros<\/p>\n<p class=\"mb-4 text-lg md:leading-8 break-words\">Les tours reviennent apr\u00e8s cinq ann\u00e9es de travaux. La priorit\u00e9 a \u00e9t\u00e9 la tour nord puisque les flammes avaient commenc\u00e9 \u00e0 attaquer son beffroi. \u00ab\u00a0Les pompiers ont \u00e9t\u00e9 h\u00e9ro\u00efques pour le sauver\u00a0\u00bb, rappelle Philippe Jost, pr\u00e9sident de l\u2019\u00e9tablissement charg\u00e9 de la restauration de la cath\u00e9drale. Il a donc fallu remplacer les poutres calcin\u00e9es et d\u00e9crocher les huit cloches pour les inspecter dans une fonderie de la Manche. Avec un exploit technique \u00e0 la cl\u00e9\u00a0: le soul\u00e8vement par v\u00e9rin des 150 tonnes du beffroi.<\/p>\n<p class=\"mb-4 text-lg md:leading-8 break-words\">\u00c9pargn\u00e9e par l\u2019incendie, la tour sud a \u00e9t\u00e9 restaur\u00e9e car des poutres \u00e9taient vermoulues. La couverture en plomb du toit a \u00e9t\u00e9 chang\u00e9e.<\/p>\n<p class=\"mb-4 text-lg md:leading-8 break-words\">Des \u00e9quipements importants ont \u00e9t\u00e9 install\u00e9s pour faciliter les visites et renforcer la s\u00e9curit\u00e9, notamment contre les incendies.<\/p>\n<p class=\"mb-4 text-lg md:leading-8 break-words\">Les travaux des tours ont \u00e9t\u00e9 financ\u00e9s dans le cadre de la phase 2 du chantier, celle de la restauration, d\u2019un montant de 552\u00a0millions d\u2019euros selon la Cour des comptes.<\/p>\n<p class=\"mb-4 text-lg md:leading-8 break-words\"><a href=\"https:\/\/fr.news.yahoo.com\/dame-paris-r%C3%A9ouverture-cinq-documentaires-130008199.html\" data-ylk=\"slk:Notre-Dame de Paris, la r\u00e9ouverture\u00a0: cinq documentaires et films sur l\u2019incendie et la restauration;elm:context_link;itc:0;sec:content-canvas;outcm:mb_qualified_link;_E:mb_qualified_link;ct:story;\" class=\"link  yahoo-link\" target=\"_blank\" rel=\"noopener\"> Notre-Dame de Paris, la r\u00e9ouverture\u00a0: cinq documentaires et films sur l\u2019incendie et la restauration <\/a><\/p>\n<p class=\"mb-4 text-lg md:leading-8 break-words\"><a href=\"https:\/\/fr.news.yahoo.com\/co%C3%BBt-reconstruction-dame-paris-pay%C3%A9-065003148.html\" data-ylk=\"slk:Co\u00fbt de la reconstruction de Notre-Dame de Paris\u00a0: qui a pay\u00e9 pour aider \u00e0 reb\u00e2tir la cath\u00e9drale\u00a0?;elm:context_link;itc:0;sec:content-canvas;outcm:mb_qualified_link;_E:mb_qualified_link;ct:story;\" class=\"link  yahoo-link\" target=\"_blank\" rel=\"noopener\"> Co\u00fbt de la reconstruction de Notre-Dame de Paris\u00a0: qui a pay\u00e9 pour aider \u00e0 reb\u00e2tir la cath\u00e9drale\u00a0? <\/a><\/p>\n","protected":false},"excerpt":{"rendered":"NOTRE-DAME &#8211; L\u2019une des plus belles vues de Paris. Apr\u00e8s cinq ans de fermeture et de travaux de&hellip;\n","protected":false},"author":2,"featured_media":403662,"comment_status":"","ping_status":"","sticky":false,"template":"","format":"standard","meta":{"footnotes":""},"categories":[1888],"tags":[1111,1928,11,1927,53400,1777,674,1011,27,48159,53513,12,1926,626,1925,25,1390],"class_list":{"0":"post-403661","1":"post","2":"type-post","3":"status-publish","4":"format-standard","5":"has-post-thumbnail","7":"category-paris","8":"tag-actu","9":"tag-actu-paris","10":"tag-actualites","11":"tag-actualites-paris","12":"tag-centre-des-monuments-nationaux","13":"tag-eu","14":"tag-europe","15":"tag-fr","16":"tag-france","17":"tag-journees-du-patrimoine","18":"tag-marie-lavandier","19":"tag-news","20":"tag-news-paris","21":"tag-paris","22":"tag-paris-news","23":"tag-republique-francaise","24":"tag-tours"},"share_on_mastodon":{"url":"https:\/\/pubeurope.com\/@fr\/115233977984634757","error":""},"_links":{"self":[{"href":"https:\/\/www.europesays.com\/fr\/wp-json\/wp\/v2\/posts\/403661","targetHints":{"allow":["GET"]}}],"collection":[{"href":"https:\/\/www.europesays.com\/fr\/wp-json\/wp\/v2\/posts"}],"about":[{"href":"https:\/\/www.europesays.com\/fr\/wp-json\/wp\/v2\/types\/post"}],"author":[{"embeddable":true,"href":"https:\/\/www.europesays.com\/fr\/wp-json\/wp\/v2\/users\/2"}],"replies":[{"embeddable":true,"href":"https:\/\/www.europesays.com\/fr\/wp-json\/wp\/v2\/comments?post=403661"}],"version-history":[{"count":0,"href":"https:\/\/www.europesays.com\/fr\/wp-json\/wp\/v2\/posts\/403661\/revisions"}],"wp:featuredmedia":[{"embeddable":true,"href":"https:\/\/www.europesays.com\/fr\/wp-json\/wp\/v2\/media\/403662"}],"wp:attachment":[{"href":"https:\/\/www.europesays.com\/fr\/wp-json\/wp\/v2\/media?parent=403661"}],"wp:term":[{"taxonomy":"category","embeddable":true,"href":"https:\/\/www.europesays.com\/fr\/wp-json\/wp\/v2\/categories?post=403661"},{"taxonomy":"post_tag","embeddable":true,"href":"https:\/\/www.europesays.com\/fr\/wp-json\/wp\/v2\/tags?post=403661"}],"curies":[{"name":"wp","href":"https:\/\/api.w.org\/{rel}","templated":true}]}}